{"id":22361,"date":"2025-01-31T20:57:49","date_gmt":"2025-01-31T23:57:49","guid":{"rendered":"https:\/\/guialimeira.com.br\/2025\/01\/31\/gas-natural-fica-mais-barato-a-partir-deste-sabado\/"},"modified":"2025-01-31T20:57:49","modified_gmt":"2025-01-31T23:57:49","slug":"gas-natural-fica-mais-barato-a-partir-deste-sabado","status":"publish","type":"post","link":"https:\/\/guialimeira.com.br\/news\/gas-natural-fica-mais-barato-a-partir-deste-sabado\/","title":{"rendered":"G\u00e1s natural fica mais barato a partir deste s\u00e1bado"},"content":{"rendered":"<p> <br \/>\n<\/p>\n<div>\n<p>O g\u00e1s natural ficar\u00e1 mais barato a partir deste s\u00e1bado (1\u00ba), informou a presidente da Petrobras, Magda Chambriard. De acordo com a executiva, o pre\u00e7o do g\u00e1s natural ter\u00e1 redu\u00e7\u00e3o m\u00e9dia de 1% para as distribuidoras em rela\u00e7\u00e3o ao trimestre anterior.\u00a0<img data-recalc-dims=\"1\" decoding=\"async\" src=\"https:\/\/i0.wp.com\/agenciabrasil.ebc.com.br\/ebc.png?w=696&#038;ssl=1\" style=\"width:1px; height:1px; display:inline;\"\/><img data-recalc-dims=\"1\" decoding=\"async\" src=\"https:\/\/i0.wp.com\/agenciabrasil.ebc.com.br\/ebc.gif?w=696&#038;ssl=1\" style=\"width:1px; height:1px; display:inline;\"\/><\/p>\n<p>Magda Chambriard destacou que o pre\u00e7o do produto teve redu\u00e7\u00e3o m\u00e9dia de 23% desde dezembro de 2022.<\/p>\n<p>\u201cEm fun\u00e7\u00e3o das regras de reajustes previstas nos contratos com as distribuidoras, haver\u00e1 a partir de 1\u00ba de fevereiro uma redu\u00e7\u00e3o m\u00e9dia de 1% nos pre\u00e7os de venda da mol\u00e9cula de g\u00e1s natural, em rela\u00e7\u00e3o ao trimestre anterior\u201d, disse nas redes sociais.<\/p>\n<p>\u201cDesde dezembro de 2022, o pre\u00e7o m\u00e9dio da mol\u00e9cula vendida \u00e0s distribuidoras acumula uma redu\u00e7\u00e3o de at\u00e9 23%, incluindo os efeitos da redu\u00e7\u00e3o de 1% em fevereiro de 2025\u201d, acrescentou a presidente da Petrobras.<\/p>\n<h2>Consumidor<\/h2>\n<p>De acordo com a Petrobras, o pre\u00e7o final do g\u00e1s natural ao consumidor n\u00e3o \u00e9 determinado apenas pelo valor de venda pela companhia, mas tamb\u00e9m pelo custo do transporte at\u00e9 a distribuidora, pelo portf\u00f3lio de suprimento de cada distribuidora, assim como por suas margens e pelos tributos federais e estaduais. No caso do g\u00e1s natural veicular (GNV), est\u00e3o inclu\u00eddos tamb\u00e9m os custos dos postos de revenda.<\/p>\n<p>A companhia destacou ainda que o ajuste do dia 1\u00ba n\u00e3o se refere ao pre\u00e7o do g\u00e1s de cozinha (GLP), envasado em botij\u00f5es ou vendido a granel.<\/p>\n<p>      <!-- Relacionada --><\/p>\n<p>            <!-- Relacionada -->\n    <\/div>\n<p><br \/>\n<br \/><a href=\"https:\/\/agenciabrasil.ebc.com.br\/economia\/noticia\/2025-01\/gas-natural-fica-mais-barato-partir-deste-sabado\" rel=\"noopener\">Ag\u00eancia Brasil<\/a><\/p>\n","protected":false},"excerpt":{"rendered":"<p>O g\u00e1s natural ficar\u00e1 mais barato a partir deste s\u00e1bado (1\u00ba), informou a presidente da Petrobras, Magda Chambriard. De acordo com a executiva, o pre\u00e7o do g\u00e1s natural ter\u00e1 redu\u00e7\u00e3o m\u00e9dia de 1% para as distribuidoras em rela\u00e7\u00e3o ao trimestre anterior.\u00a0 Magda Chambriard destacou que o pre\u00e7o do produto teve redu\u00e7\u00e3o m\u00e9dia de 23% desde [&hellip;]<\/p>\n","protected":false},"author":1,"featured_media":16755,"comment_status":"open","ping_status":"open","sticky":false,"template":"","format":"standard","meta":{"_jetpack_newsletter_access":"","_jetpack_dont_email_post_to_subs":false,"_jetpack_newsletter_tier_id":0,"_jetpack_memberships_contains_paywalled_content":false,"_mbp_banners":[],"_jetpack_feature_clip_id":0,"_jetpack_memberships_contains_paid_content":false,"footnotes":"","jetpack_publicize_message":"","jetpack_publicize_feature_enabled":true,"jetpack_social_post_already_shared":true,"jetpack_social_options":{"image_generator_settings":{"template":"highway","default_image_id":0,"font":"","enabled":false},"version":2},"jetpack_post_was_ever_published":false},"categories":[24],"tags":[],"class_list":["post-22361","post","type-post","status-publish","format-standard","has-post-thumbnail","category-economia"],"jetpack_publicize_connections":[],"jetpack-related-posts":[],"jetpack_shortlink":"https:\/\/wp.me\/p7Eq1F-5OF","jetpack_sharing_enabled":true,"jetpack_featured_media_url":"https:\/\/i0.wp.com\/guialimeira.com.br\/news\/wp-content\/uploads\/2024\/11\/conteudo25252.jpg?fit=1600%2C800&ssl=1","_links":{"self":[{"href":"https:\/\/guialimeira.com.br\/news\/wp-json\/wp\/v2\/posts\/22361","targetHints":{"allow":["GET"]}}],"collection":[{"href":"https:\/\/guialimeira.com.br\/news\/wp-json\/wp\/v2\/posts"}],"about":[{"href":"https:\/\/guialimeira.com.br\/news\/wp-json\/wp\/v2\/types\/post"}],"author":[{"embeddable":true,"href":"https:\/\/guialimeira.com.br\/news\/wp-json\/wp\/v2\/users\/1"}],"replies":[{"embeddable":true,"href":"https:\/\/guialimeira.com.br\/news\/wp-json\/wp\/v2\/comments?post=22361"}],"version-history":[{"count":0,"href":"https:\/\/guialimeira.com.br\/news\/wp-json\/wp\/v2\/posts\/22361\/revisions"}],"wp:featuredmedia":[{"embeddable":true,"href":"https:\/\/guialimeira.com.br\/news\/wp-json\/wp\/v2\/media\/16755"}],"wp:attachment":[{"href":"https:\/\/guialimeira.com.br\/news\/wp-json\/wp\/v2\/media?parent=22361"}],"wp:term":[{"taxonomy":"category","embeddable":true,"href":"https:\/\/guialimeira.com.br\/news\/wp-json\/wp\/v2\/categories?post=22361"},{"taxonomy":"post_tag","embeddable":true,"href":"https:\/\/guialimeira.com.br\/news\/wp-json\/wp\/v2\/tags?post=22361"}],"curies":[{"name":"wp","href":"https:\/\/api.w.org\/{rel}","templated":true}]}}