{"id":22323,"date":"2025-01-31T16:53:37","date_gmt":"2025-01-31T19:53:37","guid":{"rendered":"https:\/\/guialimeira.com.br\/2025\/01\/31\/presidente-dos-correios-diz-que-gestao-anterior-sucateou-empresa\/"},"modified":"2025-01-31T16:53:37","modified_gmt":"2025-01-31T19:53:37","slug":"presidente-dos-correios-diz-que-gestao-anterior-sucateou-empresa","status":"publish","type":"post","link":"https:\/\/guialimeira.com.br\/news\/presidente-dos-correios-diz-que-gestao-anterior-sucateou-empresa\/","title":{"rendered":"Presidente dos Correios diz que gest\u00e3o anterior sucateou empresa"},"content":{"rendered":"<p> <br \/>\n<\/p>\n<div>\n<p>O resultado fiscal pr\u00e9vio que apontou saldo negativo de R$ 2,2 bilh\u00f5es nos Correios foi causado pela necessidade de recupera\u00e7\u00e3o da estatal que, segundo o presidente da empresa, Fabiano Silva dos Santos, encontrava-se na \u201cbacia das almas\u201d em meio a tentativas de privatiza\u00e7\u00e3o e precat\u00f3rios.<img data-recalc-dims=\"1\" decoding=\"async\" src=\"https:\/\/i0.wp.com\/agenciabrasil.ebc.com.br\/ebc.png?w=696&#038;ssl=1\" style=\"width:1px; height:1px; display:inline;\"\/><img data-recalc-dims=\"1\" decoding=\"async\" src=\"https:\/\/i0.wp.com\/agenciabrasil.ebc.com.br\/ebc.gif?w=696&#038;ssl=1\" style=\"width:1px; height:1px; display:inline;\"\/><\/p>\n<p>Ao deixar nesta sexta-feira (31) o Pal\u00e1cio do Planalto, onde, acompanhado da ministra da Gest\u00e3o e Inova\u00e7\u00e3o em Servi\u00e7os P\u00fablicos (MGI), Esther Dweck, reuniu-se com o presidente Luiz In\u00e1cio Lula da Silva, o presidente dos Correios disse que a empresa estava sucateada pelo governo anterior, mas que isso est\u00e1 sendo revertido para torn\u00e1-la lucrativa ainda em 2025.<\/p>\n<p>\u201cQuando uma empresa \u00e9 sucateada como ela foi, a gente tem trabalho grande para recuper\u00e1-la. Estamos trabalhando para tornar a empresa lucrativa ainda este ano, em 2025\u201d, disse Fabiano.<\/p>\n<p>Ele explicou que o resultado fiscal pr\u00e9vio apresentado pelo MGI n\u00e3o \u00e9 o definitivo, e que os n\u00fameros finais, a serem divulgados em mar\u00e7o, ser\u00e3o melhores, uma vez que v\u00e3o considerar algumas mudan\u00e7as adotadas pela atual gest\u00e3o.<\/p>\n<p>\u201cEssa pr\u00e9via se refere a um contexto espec\u00edfico que foi a regulamenta\u00e7\u00e3o ao <em>compliance<\/em> dado \u00e0s compras internacionais. Isso teve um impacto significativo na nossa empresa. Al\u00e9m disso, tivemos tamb\u00e9m os precat\u00f3rios que s\u00e3o frutos de gest\u00f5es anteriores, e que hoje est\u00e3o contabilizados no nosso resultado\u201d, acrescentou.<\/p>\n<h2>Receitas e despesas<\/h2>\n<p>A ministra Esther Dweck reiterou que o impacto de R$ 2,2 bilh\u00f5es no resultado fiscal abrange \u201capenas receitas e despesas registradas no ano\u201d, e que a situa\u00e7\u00e3o herdada tornou necess\u00e1rio o uso de dinheiro que estava em caixa para compensar gastos que deixaram de ser feitos em anos anteriores.<\/p>\n<p>Durante a reuni\u00e3o, o presidente Lula cobrou, segundo Fabiano dos Santos, a apresenta\u00e7\u00e3o de um plano de reestrutura\u00e7\u00e3o para a estatal. \u201cEsse plano j\u00e1 est\u00e1 em andamento\u201d, disse Fabiano dos Santos.<\/p>\n<p>\u201cMas estamos trabalhando fortemente para que a gente entregue cada vez mais um Correio saud\u00e1vel e sustent\u00e1vel. Acima de tudo, um Correio que atenda \u00e0 popula\u00e7\u00e3o, porque a popula\u00e7\u00e3o nos interiores desse pa\u00eds precisa muito dos Correios\u201d, finalizou.<\/p>\n<p>\u00a0<\/p>\n<p>      <!-- Relacionada --><\/p>\n<p>            <!-- Relacionada -->\n    <\/div>\n<p><br \/>\n<br \/><a href=\"https:\/\/agenciabrasil.ebc.com.br\/economia\/noticia\/2025-01\/presidente-dos-correios-explica-resultado-negativo-da-empresa\" rel=\"noopener\">Ag\u00eancia Brasil<\/a><\/p>\n","protected":false},"excerpt":{"rendered":"<p>O resultado fiscal pr\u00e9vio que apontou saldo negativo de R$ 2,2 bilh\u00f5es nos Correios foi causado pela necessidade de recupera\u00e7\u00e3o da estatal que, segundo o presidente da empresa, Fabiano Silva dos Santos, encontrava-se na \u201cbacia das almas\u201d em meio a tentativas de privatiza\u00e7\u00e3o e precat\u00f3rios. Ao deixar nesta sexta-feira (31) o Pal\u00e1cio do Planalto, onde, [&hellip;]<\/p>\n","protected":false},"author":1,"featured_media":19072,"comment_status":"open","ping_status":"open","sticky":false,"template":"","format":"standard","meta":{"_jetpack_newsletter_access":"","_jetpack_dont_email_post_to_subs":false,"_jetpack_newsletter_tier_id":0,"_jetpack_memberships_contains_paywalled_content":false,"_mbp_banners":[],"_jetpack_feature_clip_id":0,"_jetpack_memberships_contains_paid_content":false,"footnotes":"","jetpack_publicize_message":"","jetpack_publicize_feature_enabled":true,"jetpack_social_post_already_shared":true,"jetpack_social_options":{"image_generator_settings":{"template":"highway","default_image_id":0,"font":"","enabled":false},"version":2},"jetpack_post_was_ever_published":false},"categories":[24],"tags":[],"class_list":["post-22323","post","type-post","status-publish","format-standard","has-post-thumbnail","category-economia"],"jetpack_publicize_connections":[],"jetpack-related-posts":[],"jetpack_shortlink":"https:\/\/wp.me\/p7Eq1F-5O3","jetpack_sharing_enabled":true,"jetpack_featured_media_url":"https:\/\/i0.wp.com\/guialimeira.com.br\/news\/wp-content\/uploads\/2024\/12\/ja_2796_0.jpg?fit=1600%2C800&ssl=1","_links":{"self":[{"href":"https:\/\/guialimeira.com.br\/news\/wp-json\/wp\/v2\/posts\/22323","targetHints":{"allow":["GET"]}}],"collection":[{"href":"https:\/\/guialimeira.com.br\/news\/wp-json\/wp\/v2\/posts"}],"about":[{"href":"https:\/\/guialimeira.com.br\/news\/wp-json\/wp\/v2\/types\/post"}],"author":[{"embeddable":true,"href":"https:\/\/guialimeira.com.br\/news\/wp-json\/wp\/v2\/users\/1"}],"replies":[{"embeddable":true,"href":"https:\/\/guialimeira.com.br\/news\/wp-json\/wp\/v2\/comments?post=22323"}],"version-history":[{"count":0,"href":"https:\/\/guialimeira.com.br\/news\/wp-json\/wp\/v2\/posts\/22323\/revisions"}],"wp:featuredmedia":[{"embeddable":true,"href":"https:\/\/guialimeira.com.br\/news\/wp-json\/wp\/v2\/media\/19072"}],"wp:attachment":[{"href":"https:\/\/guialimeira.com.br\/news\/wp-json\/wp\/v2\/media?parent=22323"}],"wp:term":[{"taxonomy":"category","embeddable":true,"href":"https:\/\/guialimeira.com.br\/news\/wp-json\/wp\/v2\/categories?post=22323"},{"taxonomy":"post_tag","embeddable":true,"href":"https:\/\/guialimeira.com.br\/news\/wp-json\/wp\/v2\/tags?post=22323"}],"curies":[{"name":"wp","href":"https:\/\/api.w.org\/{rel}","templated":true}]}}