{"id":22317,"date":"2025-01-31T15:52:49","date_gmt":"2025-01-31T18:52:49","guid":{"rendered":"https:\/\/guialimeira.com.br\/2025\/01\/31\/rio-anuncia-concurso-publico-para-auditor-fiscal-e-analista\/"},"modified":"2025-01-31T15:52:49","modified_gmt":"2025-01-31T18:52:49","slug":"rio-anuncia-concurso-publico-para-auditor-fiscal-e-analista","status":"publish","type":"post","link":"https:\/\/guialimeira.com.br\/news\/rio-anuncia-concurso-publico-para-auditor-fiscal-e-analista\/","title":{"rendered":"Rio anuncia concurso p\u00fablico para auditor fiscal e analista"},"content":{"rendered":"<p> <br \/>\n<\/p>\n<div>\n<p>O governo do estado do Rio anunciou, nesta sexta-feira (31), os editais de dois concursos p\u00fablicos da Secretaria de Fazenda, com oferta de 195 vagas para os cargos de auditor fiscal da Receita Estadual e analista em Finan\u00e7as P\u00fablicas.<img data-recalc-dims=\"1\" decoding=\"async\" src=\"https:\/\/i0.wp.com\/agenciabrasil.ebc.com.br\/ebc.png?w=696&#038;ssl=1\" style=\"width:1px; height:1px; display:inline;\"\/><img data-recalc-dims=\"1\" decoding=\"async\" src=\"https:\/\/i0.wp.com\/agenciabrasil.ebc.com.br\/ebc.gif?w=696&#038;ssl=1\" style=\"width:1px; height:1px; display:inline;\"\/><\/p>\n<p>Ambos os cargos exigem n\u00edvel superior em qualquer \u00e1rea. Ser\u00e3o 73 vagas para preenchimento, das quais 45 para auditor fiscal e 28 para analista em Finan\u00e7as P\u00fablicas, e o restante para forma\u00e7\u00e3o de cadastro de reserva. O vencimento b\u00e1sico do cargo de auditor \u00e9 de R$ 5.387,39. Eles t\u00eam direito ao pr\u00eamio de produtividade fiscal no valor de R$ 22.043,55, totalizando R$ 27.430,94.<\/p>\n<p>Para os analistas, o sal\u00e1rio-base \u00e9 de R$ 6.788,13, podendo ser acrescido da Gratifica\u00e7\u00e3o de Desempenho de Atividade (GDA), cujo valor m\u00e1ximo corresponde a 50% do valor do vencimento-base (R$ 3.394,06), e do Adicional de Qualifica\u00e7\u00e3o.<\/p>\n<p>As inscri\u00e7\u00f5es ser\u00e3o abertas a partir das 10h do dia 7 de fevereiro, exclusivamente pelo <em>site<\/em>\u00a0<a href=\"https:\/\/www.cebraspe.org.br\/concursos\/inscricoes-abertas\" target=\"_blank\" rel=\"noopener\">www.cebraspe.org.br\/concursos\/inscricoes-abertas<\/a>.\u00a0<\/p>\n<p>Os interessados em participar t\u00eam at\u00e9 as 18h do dia 28 de fevereiro para se inscrever, mediante preenchimento de formul\u00e1rio no <em>site<\/em> do Centro Brasileiro de Pesquisa em Avalia\u00e7\u00e3o e Sele\u00e7\u00e3o e de Promo\u00e7\u00e3o de Eventos (Cebraspe), organizador do processo seletivo.\u00a0<\/p>\n<p>A taxa de inscri\u00e7\u00e3o \u00e9 de R$ 252 para auditor fiscal da Receita Estadual e de R$ 222 para analista de Finan\u00e7as P\u00fablicas. A sele\u00e7\u00e3o ser\u00e1 composta por provas objetivas e discursivas, aplicadas no dia 27 de abril para analista e em 3 e 4 de maio para auditor.<\/p>\n<p>      <!-- Relacionada --><\/p>\n<p>            <!-- Relacionada -->\n    <\/div>\n<p><br \/>\n<br \/><a href=\"https:\/\/agenciabrasil.ebc.com.br\/economia\/noticia\/2025-01\/rio-anuncia-concurso-publico-para-auditor-fiscal-e-analista\" rel=\"noopener\">Ag\u00eancia Brasil<\/a><\/p>\n","protected":false},"excerpt":{"rendered":"<p>O governo do estado do Rio anunciou, nesta sexta-feira (31), os editais de dois concursos p\u00fablicos da Secretaria de Fazenda, com oferta de 195 vagas para os cargos de auditor fiscal da Receita Estadual e analista em Finan\u00e7as P\u00fablicas. Ambos os cargos exigem n\u00edvel superior em qualquer \u00e1rea. Ser\u00e3o 73 vagas para preenchimento, das quais [&hellip;]<\/p>\n","protected":false},"author":1,"featured_media":269,"comment_status":"open","ping_status":"open","sticky":false,"template":"","format":"standard","meta":{"_jetpack_newsletter_access":"","_jetpack_dont_email_post_to_subs":false,"_jetpack_newsletter_tier_id":0,"_jetpack_memberships_contains_paywalled_content":false,"_mbp_banners":[],"_jetpack_feature_clip_id":0,"_jetpack_memberships_contains_paid_content":false,"footnotes":"","jetpack_publicize_message":"","jetpack_publicize_feature_enabled":true,"jetpack_social_post_already_shared":true,"jetpack_social_options":{"image_generator_settings":{"template":"highway","default_image_id":0,"font":"","enabled":false},"version":2},"jetpack_post_was_ever_published":false},"categories":[24],"tags":[],"class_list":["post-22317","post","type-post","status-publish","format-standard","has-post-thumbnail","category-economia"],"jetpack_publicize_connections":[],"jetpack-related-posts":[],"jetpack_shortlink":"https:\/\/wp.me\/p7Eq1F-5NX","jetpack_sharing_enabled":true,"jetpack_featured_media_url":"https:\/\/i0.wp.com\/guialimeira.com.br\/news\/wp-content\/uploads\/2024\/03\/thumb_1200x600_agbrasil.png?fit=1200%2C600&ssl=1","_links":{"self":[{"href":"https:\/\/guialimeira.com.br\/news\/wp-json\/wp\/v2\/posts\/22317","targetHints":{"allow":["GET"]}}],"collection":[{"href":"https:\/\/guialimeira.com.br\/news\/wp-json\/wp\/v2\/posts"}],"about":[{"href":"https:\/\/guialimeira.com.br\/news\/wp-json\/wp\/v2\/types\/post"}],"author":[{"embeddable":true,"href":"https:\/\/guialimeira.com.br\/news\/wp-json\/wp\/v2\/users\/1"}],"replies":[{"embeddable":true,"href":"https:\/\/guialimeira.com.br\/news\/wp-json\/wp\/v2\/comments?post=22317"}],"version-history":[{"count":0,"href":"https:\/\/guialimeira.com.br\/news\/wp-json\/wp\/v2\/posts\/22317\/revisions"}],"wp:featuredmedia":[{"embeddable":true,"href":"https:\/\/guialimeira.com.br\/news\/wp-json\/wp\/v2\/media\/269"}],"wp:attachment":[{"href":"https:\/\/guialimeira.com.br\/news\/wp-json\/wp\/v2\/media?parent=22317"}],"wp:term":[{"taxonomy":"category","embeddable":true,"href":"https:\/\/guialimeira.com.br\/news\/wp-json\/wp\/v2\/categories?post=22317"},{"taxonomy":"post_tag","embeddable":true,"href":"https:\/\/guialimeira.com.br\/news\/wp-json\/wp\/v2\/tags?post=22317"}],"curies":[{"name":"wp","href":"https:\/\/api.w.org\/{rel}","templated":true}]}}