{"id":22308,"date":"2025-01-31T14:51:45","date_gmt":"2025-01-31T17:51:45","guid":{"rendered":"https:\/\/guialimeira.com.br\/2025\/01\/31\/petrobras-reajusta-preco-do-diesel-em-r-022-as-distribuidoras\/"},"modified":"2025-01-31T14:51:45","modified_gmt":"2025-01-31T17:51:45","slug":"petrobras-reajusta-preco-do-diesel-em-r-022-as-distribuidoras","status":"publish","type":"post","link":"https:\/\/guialimeira.com.br\/news\/petrobras-reajusta-preco-do-diesel-em-r-022-as-distribuidoras\/","title":{"rendered":"Petrobras reajusta pre\u00e7o do diesel em R$ 0,22 \u00e0s distribuidoras"},"content":{"rendered":"<p> <br \/>\n<\/p>\n<div>\n<p>A Petrobras reajustou o pre\u00e7o do diesel A em R$ 0,22 por litro. A partir deste s\u00e1bado (1), o combust\u00edvel passar\u00e1 a ser vendido para as distribuidoras, em m\u00e9dia, por R$ 3,72.\u00a0<img data-recalc-dims=\"1\" decoding=\"async\" src=\"https:\/\/i0.wp.com\/agenciabrasil.ebc.com.br\/ebc.png?w=696&#038;ssl=1\" style=\"width:1px; height:1px; display:inline;\"\/><img data-recalc-dims=\"1\" decoding=\"async\" src=\"https:\/\/i0.wp.com\/agenciabrasil.ebc.com.br\/ebc.gif?w=696&#038;ssl=1\" style=\"width:1px; height:1px; display:inline;\"\/><\/p>\n<p>A parcela da Petrobras na composi\u00e7\u00e3o do pre\u00e7o ao consumidor final ficar\u00e1 em R$ 3,20 por litro, um aumento de R$ 0,19, porque o combust\u00edvel repassado \u00e0s distribuidoras deve ser obrigatoriamente misturado com 14% de biodiesel para se tornar o diesel B vendido nos postos.<\/p>\n<p>De acordo com o \u00faltimo levantamento de pre\u00e7os da Ag\u00eancia Nacional do Petr\u00f3leo, G\u00e1s Natural e Biocombust\u00edveis (ANP), o diesel B est\u00e1 sendo vendido nas bombas por, em m\u00e9dia, R$ 6,17. Esse valor resulta da soma da parcela da Petrobras mais o valor do biodiesel, imposto federais e estaduais e custos de distribui\u00e7\u00e3o e revenda. Caso o reajuste da Petrobras seja repassado integralmente, o pre\u00e7o do combust\u00edvel para o consumidor deve subir para R$ 6,36.<\/p>\n<p>\u00c9 o primeiro aumento de pre\u00e7os anunciado pela Petrobras desde outubro de 2023. Em dezembro do mesmo ano, a estatal tinha feito o seu \u00faltimo reajuste, mas para reduzir os pre\u00e7os. Mesmo com a alta anunciada agora, a empresa informou que os pre\u00e7os para as distribuidoras ainda est\u00e3o 17,1% menores do que em dezembro de 2022.<\/p>\n<p>      <!-- Relacionada --><\/p>\n<p>            <!-- Relacionada -->\n    <\/div>\n<p><br \/>\n<br \/><a href=\"https:\/\/agenciabrasil.ebc.com.br\/economia\/noticia\/2025-01\/petrobras-reajusta-preco-do-diesel-em-r-022-distribuidoras\" rel=\"noopener\">Ag\u00eancia Brasil<\/a><\/p>\n","protected":false},"excerpt":{"rendered":"<p>A Petrobras reajustou o pre\u00e7o do diesel A em R$ 0,22 por litro. A partir deste s\u00e1bado (1), o combust\u00edvel passar\u00e1 a ser vendido para as distribuidoras, em m\u00e9dia, por R$ 3,72.\u00a0 A parcela da Petrobras na composi\u00e7\u00e3o do pre\u00e7o ao consumidor final ficar\u00e1 em R$ 3,20 por litro, um aumento de R$ 0,19, porque [&hellip;]<\/p>\n","protected":false},"author":1,"featured_media":22309,"comment_status":"open","ping_status":"open","sticky":false,"template":"","format":"standard","meta":{"_jetpack_newsletter_access":"","_jetpack_dont_email_post_to_subs":false,"_jetpack_newsletter_tier_id":0,"_jetpack_memberships_contains_paywalled_content":false,"_mbp_banners":[],"_jetpack_feature_clip_id":0,"_jetpack_memberships_contains_paid_content":false,"footnotes":"","jetpack_publicize_message":"","jetpack_publicize_feature_enabled":true,"jetpack_social_post_already_shared":true,"jetpack_social_options":{"image_generator_settings":{"template":"highway","default_image_id":0,"font":"","enabled":false},"version":2},"jetpack_post_was_ever_published":false},"categories":[24],"tags":[],"class_list":["post-22308","post","type-post","status-publish","format-standard","has-post-thumbnail","category-economia"],"jetpack_publicize_connections":[],"jetpack-related-posts":[],"jetpack_shortlink":"https:\/\/wp.me\/p7Eq1F-5NO","jetpack_sharing_enabled":true,"jetpack_featured_media_url":"https:\/\/i0.wp.com\/guialimeira.com.br\/news\/wp-content\/uploads\/2025\/01\/mca_abrdsc_4150.jpg?fit=1600%2C800&ssl=1","_links":{"self":[{"href":"https:\/\/guialimeira.com.br\/news\/wp-json\/wp\/v2\/posts\/22308","targetHints":{"allow":["GET"]}}],"collection":[{"href":"https:\/\/guialimeira.com.br\/news\/wp-json\/wp\/v2\/posts"}],"about":[{"href":"https:\/\/guialimeira.com.br\/news\/wp-json\/wp\/v2\/types\/post"}],"author":[{"embeddable":true,"href":"https:\/\/guialimeira.com.br\/news\/wp-json\/wp\/v2\/users\/1"}],"replies":[{"embeddable":true,"href":"https:\/\/guialimeira.com.br\/news\/wp-json\/wp\/v2\/comments?post=22308"}],"version-history":[{"count":0,"href":"https:\/\/guialimeira.com.br\/news\/wp-json\/wp\/v2\/posts\/22308\/revisions"}],"wp:featuredmedia":[{"embeddable":true,"href":"https:\/\/guialimeira.com.br\/news\/wp-json\/wp\/v2\/media\/22309"}],"wp:attachment":[{"href":"https:\/\/guialimeira.com.br\/news\/wp-json\/wp\/v2\/media?parent=22308"}],"wp:term":[{"taxonomy":"category","embeddable":true,"href":"https:\/\/guialimeira.com.br\/news\/wp-json\/wp\/v2\/categories?post=22308"},{"taxonomy":"post_tag","embeddable":true,"href":"https:\/\/guialimeira.com.br\/news\/wp-json\/wp\/v2\/tags?post=22308"}],"curies":[{"name":"wp","href":"https:\/\/api.w.org\/{rel}","templated":true}]}}