{"id":22296,"date":"2025-01-31T13:37:31","date_gmt":"2025-01-31T16:37:31","guid":{"rendered":"https:\/\/guialimeira.com.br\/2025\/01\/31\/casos-de-covid-19-aumentam-nas-regioes-norte-e-nordeste\/"},"modified":"2025-01-31T13:37:31","modified_gmt":"2025-01-31T16:37:31","slug":"casos-de-covid-19-aumentam-nas-regioes-norte-e-nordeste","status":"publish","type":"post","link":"https:\/\/guialimeira.com.br\/news\/casos-de-covid-19-aumentam-nas-regioes-norte-e-nordeste\/","title":{"rendered":"Casos de covid-19 aumentam nas regi\u00f5es Norte e Nordeste"},"content":{"rendered":"<p> <br \/>\n<\/p>\n<div>\n<p>Pelo menos 287 pessoas morreram por s\u00edndrome respirat\u00f3ria aguda grave (SRAG causada por covid-19 apenas este ano, no Brasil. O total de casos graves com diagn\u00f3stico confirmado da doen\u00e7a j\u00e1 se aproxima de 900. Os dados s\u00e3o do Boletim Infogripe, da Funda\u00e7\u00e3o Oswaldo Cruz (Fiocruz), e se referem \u00e0s notifica\u00e7\u00f5es feitas ao Minist\u00e9rio da Sa\u00fade at\u00e9 o dia 25 de janeiro.<img data-recalc-dims=\"1\" decoding=\"async\" src=\"https:\/\/i0.wp.com\/agenciabrasil.ebc.com.br\/ebc.png?w=696&#038;ssl=1\" style=\"width:1px; height:1px; display:inline;\"\/><img data-recalc-dims=\"1\" decoding=\"async\" src=\"https:\/\/i0.wp.com\/agenciabrasil.ebc.com.br\/ebc.gif?w=696&#038;ssl=1\" style=\"width:1px; height:1px; display:inline;\"\/><\/p>\n<p>O termo s\u00edndrome respirat\u00f3ria aguda grave\u00a0se refere ao agravamento de sintomas gripais com o comprometimento da fun\u00e7\u00e3o pulmonar. A maioria dos casos acontece ap\u00f3s uma infec\u00e7\u00e3o viral. Por enquanto, quase 52% dos casos registrado este ano, com resultado positivo para algum v\u00edrus, foram provocados por covid-19. Mas o coronav\u00edrus causou 78,7% das infec\u00e7\u00f5es que levaram \u00e0 \u00f3bito.<\/p>\n<p>Os dados dessa \u00faltima atualiza\u00e7\u00e3o refor\u00e7am um alerta que j\u00e1 t\u00eam sido feito h\u00e1 algumas semanas sobre o aumento das infec\u00e7\u00f5es pelo coronav\u00edrus. O boletim, inclusive, considera a possibilidade de que uma nova variante mais transmiss\u00edvel possa estar se espalhando.<\/p>\n<p>A atualiza\u00e7\u00e3o destaca que h\u00e1 tend\u00eancia de aumento dos casos de SRAG por covid-19 em nove estados, todos nas regi\u00f5es Norte ou Nordeste: Acre, Amazonas, Par\u00e1, Amap\u00e1, Rond\u00f4nia, Tocantins, Para\u00edba, Rio Grande do Norte e Sergipe. A incid\u00eancia de casos graves \u00e9 maior entre as crian\u00e7as pequenas e os idosos, e a mortalidade ocorre majoritariamente em idosos. Mas o levantamento alerta que no\u00a0Amazonas e em Rond\u00f4nia tem sido observado um aumento de SRAG tamb\u00e9m entre jovens e adultos.<\/p>\n<p>De acordo com a pesquisadora Tatiana Portela, as recomenda\u00e7\u00f5es de praxe permanecem: &#8220;Em caso de sintomas gripais, o ideal \u00e9 ficar em casa em isolamento, evitando transmitir esse v\u00edrus para outras pessoas, mas, se n\u00e3o for poss\u00edvel fazer esse isolamento, o recomendado \u00e9 sair de casa utilizando uma boa m\u00e1scara. E claro, \u00e9 muito importante que todas as pessoas estejam em dia com a vacina\u00e7\u00e3o contra a covid-19.&#8221;<\/p>\n<p>O esquema atual de vacina\u00e7\u00e3o no Sistema \u00danico de Sa\u00fade (SUS) preconiza duas ou tr\u00eas doses (a depender do imunizante) para todas as crian\u00e7as de 6 meses a menos de 5 anos. Al\u00e9m disso, idosos e pessoas imunocomprometidas devem receber uma nova dose a cada seis meses. J\u00e1 as gr\u00e1vidas devem receber uma dose durante a gesta\u00e7\u00e3o, e as pessoas que fazem parte de algum grupo vulner\u00e1vel, como ind\u00edgenas e quilombolas e pessoas com defici\u00eancia ou comorbidade, devem tomar um refor\u00e7o anual.<\/p>\n<p>      <!-- Relacionada --><\/p>\n<p>            <!-- Relacionada -->\n    <\/div>\n<p><br \/>\n<br \/><a href=\"https:\/\/agenciabrasil.ebc.com.br\/saude\/noticia\/2025-01\/casos-de-covid-19-aumentam-nas-regioes-norte-e-nordeste\" rel=\"noopener\">Ag\u00eancia Brasil <\/a><\/p>\n","protected":false},"excerpt":{"rendered":"<p>Pelo menos 287 pessoas morreram por s\u00edndrome respirat\u00f3ria aguda grave (SRAG causada por covid-19 apenas este ano, no Brasil. O total de casos graves com diagn\u00f3stico confirmado da doen\u00e7a j\u00e1 se aproxima de 900. Os dados s\u00e3o do Boletim Infogripe, da Funda\u00e7\u00e3o Oswaldo Cruz (Fiocruz), e se referem \u00e0s notifica\u00e7\u00f5es feitas ao Minist\u00e9rio da Sa\u00fade [&hellip;]<\/p>\n","protected":false},"author":1,"featured_media":891,"comment_status":"open","ping_status":"open","sticky":false,"template":"","format":"standard","meta":{"_jetpack_newsletter_access":"","_jetpack_dont_email_post_to_subs":false,"_jetpack_newsletter_tier_id":0,"_jetpack_memberships_contains_paywalled_content":false,"_mbp_banners":[],"_jetpack_feature_clip_id":0,"_jetpack_memberships_contains_paid_content":false,"footnotes":"","jetpack_publicize_message":"","jetpack_publicize_feature_enabled":true,"jetpack_social_post_already_shared":true,"jetpack_social_options":{"image_generator_settings":{"template":"highway","default_image_id":0,"font":"","enabled":false},"version":2},"jetpack_post_was_ever_published":false},"categories":[15],"tags":[],"class_list":["post-22296","post","type-post","status-publish","format-standard","has-post-thumbnail","category-saude"],"jetpack_publicize_connections":[],"jetpack-related-posts":[],"jetpack_shortlink":"https:\/\/wp.me\/p7Eq1F-5NC","jetpack_sharing_enabled":true,"jetpack_featured_media_url":"https:\/\/i0.wp.com\/guialimeira.com.br\/news\/wp-content\/uploads\/2024\/04\/img_3382.jpg?fit=1600%2C800&ssl=1","_links":{"self":[{"href":"https:\/\/guialimeira.com.br\/news\/wp-json\/wp\/v2\/posts\/22296","targetHints":{"allow":["GET"]}}],"collection":[{"href":"https:\/\/guialimeira.com.br\/news\/wp-json\/wp\/v2\/posts"}],"about":[{"href":"https:\/\/guialimeira.com.br\/news\/wp-json\/wp\/v2\/types\/post"}],"author":[{"embeddable":true,"href":"https:\/\/guialimeira.com.br\/news\/wp-json\/wp\/v2\/users\/1"}],"replies":[{"embeddable":true,"href":"https:\/\/guialimeira.com.br\/news\/wp-json\/wp\/v2\/comments?post=22296"}],"version-history":[{"count":0,"href":"https:\/\/guialimeira.com.br\/news\/wp-json\/wp\/v2\/posts\/22296\/revisions"}],"wp:featuredmedia":[{"embeddable":true,"href":"https:\/\/guialimeira.com.br\/news\/wp-json\/wp\/v2\/media\/891"}],"wp:attachment":[{"href":"https:\/\/guialimeira.com.br\/news\/wp-json\/wp\/v2\/media?parent=22296"}],"wp:term":[{"taxonomy":"category","embeddable":true,"href":"https:\/\/guialimeira.com.br\/news\/wp-json\/wp\/v2\/categories?post=22296"},{"taxonomy":"post_tag","embeddable":true,"href":"https:\/\/guialimeira.com.br\/news\/wp-json\/wp\/v2\/tags?post=22296"}],"curies":[{"name":"wp","href":"https:\/\/api.w.org\/{rel}","templated":true}]}}