{"id":22287,"date":"2025-01-31T12:36:36","date_gmt":"2025-01-31T15:36:36","guid":{"rendered":"https:\/\/guialimeira.com.br\/2025\/01\/31\/sao-paulo-veta-pl-que-amplia-acesso-a-itens-de-cannabis-medicinal\/"},"modified":"2025-01-31T12:36:36","modified_gmt":"2025-01-31T15:36:36","slug":"sao-paulo-veta-pl-que-amplia-acesso-a-itens-de-cannabis-medicinal","status":"publish","type":"post","link":"https:\/\/guialimeira.com.br\/news\/sao-paulo-veta-pl-que-amplia-acesso-a-itens-de-cannabis-medicinal\/","title":{"rendered":"S\u00e3o Paulo veta PL que amplia acesso a itens de cannabis medicinal"},"content":{"rendered":"<p> <br \/>\n<\/p>\n<div>\n<p>O governo paulista vetou o Projeto de Lei n\u00ba 954\/2023, que criaria o Programa de Produ\u00e7\u00e3o e Distribui\u00e7\u00e3o de Medica\u00e7\u00e3o \u00e0 Base de Cannabis Medicinal pela Funda\u00e7\u00e3o para o Rem\u00e9dio Popular (Furp). A informa\u00e7\u00e3o <a href=\"https:\/\/doe.sp.gov.br\/executivo\/veto-total-a-projeto-de-lei\/veto-total-a-projeto-de-lei-n-954-2023-de-29-de-janeiro-de-2025-20250129116227849838\" target=\"_blank\" rel=\"noopener\">foi publicada na edi\u00e7\u00e3o do Di\u00e1rio Oficial<\/a> do estado desta quinta-feira (30).<img data-recalc-dims=\"1\" decoding=\"async\" src=\"https:\/\/i0.wp.com\/agenciabrasil.ebc.com.br\/ebc.png?w=696&#038;ssl=1\" style=\"width:1px; height:1px; display:inline;\"\/><img data-recalc-dims=\"1\" decoding=\"async\" src=\"https:\/\/i0.wp.com\/agenciabrasil.ebc.com.br\/ebc.gif?w=696&#038;ssl=1\" style=\"width:1px; height:1px; display:inline;\"\/><\/p>\n<p>A justificativa apresentada foi a de que a iniciativa, para ser implementada, exigiria planejamento e disponibilidade or\u00e7ament\u00e1rios. O governador em exerc\u00edcio, Fel\u00edcio Ramuth, apontou, ainda, a necessidade de se elaborar &#8220;a\u00e7\u00f5es concretas, com empenho de servidores e recursos&#8221; vinculados ao Poder Executivo, que envolvem aspectos de ordem t\u00e9cnica e operacional.<\/p>\n<p>S\u00e3o Paulo \u00e9 um estado pioneiro em rela\u00e7\u00e3o a tratamentos com <em>cannabis<\/em> medicinal. Ao sancionar a <a href=\"https:\/\/www.al.sp.gov.br\/repositorio\/legislacao\/lei\/2023\/lei-17618-31.01.2023.html\" target=\"_blank\" rel=\"noopener\">Lei n\u00ba 17.618\/23<\/a>, tornou-se a primeira unidade da federa\u00e7\u00e3o a garantir o fornecimento de produtos \u00e0 base de canabidiol pelo Sistema \u00danico de Sa\u00fade (SUS).<\/p>\n<p>Em nota encaminhada \u00e0 <strong>Ag\u00eancia Brasil<\/strong>, a funda\u00e7\u00e3o afirma que a proposta legislativa, por n\u00e3o ter uma estimativa do impacto financeiro aos cofres estaduais, contraria a Lei de Responsabilidade Fiscal e a Constitui\u00e7\u00e3o Federal.<\/p>\n<p>&#8220;Al\u00e9m disso, a aprova\u00e7\u00e3o de projetos deste tipo \u00e9 de responsabilidade exclusiva do Governador, conforme as constitui\u00e7\u00f5es Federais e Estaduais. Desta forma, o veto foi estabelecido e o projeto volta para a Assembleia Legislativa de S\u00e3o Paulo (Alesp) para ser analisado novamente&#8221;, esclarece, adicionalmente.<\/p>\n<p>A Furp informou que &#8220;j\u00e1 est\u00e1 desenvolvendo um projeto de transfer\u00eancia de tecnologia com uma empresa detentora dos direitos de fabrica\u00e7\u00e3o de produtos \u00e0 base de <em>Cannabis sativa<\/em>&#8220;.<\/p>\n<blockquote>\n<p>&#8220;Atualmente, a funda\u00e7\u00e3o aguarda autoriza\u00e7\u00e3o da Ag\u00eancia Nacional de Vigil\u00e2ncia Sanit\u00e1ria (Anvisa), de forma a permitir o fornecimento do produto ao SUS, em especial para atendimento aos programas de assist\u00eancia farmac\u00eautica da Secretaria de Estado da Sa\u00fade de S\u00e3o Paulo.&#8221;<\/p>\n<\/blockquote>\n<h2>Tramita\u00e7\u00e3o<\/h2>\n<p>O PL foi protocolado na Alesp\u00a0 pelos deputados estaduais Valdomiro Lopes e Caio Fran\u00e7a, do PSB. Em 17 de dezembro de 2024, poucos dias antes de se iniciar o recesso dos parlamentares, a pauta foi apreciada pelas comiss\u00f5es de Sa\u00fade; de Constitui\u00e7\u00e3o, Justi\u00e7a e Reda\u00e7\u00e3o; e de Finan\u00e7as, Or\u00e7amento e Planejamento da Casa.<\/p>\n<p>O relat\u00f3rio com parecer favor\u00e1vel foi assinado pelo deputado Enio Tatto (PT), que disse concordar com Valdomiro Lopes &#8220;quando argumenta que, apesar de a utiliza\u00e7\u00e3o de cannabis ter sido reconhecida em diversos pa\u00edses como uma forma de tratamento para diversas condi\u00e7\u00f5es de sa\u00fade e de seu uso j\u00e1 estar regulamentado pela Anvisa &#8211; RDC n\u00ba 327\/2019, \u00e9 necess\u00e1rio que o Estado atue para &#8216;garantir o acesso gratuito e seguro aos pacientes que necessitam&#8217; de tais medicamentos&#8221;.<br \/>\u00a0<\/p>\n<div class=\"dnd-widget-wrapper context-sem_processamento type-image\">\n<div class=\"dnd-atom-rendered\"><!-- scald=412571:sem_processamento {\"additionalClasses\":\"\"} --><br \/>\n            <img data-recalc-dims=\"1\" decoding=\"async\" src=\"https:\/\/i0.wp.com\/agenciabrasil.ebc.com.br\/sites\/default\/files\/thumbnails\/image\/2025\/01\/31\/cronologia_cannabis_medicinal_kaya_mind.jpg?w=696&#038;ssl=1\" alt=\"Bras\u00edlia (DF) 31\/01\/2025 - Governo de SP veta PL que criaria programa que ampliaria acesso a itens de cannabis medicinal&#13;&#10;Arte Anu\u00e1rio da Cannabis Medicinal 2024\" title=\"Anu\u00e1rio da Cannabis Medicinal\"\/><br \/>\n        <img data-recalc-dims=\"1\" decoding=\"async\" src=\"https:\/\/i0.wp.com\/agenciabrasil.ebc.com.br\/sites\/default\/files\/thumbnails\/image\/2025\/01\/31\/cronologia_cannabis_medicinal_kaya_mind.jpg?w=696&#038;ssl=1\" alt=\"Bras\u00edlia (DF) 31\/01\/2025 - Governo de SP veta PL que criaria programa que ampliaria acesso a itens de cannabis medicinal&#13;&#10;Arte Anu\u00e1rio da Cannabis Medicinal 2024\" title=\"Anu\u00e1rio da Cannabis Medicinal\"\/><br \/>\n    <!-- END scald=412571 --><\/div>\n<\/div>\n<h2>Mercado can\u00e1bico<\/h2>\n<p>Em 2024, o Brasil atingiu a marca de <a href=\"https:\/\/agenciabrasil.ebc.com.br\/saude\/noticia\/2024-11\/brasil-atingiu-marca-de-672-mil-pacientes-que-se-tratam-com-cannabis\" target=\"_blank\" rel=\"noopener\">672 mil pacientes que se tratam<\/a> com cannabis medicinal, n\u00famero recorde e 56% superior ao patamar de 2023.<\/p>\n<p>O dado consta do anu\u00e1rio produzido pela <a href=\"https:\/\/kayamind.com\/\" target=\"_blank\" rel=\"noopener\">Kaya Mind<\/a>, que tamb\u00e9m destaca que S\u00e3o Paulo \u00e9 a unidade federativa com maior quantidade de associa\u00e7\u00f5es fundadas para facilitar o acesso de pacientes aos produtos de cannabis medicinal.<\/p>\n<p>      <!-- Relacionada --><\/p>\n<p>            <!-- Relacionada -->\n    <\/div>\n<p><br \/>\n<br \/><a href=\"https:\/\/agenciabrasil.ebc.com.br\/saude\/noticia\/2025-01\/sao-paulo-veta-pl-que-amplia-acesso-itens-de-cannabis-medicinal\" rel=\"noopener\">Ag\u00eancia Brasil <\/a><\/p>\n","protected":false},"excerpt":{"rendered":"<p>O governo paulista vetou o Projeto de Lei n\u00ba 954\/2023, que criaria o Programa de Produ\u00e7\u00e3o e Distribui\u00e7\u00e3o de Medica\u00e7\u00e3o \u00e0 Base de Cannabis Medicinal pela Funda\u00e7\u00e3o para o Rem\u00e9dio Popular (Furp). A informa\u00e7\u00e3o foi publicada na edi\u00e7\u00e3o do Di\u00e1rio Oficial do estado desta quinta-feira (30). A justificativa apresentada foi a de que a iniciativa, [&hellip;]<\/p>\n","protected":false},"author":1,"featured_media":22288,"comment_status":"open","ping_status":"open","sticky":false,"template":"","format":"standard","meta":{"_jetpack_newsletter_access":"","_jetpack_dont_email_post_to_subs":false,"_jetpack_newsletter_tier_id":0,"_jetpack_memberships_contains_paywalled_content":false,"_mbp_banners":[],"_jetpack_feature_clip_id":0,"_jetpack_memberships_contains_paid_content":false,"footnotes":"","jetpack_publicize_message":"","jetpack_publicize_feature_enabled":true,"jetpack_social_post_already_shared":true,"jetpack_social_options":{"image_generator_settings":{"template":"highway","default_image_id":0,"font":"","enabled":false},"version":2},"jetpack_post_was_ever_published":false},"categories":[15],"tags":[],"class_list":["post-22287","post","type-post","status-publish","format-standard","has-post-thumbnail","category-saude"],"jetpack_publicize_connections":[],"jetpack-related-posts":[],"jetpack_shortlink":"https:\/\/wp.me\/p7Eq1F-5Nt","jetpack_sharing_enabled":true,"jetpack_featured_media_url":"https:\/\/i0.wp.com\/guialimeira.com.br\/news\/wp-content\/uploads\/2025\/01\/cbd-ol-4470099.jpg?fit=1600%2C800&ssl=1","_links":{"self":[{"href":"https:\/\/guialimeira.com.br\/news\/wp-json\/wp\/v2\/posts\/22287","targetHints":{"allow":["GET"]}}],"collection":[{"href":"https:\/\/guialimeira.com.br\/news\/wp-json\/wp\/v2\/posts"}],"about":[{"href":"https:\/\/guialimeira.com.br\/news\/wp-json\/wp\/v2\/types\/post"}],"author":[{"embeddable":true,"href":"https:\/\/guialimeira.com.br\/news\/wp-json\/wp\/v2\/users\/1"}],"replies":[{"embeddable":true,"href":"https:\/\/guialimeira.com.br\/news\/wp-json\/wp\/v2\/comments?post=22287"}],"version-history":[{"count":0,"href":"https:\/\/guialimeira.com.br\/news\/wp-json\/wp\/v2\/posts\/22287\/revisions"}],"wp:featuredmedia":[{"embeddable":true,"href":"https:\/\/guialimeira.com.br\/news\/wp-json\/wp\/v2\/media\/22288"}],"wp:attachment":[{"href":"https:\/\/guialimeira.com.br\/news\/wp-json\/wp\/v2\/media?parent=22287"}],"wp:term":[{"taxonomy":"category","embeddable":true,"href":"https:\/\/guialimeira.com.br\/news\/wp-json\/wp\/v2\/categories?post=22287"},{"taxonomy":"post_tag","embeddable":true,"href":"https:\/\/guialimeira.com.br\/news\/wp-json\/wp\/v2\/tags?post=22287"}],"curies":[{"name":"wp","href":"https:\/\/api.w.org\/{rel}","templated":true}]}}