{"id":22284,"date":"2025-01-31T11:48:36","date_gmt":"2025-01-31T14:48:36","guid":{"rendered":"https:\/\/guialimeira.com.br\/2025\/01\/31\/banco-central-setor-publico-registra-deficit-de-04-do-pib-em-2024\/"},"modified":"2025-01-31T11:48:36","modified_gmt":"2025-01-31T14:48:36","slug":"banco-central-setor-publico-registra-deficit-de-04-do-pib-em-2024","status":"publish","type":"post","link":"https:\/\/guialimeira.com.br\/news\/banco-central-setor-publico-registra-deficit-de-04-do-pib-em-2024\/","title":{"rendered":"Banco Central: setor p\u00fablico registra d\u00e9ficit de 0,4% do PIB em 2024"},"content":{"rendered":"<p> <br \/>\n<\/p>\n<div>\n<p>O setor p\u00fablico consolidado \u2013 formado por Uni\u00e3o, estados, munic\u00edpios e empresas estatais \u2013 registrou, em 2024, um d\u00e9ficit prim\u00e1rio de R$ 47,6 bilh\u00f5es, o que representa 0,4% do Produto Interno Bruto (PIB), informou hoje o Banco Central (BC). O resultado representa uma melhora expressiva em rela\u00e7\u00e3o a 2023, quando o d\u00e9ficit registrado foi de R$ 249,1 bilh\u00f5es, o equivalente a 2,28% do PIB.<img data-recalc-dims=\"1\" decoding=\"async\" src=\"https:\/\/i0.wp.com\/agenciabrasil.ebc.com.br\/ebc.png?w=696&#038;ssl=1\" style=\"width:1px; height:1px; display:inline;\"\/><img data-recalc-dims=\"1\" decoding=\"async\" src=\"https:\/\/i0.wp.com\/agenciabrasil.ebc.com.br\/ebc.gif?w=696&#038;ssl=1\" style=\"width:1px; height:1px; display:inline;\"\/><\/p>\n<p>Em dezembro passado, o setor p\u00fablico registrou um super\u00e1vit prim\u00e1rio de R$ 15,7 bilh\u00f5es no setor p\u00fablico consolidado, ante d\u00e9ficit de R$ 129,6 bilh\u00f5es em dezembro de 2023. A melhora se deve, principalmente, ao fato de que, em 2023, houve o pagamento de precat\u00f3rios na ordem de R$\u00a092,4 bilh\u00f5es.<\/p>\n<p>\u201cEm dezembro, o Governo Central e as empresas estatais foram superavit\u00e1rios, na ordem, em R$ 26,7 bilh\u00f5es e R$1 bilh\u00e3o, enquanto os governos regionais registraram d\u00e9ficit de R$\u00a012 bilh\u00f5es\u201d, disse o BC.<\/p>\n<p>O \u00f3rg\u00e3o informou ainda que, em 2024, os juros nominais do setor p\u00fablico consolidado, apropriados pelo crit\u00e9rio de compet\u00eancia, alcan\u00e7aram R$ 950,4 bilh\u00f5es (8,05% do PIB), ante R$ 718,3 bilh\u00f5es (6,56% do PIB) em 2023.<\/p>\n<p>J\u00e1 em dezembro passado, os juros nominais atingiram R$\u00a096,1 bilh\u00f5es, ante R$\u00a063,9 bilh\u00f5es em dezembro de 2023. A autoridade monet\u00e1ria disse que o resultado das opera\u00e7\u00f5es de <em>swap<\/em> cambial, que registraram ganho de R$\u00a06,6 bilh\u00f5es em dezembro de 2023 e perda de R$\u00a019,9 bilh\u00f5es em dezembro de 2024, contribuiu para o resultado.<\/p>\n<p>Ainda de acordo como BC, o resultado nominal do setor p\u00fablico consolidado, que inclui o resultado prim\u00e1rio e os juros nominais apropriados, foi deficit\u00e1rio em R$ 998 bilh\u00f5es, o que representa 8,45% do PIB de 2024, ante R$ 967,4 bilh\u00f5es (8,84% do PIB) em 2023. Em dezembro, o d\u00e9ficit nominal atingiu R$ 80,4 bilh\u00f5es, comparativamente a R$\u00a0193,4 bilh\u00f5es em dezembro do ano anterior.<\/p>\n<p>J\u00e1 a D\u00edvida L\u00edquida do Setor P\u00fablico (DLSP) ficou em R$ 7,2 trilh\u00f5es em 2024, o equivalente a 61,1% do PIB. A eleva\u00e7\u00e3o anual de 0,7 p.p. do PIB se deve aos juros nominais apropriados, que registraram alta de 8,0 p.p.; o d\u00e9ficit prim\u00e1rio, que ficou 0,4 p.p., o reconhecimento de d\u00edvidas, o efeito da desvaloriza\u00e7\u00e3o cambial de 27,9% no ano.<\/p>\n<p>Tamb\u00e9m influenciaram os ajustes da d\u00edvida externa l\u00edquida (-0,3 p.p.), o efeito das privatiza\u00e7\u00f5es (-0,3 p.p.) e o crescimento do PIB nominal (-4,4 p.p.).<\/p>\n<p>Em rela\u00e7\u00e3o \u00e0 D\u00edvida Bruta do Governo Geral (DBGG) \u2013 que compreende o governo federal, o INSS e os governos estaduais e municipais \u2013 o resultado atingiu 76,1% do PIB, ficando em R$\u00a09 trilh\u00f5es em 2024.<\/p>\n<p>\u00a0<\/p>\n<p>      <!-- Relacionada --><\/p>\n<p>            <!-- Relacionada -->\n    <\/div>\n<p><br \/>\n<br \/><a href=\"https:\/\/agenciabrasil.ebc.com.br\/economia\/noticia\/2025-01\/banco-central-setor-publico-registra-deficit-de-04-do-pib-em-2024\" rel=\"noopener\">Ag\u00eancia Brasil<\/a><\/p>\n","protected":false},"excerpt":{"rendered":"<p>O setor p\u00fablico consolidado \u2013 formado por Uni\u00e3o, estados, munic\u00edpios e empresas estatais \u2013 registrou, em 2024, um d\u00e9ficit prim\u00e1rio de R$ 47,6 bilh\u00f5es, o que representa 0,4% do Produto Interno Bruto (PIB), informou hoje o Banco Central (BC). O resultado representa uma melhora expressiva em rela\u00e7\u00e3o a 2023, quando o d\u00e9ficit registrado foi de [&hellip;]<\/p>\n","protected":false},"author":1,"featured_media":3171,"comment_status":"open","ping_status":"open","sticky":false,"template":"","format":"standard","meta":{"_jetpack_newsletter_access":"","_jetpack_dont_email_post_to_subs":false,"_jetpack_newsletter_tier_id":0,"_jetpack_memberships_contains_paywalled_content":false,"_mbp_banners":[],"_jetpack_feature_clip_id":0,"_jetpack_memberships_contains_paid_content":false,"footnotes":"","jetpack_publicize_message":"","jetpack_publicize_feature_enabled":true,"jetpack_social_post_already_shared":true,"jetpack_social_options":{"image_generator_settings":{"template":"highway","default_image_id":0,"font":"","enabled":false},"version":2},"jetpack_post_was_ever_published":false},"categories":[24],"tags":[],"class_list":["post-22284","post","type-post","status-publish","format-standard","has-post-thumbnail","category-economia"],"jetpack_publicize_connections":[],"jetpack-related-posts":[],"jetpack_shortlink":"https:\/\/wp.me\/p7Eq1F-5Nq","jetpack_sharing_enabled":true,"jetpack_featured_media_url":"https:\/\/i0.wp.com\/guialimeira.com.br\/news\/wp-content\/uploads\/2024\/04\/economia_1609210423_0.jpg?fit=1600%2C800&ssl=1","_links":{"self":[{"href":"https:\/\/guialimeira.com.br\/news\/wp-json\/wp\/v2\/posts\/22284","targetHints":{"allow":["GET"]}}],"collection":[{"href":"https:\/\/guialimeira.com.br\/news\/wp-json\/wp\/v2\/posts"}],"about":[{"href":"https:\/\/guialimeira.com.br\/news\/wp-json\/wp\/v2\/types\/post"}],"author":[{"embeddable":true,"href":"https:\/\/guialimeira.com.br\/news\/wp-json\/wp\/v2\/users\/1"}],"replies":[{"embeddable":true,"href":"https:\/\/guialimeira.com.br\/news\/wp-json\/wp\/v2\/comments?post=22284"}],"version-history":[{"count":0,"href":"https:\/\/guialimeira.com.br\/news\/wp-json\/wp\/v2\/posts\/22284\/revisions"}],"wp:featuredmedia":[{"embeddable":true,"href":"https:\/\/guialimeira.com.br\/news\/wp-json\/wp\/v2\/media\/3171"}],"wp:attachment":[{"href":"https:\/\/guialimeira.com.br\/news\/wp-json\/wp\/v2\/media?parent=22284"}],"wp:term":[{"taxonomy":"category","embeddable":true,"href":"https:\/\/guialimeira.com.br\/news\/wp-json\/wp\/v2\/categories?post=22284"},{"taxonomy":"post_tag","embeddable":true,"href":"https:\/\/guialimeira.com.br\/news\/wp-json\/wp\/v2\/tags?post=22284"}],"curies":[{"name":"wp","href":"https:\/\/api.w.org\/{rel}","templated":true}]}}