{"id":22269,"date":"2025-01-31T09:46:45","date_gmt":"2025-01-31T12:46:45","guid":{"rendered":"https:\/\/guialimeira.com.br\/2025\/01\/31\/taxa-de-desemprego-fica-em-62-no-ultimo-trimestre-de-2024\/"},"modified":"2025-01-31T09:46:45","modified_gmt":"2025-01-31T12:46:45","slug":"taxa-de-desemprego-fica-em-62-no-ultimo-trimestre-de-2024","status":"publish","type":"post","link":"https:\/\/guialimeira.com.br\/news\/taxa-de-desemprego-fica-em-62-no-ultimo-trimestre-de-2024\/","title":{"rendered":"Taxa de desemprego fica em 6,2% no \u00faltimo trimestre de 2024"},"content":{"rendered":"<p> <br \/>\n<\/p>\n<div>\n<p>A taxa de desocupa\u00e7\u00e3o, tamb\u00e9m conhecida como taxa de desemprego, no pa\u00eds ficou em 6,2% no \u00faltimo trimestre de 2024. O \u00edndice \u00e9 estatisticamente est\u00e1vel em rela\u00e7\u00e3o ao terceiro trimestre do ano (6,4%) e inferior ao observado no \u00faltimo trimestre de 2023 (7,4%). Os dados s\u00e3o da Pesquisa Nacional por Amostra de Domic\u00edlios (Pnad) Cont\u00ednua, divulgada nesta sexta-feira (31)\u00a0pelo Instituto Brasileiro de Geografia e Estat\u00edstica (IBGE).<img data-recalc-dims=\"1\" decoding=\"async\" src=\"https:\/\/i0.wp.com\/agenciabrasil.ebc.com.br\/ebc.png?w=696&#038;ssl=1\" style=\"width:1px; height:1px; display:inline;\"\/><img data-recalc-dims=\"1\" decoding=\"async\" src=\"https:\/\/i0.wp.com\/agenciabrasil.ebc.com.br\/ebc.gif?w=696&#038;ssl=1\" style=\"width:1px; height:1px; display:inline;\"\/><\/p>\n<p>Com o resultado, a taxa anual de desocupa\u00e7\u00e3o ficou em 6,6%, o menor patamar da s\u00e9rie hist\u00f3rica\u00a0iniciada em 2012. Antes disso, o menor n\u00edvel havia sido 7% em 2014.<\/p>\n<p>No \u00faltimo trimestre de 2024, o contingente de desocupados ficou em 6,8 milh\u00f5es, est\u00e1vel em rela\u00e7\u00e3o ao trimestre anterior e 15,6% inferior ao \u00faltimo trimestre do ano anterior (menos 1,3 milh\u00e3o de pessoas).<\/p>\n<p>A popula\u00e7\u00e3o ocupada (103,8 milh\u00f5es) cresceu em ambas as compara\u00e7\u00f5es: 0,8% (mais 789 mil pessoas) no trimestre e 2,8% (mais 2,8 milh\u00f5es de pessoas) no ano.<\/p>\n<p>O rendimento real habitual do trabalhador subiu para R$ 3.315 no \u00faltimo trimestre de 2024, ou seja, altas de 1,4% na compara\u00e7\u00e3o trimestral e de 4,3% na compara\u00e7\u00e3o anual. A massa de rendimento real habitual\u00a0registrou o volume recorde de R$ 339,5 bilh\u00f5es, 2,3% a mais (ou mais R$ 7,5 bilh\u00f5es) que no trimestre anterior e 7,4% superior (ou mais R$ 23,3 bilh\u00f5es) que no quatro trimestre de 2023.<\/p>\n<p>      <!-- Relacionada --><\/p>\n<p>            <!-- Relacionada -->\n    <\/div>\n<p><br \/>\n<br \/><a href=\"https:\/\/agenciabrasil.ebc.com.br\/economia\/noticia\/2025-01\/taxa-de-desemprego-fica-em-62-no-ultimo-trimestre-de-2024\" rel=\"noopener\">Ag\u00eancia Brasil<\/a><\/p>\n","protected":false},"excerpt":{"rendered":"<p>A taxa de desocupa\u00e7\u00e3o, tamb\u00e9m conhecida como taxa de desemprego, no pa\u00eds ficou em 6,2% no \u00faltimo trimestre de 2024. O \u00edndice \u00e9 estatisticamente est\u00e1vel em rela\u00e7\u00e3o ao terceiro trimestre do ano (6,4%) e inferior ao observado no \u00faltimo trimestre de 2023 (7,4%). Os dados s\u00e3o da Pesquisa Nacional por Amostra de Domic\u00edlios (Pnad) Cont\u00ednua, [&hellip;]<\/p>\n","protected":false},"author":1,"featured_media":17476,"comment_status":"open","ping_status":"open","sticky":false,"template":"","format":"standard","meta":{"_jetpack_newsletter_access":"","_jetpack_dont_email_post_to_subs":false,"_jetpack_newsletter_tier_id":0,"_jetpack_memberships_contains_paywalled_content":false,"_mbp_banners":[],"_jetpack_feature_clip_id":0,"_jetpack_memberships_contains_paid_content":false,"footnotes":"","jetpack_publicize_message":"","jetpack_publicize_feature_enabled":true,"jetpack_social_post_already_shared":true,"jetpack_social_options":{"image_generator_settings":{"template":"highway","default_image_id":0,"font":"","enabled":false},"version":2},"jetpack_post_was_ever_published":false},"categories":[24],"tags":[],"class_list":["post-22269","post","type-post","status-publish","format-standard","has-post-thumbnail","category-economia"],"jetpack_publicize_connections":[],"jetpack-related-posts":[],"jetpack_shortlink":"https:\/\/wp.me\/p7Eq1F-5Nb","jetpack_sharing_enabled":true,"jetpack_featured_media_url":"https:\/\/i0.wp.com\/guialimeira.com.br\/news\/wp-content\/uploads\/2024\/11\/alunos_do_curso_tecnico_de_gastronomia_do_instituto_federal_de_brasilia.jpg?fit=1600%2C800&ssl=1","_links":{"self":[{"href":"https:\/\/guialimeira.com.br\/news\/wp-json\/wp\/v2\/posts\/22269","targetHints":{"allow":["GET"]}}],"collection":[{"href":"https:\/\/guialimeira.com.br\/news\/wp-json\/wp\/v2\/posts"}],"about":[{"href":"https:\/\/guialimeira.com.br\/news\/wp-json\/wp\/v2\/types\/post"}],"author":[{"embeddable":true,"href":"https:\/\/guialimeira.com.br\/news\/wp-json\/wp\/v2\/users\/1"}],"replies":[{"embeddable":true,"href":"https:\/\/guialimeira.com.br\/news\/wp-json\/wp\/v2\/comments?post=22269"}],"version-history":[{"count":0,"href":"https:\/\/guialimeira.com.br\/news\/wp-json\/wp\/v2\/posts\/22269\/revisions"}],"wp:featuredmedia":[{"embeddable":true,"href":"https:\/\/guialimeira.com.br\/news\/wp-json\/wp\/v2\/media\/17476"}],"wp:attachment":[{"href":"https:\/\/guialimeira.com.br\/news\/wp-json\/wp\/v2\/media?parent=22269"}],"wp:term":[{"taxonomy":"category","embeddable":true,"href":"https:\/\/guialimeira.com.br\/news\/wp-json\/wp\/v2\/categories?post=22269"},{"taxonomy":"post_tag","embeddable":true,"href":"https:\/\/guialimeira.com.br\/news\/wp-json\/wp\/v2\/tags?post=22269"}],"curies":[{"name":"wp","href":"https:\/\/api.w.org\/{rel}","templated":true}]}}