{"id":22226,"date":"2025-01-30T19:32:32","date_gmt":"2025-01-30T22:32:32","guid":{"rendered":"https:\/\/guialimeira.com.br\/2025\/01\/30\/dolar-tem-nova-queda-e-bolsa-sobe-282-o-maior-nivel-desde-dezembro\/"},"modified":"2025-01-30T19:32:32","modified_gmt":"2025-01-30T22:32:32","slug":"dolar-tem-nova-queda-e-bolsa-sobe-282-o-maior-nivel-desde-dezembro","status":"publish","type":"post","link":"https:\/\/guialimeira.com.br\/news\/dolar-tem-nova-queda-e-bolsa-sobe-282-o-maior-nivel-desde-dezembro\/","title":{"rendered":"D\u00f3lar tem nova queda e bolsa sobe 2,82%, o maior n\u00edvel desde dezembro"},"content":{"rendered":"<p> <br \/>\n<\/p>\n<div>\n<p>Num dia de ganhos para os ativos brasileiros, a bolsa de valores subiu quase 3% e atingiu o maior n\u00edvel desde dezembro. O d\u00f3lar teve a nona queda seguida e atingiu o menor valor em mais de dois meses.<img data-recalc-dims=\"1\" decoding=\"async\" src=\"https:\/\/i0.wp.com\/agenciabrasil.ebc.com.br\/ebc.png?w=696&#038;ssl=1\" style=\"width:1px; height:1px; display:inline;\"\/><img data-recalc-dims=\"1\" decoding=\"async\" src=\"https:\/\/i0.wp.com\/agenciabrasil.ebc.com.br\/ebc.gif?w=696&#038;ssl=1\" style=\"width:1px; height:1px; display:inline;\"\/><\/p>\n<p>O \u00edndice Ibovespa, da B3, encerrou esta quinta-feira (30) aos 126.913 pontos, com alta de 2,82%. O indicador foi impulsionado por a\u00e7\u00f5es ligadas ao consumo. Isso porque o <a href=\"https:\/\/agenciabrasil.ebc.com.br\/economia\/noticia\/2025-01\/copom-eleva-juros-basicos-da-economia-para-1325-ao-ano\" rel=\"noopener\">comunicado do Comit\u00ea de Pol\u00edtica Monet\u00e1ria<\/a> (Copom) n\u00e3o deu pistas sobre o que o Banco Central (BC) far\u00e1 com a Taxa Selic (juros b\u00e1sicos da economia) depois da reuni\u00e3o de mar\u00e7o.<\/p>\n<p>O Ibovespa est\u00e1 no maior n\u00edvel desde 11 de dezembro. A possibilidade de que o BC suba os juros menos que o esperado animou a bolsa de valores. Taxas mais baixas estimulam a migra\u00e7\u00e3o de investimentos em renda fixa para o mercado de a\u00e7\u00f5es.<\/p>\n<p>No mercado de c\u00e2mbio, o dia tamb\u00e9m foi marcado pelo al\u00edvio. O d\u00f3lar comercial fechou vendido a R$ 5,852, com queda de R$ 0,014 (-0,24%). A cota\u00e7\u00e3o iniciou o dia em alta, chegando a R$ 5,93 por volta das 9h15, mas inverteu o movimento e recuou. Em janeiro, a moeda norte-americana cai 5,27%.<\/p>\n<p>Diferentemente dos \u00faltimos dias, em que as not\u00edcias do governo Donald Trump influenciavam o mercado financeiro, o cen\u00e1rio internacional n\u00e3o pesou tanto. O novo presidente norte-americano reafirmou a inten\u00e7\u00e3o de impor uma tarifa de 25% sobre as importa\u00e7\u00f5es do M\u00e9xico e do Canad\u00e1, mas a amea\u00e7a n\u00e3o repercutiu no mercado brasileiro.<\/p>\n<p>Al\u00e9m da possibilidade de que o Banco Central diminua o ritmo de aumento da Selic, a divulga\u00e7\u00e3o de que o d\u00e9ficit prim\u00e1rio em 2024 <a href=\"https:\/\/agenciabrasil.ebc.com.br\/economia\/noticia\/2025-01\/deficit-primario-totaliza-r-43-bilhoes-em-2024\" rel=\"noopener\">ficou em R$ 43 bilh\u00f5es<\/a>, resultado melhor que a previs\u00e3o de rombo de R$ 55,4 bilh\u00f5es, segundo a pesquisa Prisma Fiscal, feita pelo Minist\u00e9rio da Fazenda.<\/p>\n<p>\u00a0<\/p>\n<p><em>*Com informa\u00e7\u00f5es da Reuters<\/em><\/p>\n<p>      <!-- Relacionada --><\/p>\n<p>            <!-- Relacionada -->\n    <\/div>\n<p><br \/>\n<br \/><a href=\"https:\/\/agenciabrasil.ebc.com.br\/economia\/noticia\/2025-01\/dolar-tem-nova-queda-e-bolsa-sobe-282-o-maior-nivel-desde-dezembro\" rel=\"noopener\">Ag\u00eancia Brasil<\/a><\/p>\n","protected":false},"excerpt":{"rendered":"<p>Num dia de ganhos para os ativos brasileiros, a bolsa de valores subiu quase 3% e atingiu o maior n\u00edvel desde dezembro. O d\u00f3lar teve a nona queda seguida e atingiu o menor valor em mais de dois meses. O \u00edndice Ibovespa, da B3, encerrou esta quinta-feira (30) aos 126.913 pontos, com alta de 2,82%. [&hellip;]<\/p>\n","protected":false},"author":1,"featured_media":22227,"comment_status":"open","ping_status":"open","sticky":false,"template":"","format":"standard","meta":{"_jetpack_newsletter_access":"","_jetpack_dont_email_post_to_subs":false,"_jetpack_newsletter_tier_id":0,"_jetpack_memberships_contains_paywalled_content":false,"_mbp_banners":[],"_jetpack_feature_clip_id":0,"_jetpack_memberships_contains_paid_content":false,"footnotes":"","jetpack_publicize_message":"","jetpack_publicize_feature_enabled":true,"jetpack_social_post_already_shared":true,"jetpack_social_options":{"image_generator_settings":{"template":"highway","default_image_id":0,"font":"","enabled":false},"version":2},"jetpack_post_was_ever_published":false},"categories":[24],"tags":[],"class_list":["post-22226","post","type-post","status-publish","format-standard","has-post-thumbnail","category-economia"],"jetpack_publicize_connections":[],"jetpack-related-posts":[],"jetpack_shortlink":"https:\/\/wp.me\/p7Eq1F-5Mu","jetpack_sharing_enabled":true,"jetpack_featured_media_url":"https:\/\/i0.wp.com\/guialimeira.com.br\/news\/wp-content\/uploads\/2025\/01\/dolar_moeda_0803221203.jpg?fit=1600%2C800&ssl=1","_links":{"self":[{"href":"https:\/\/guialimeira.com.br\/news\/wp-json\/wp\/v2\/posts\/22226","targetHints":{"allow":["GET"]}}],"collection":[{"href":"https:\/\/guialimeira.com.br\/news\/wp-json\/wp\/v2\/posts"}],"about":[{"href":"https:\/\/guialimeira.com.br\/news\/wp-json\/wp\/v2\/types\/post"}],"author":[{"embeddable":true,"href":"https:\/\/guialimeira.com.br\/news\/wp-json\/wp\/v2\/users\/1"}],"replies":[{"embeddable":true,"href":"https:\/\/guialimeira.com.br\/news\/wp-json\/wp\/v2\/comments?post=22226"}],"version-history":[{"count":0,"href":"https:\/\/guialimeira.com.br\/news\/wp-json\/wp\/v2\/posts\/22226\/revisions"}],"wp:featuredmedia":[{"embeddable":true,"href":"https:\/\/guialimeira.com.br\/news\/wp-json\/wp\/v2\/media\/22227"}],"wp:attachment":[{"href":"https:\/\/guialimeira.com.br\/news\/wp-json\/wp\/v2\/media?parent=22226"}],"wp:term":[{"taxonomy":"category","embeddable":true,"href":"https:\/\/guialimeira.com.br\/news\/wp-json\/wp\/v2\/categories?post=22226"},{"taxonomy":"post_tag","embeddable":true,"href":"https:\/\/guialimeira.com.br\/news\/wp-json\/wp\/v2\/tags?post=22226"}],"curies":[{"name":"wp","href":"https:\/\/api.w.org\/{rel}","templated":true}]}}