{"id":22221,"date":"2025-01-30T19:19:33","date_gmt":"2025-01-30T22:19:33","guid":{"rendered":"https:\/\/guialimeira.com.br\/2025\/01\/30\/sao-paulo-confirma-morte-de-primata-por-febre-amarela-em-osasco\/"},"modified":"2025-01-30T19:19:33","modified_gmt":"2025-01-30T22:19:33","slug":"sao-paulo-confirma-morte-de-primata-por-febre-amarela-em-osasco","status":"publish","type":"post","link":"https:\/\/guialimeira.com.br\/news\/sao-paulo-confirma-morte-de-primata-por-febre-amarela-em-osasco\/","title":{"rendered":"S\u00e3o Paulo confirma morte de primata por febre amarela em Osasco"},"content":{"rendered":"<p> <br \/>\n<\/p>\n<div>\n<p>O estado de S\u00e3o Paulo confirmou a notifica\u00e7\u00e3o de uma morte de primata com febre amarela em um trecho de mata na cidade de Osasco, regi\u00e3o metropolitana da capital, e est\u00e1 em negocia\u00e7\u00e3o com o Minist\u00e9rio da Sa\u00fade para receber seis milh\u00f5es de doses da vacina contra a doen\u00e7a.<img data-recalc-dims=\"1\" decoding=\"async\" src=\"https:\/\/i0.wp.com\/agenciabrasil.ebc.com.br\/ebc.png?w=696&#038;ssl=1\" style=\"width:1px; height:1px; display:inline;\"\/><img data-recalc-dims=\"1\" decoding=\"async\" src=\"https:\/\/i0.wp.com\/agenciabrasil.ebc.com.br\/ebc.gif?w=696&#038;ssl=1\" style=\"width:1px; height:1px; display:inline;\"\/><\/p>\n<p>Segundo a Secretaria Estadual de Sa\u00fade, o minist\u00e9rio enviou para S\u00e3o Paulo trezentas mil doses do imunizante esta semana e informou que, at\u00e9 a pr\u00f3xima semana, remeter\u00e1 mais um milh\u00e3o de doses.<\/p>\n<h2>Vacina\u00e7\u00e3o<\/h2>\n<p>No estado, foram confirmados oito casos da doen\u00e7a em humanos. Sete pessoas contra\u00edram a doen\u00e7a em territ\u00f3rio paulista. Em todos os casos os pacientes n\u00e3o tinham se vacinado contra a febre amarela.<\/p>\n<p>A meta \u00e9 vacinar 95% da popula\u00e7\u00e3o, mas a cobertura atual \u00e9 de 80%. Segundo o painel de vacina\u00e7\u00e3o do Minist\u00e9rio da Sa\u00fade, foram distribu\u00eddos 11 milh\u00f5es de doses do imunizante nos \u00faltimos seis meses, dos quais 3,5 milh\u00f5es em janeiro deste ano. S\u00e3o Paulo foi o destino de um milh\u00e3o de doses em janeiro.<\/p>\n<p>Em primatas, que n\u00e3o transmitem diretamente a doen\u00e7a, houve 25 casos de febre amarela confirmados, dos quais 20 em Ribeir\u00e3o Preto, um em Pinhalzinho, um em Socorro, um em Colina, um em Campinas e um em Osasco.<\/p>\n<p>A vacina\u00e7\u00e3o \u00e9 realizada em dose \u00fanica para maiores de cinco anos. Crian\u00e7as menores recebem uma dose aos nove meses e refor\u00e7o aos quatro anos.\u00a0 Desde 2017, o pa\u00eds adota esquema vacinal com uma dose para toda a vida.<\/p>\n<p>      <!-- Relacionada --><\/p>\n<p>            <!-- Relacionada -->\n    <\/div>\n<p><br \/>\n<br \/><a href=\"https:\/\/agenciabrasil.ebc.com.br\/saude\/noticia\/2025-01\/sao-paulo-confirma-morte-de-primata-por-febre-amarela-em-osasco\" rel=\"noopener\">Ag\u00eancia Brasil <\/a><\/p>\n","protected":false},"excerpt":{"rendered":"<p>O estado de S\u00e3o Paulo confirmou a notifica\u00e7\u00e3o de uma morte de primata com febre amarela em um trecho de mata na cidade de Osasco, regi\u00e3o metropolitana da capital, e est\u00e1 em negocia\u00e7\u00e3o com o Minist\u00e9rio da Sa\u00fade para receber seis milh\u00f5es de doses da vacina contra a doen\u00e7a. Segundo a Secretaria Estadual de Sa\u00fade, [&hellip;]<\/p>\n","protected":false},"author":1,"featured_media":269,"comment_status":"open","ping_status":"open","sticky":false,"template":"","format":"standard","meta":{"_jetpack_newsletter_access":"","_jetpack_dont_email_post_to_subs":false,"_jetpack_newsletter_tier_id":0,"_jetpack_memberships_contains_paywalled_content":false,"_mbp_banners":[],"_jetpack_feature_clip_id":0,"_jetpack_memberships_contains_paid_content":false,"footnotes":"","jetpack_publicize_message":"","jetpack_publicize_feature_enabled":true,"jetpack_social_post_already_shared":true,"jetpack_social_options":{"image_generator_settings":{"template":"highway","default_image_id":0,"font":"","enabled":false},"version":2},"jetpack_post_was_ever_published":false},"categories":[15],"tags":[],"class_list":["post-22221","post","type-post","status-publish","format-standard","has-post-thumbnail","category-saude"],"jetpack_publicize_connections":[],"jetpack-related-posts":[],"jetpack_shortlink":"https:\/\/wp.me\/p7Eq1F-5Mp","jetpack_sharing_enabled":true,"jetpack_featured_media_url":"https:\/\/i0.wp.com\/guialimeira.com.br\/news\/wp-content\/uploads\/2024\/03\/thumb_1200x600_agbrasil.png?fit=1200%2C600&ssl=1","_links":{"self":[{"href":"https:\/\/guialimeira.com.br\/news\/wp-json\/wp\/v2\/posts\/22221","targetHints":{"allow":["GET"]}}],"collection":[{"href":"https:\/\/guialimeira.com.br\/news\/wp-json\/wp\/v2\/posts"}],"about":[{"href":"https:\/\/guialimeira.com.br\/news\/wp-json\/wp\/v2\/types\/post"}],"author":[{"embeddable":true,"href":"https:\/\/guialimeira.com.br\/news\/wp-json\/wp\/v2\/users\/1"}],"replies":[{"embeddable":true,"href":"https:\/\/guialimeira.com.br\/news\/wp-json\/wp\/v2\/comments?post=22221"}],"version-history":[{"count":0,"href":"https:\/\/guialimeira.com.br\/news\/wp-json\/wp\/v2\/posts\/22221\/revisions"}],"wp:featuredmedia":[{"embeddable":true,"href":"https:\/\/guialimeira.com.br\/news\/wp-json\/wp\/v2\/media\/269"}],"wp:attachment":[{"href":"https:\/\/guialimeira.com.br\/news\/wp-json\/wp\/v2\/media?parent=22221"}],"wp:term":[{"taxonomy":"category","embeddable":true,"href":"https:\/\/guialimeira.com.br\/news\/wp-json\/wp\/v2\/categories?post=22221"},{"taxonomy":"post_tag","embeddable":true,"href":"https:\/\/guialimeira.com.br\/news\/wp-json\/wp\/v2\/tags?post=22221"}],"curies":[{"name":"wp","href":"https:\/\/api.w.org\/{rel}","templated":true}]}}