{"id":22216,"date":"2025-01-30T18:31:41","date_gmt":"2025-01-30T21:31:41","guid":{"rendered":"https:\/\/guialimeira.com.br\/2025\/01\/30\/recursos-para-reconstrucao-do-rio-grande-do-sul-somam-r-29-bi\/"},"modified":"2025-01-30T18:31:41","modified_gmt":"2025-01-30T21:31:41","slug":"recursos-para-reconstrucao-do-rio-grande-do-sul-somam-r-29-bi","status":"publish","type":"post","link":"https:\/\/guialimeira.com.br\/news\/recursos-para-reconstrucao-do-rio-grande-do-sul-somam-r-29-bi\/","title":{"rendered":"Recursos para reconstru\u00e7\u00e3o do Rio Grande do Sul somam R$ 29 bi"},"content":{"rendered":"<p> <br \/>\n<\/p>\n<div>\n<p>Os gastos com a reconstru\u00e7\u00e3o do Rio Grande do Sul somaram R$ 29,016 bilh\u00f5es de um total de R$ 40,66 bilh\u00f5es dispon\u00edveis, divulgou nesta quinta-feira (30), em Bras\u00edlia, o Tesouro Nacional. Por for\u00e7a de lei, os gastos ficaram fora da meta fiscal e n\u00e3o entraram no c\u00e1lculo de d\u00e9ficit prim\u00e1rio.<img data-recalc-dims=\"1\" decoding=\"async\" src=\"https:\/\/i0.wp.com\/agenciabrasil.ebc.com.br\/ebc.png?w=696&#038;ssl=1\" style=\"width:1px; height:1px; display:inline;\"\/><img data-recalc-dims=\"1\" decoding=\"async\" src=\"https:\/\/i0.wp.com\/agenciabrasil.ebc.com.br\/ebc.gif?w=696&#038;ssl=1\" style=\"width:1px; height:1px; display:inline;\"\/><\/p>\n<p>A maior parte dos recursos, informou o Tesouro, abrange gastos em cr\u00e9ditos extraordin\u00e1rios para obras e ajudas diretas \u00e0 popula\u00e7\u00e3o, que somaram R$ 21,533 bilh\u00f5es de um total de R$ 28,503 bilh\u00f5es dispon\u00edveis.<\/p>\n<p>Desses cr\u00e9ditos, R$ 6,5 bilh\u00f5es foram gastos na capitaliza\u00e7\u00e3o do Fundo de Apoio \u00e0 Infraestrutura, que financia obras de recupera\u00e7\u00e3o no estado, e R$ 6,05 bilh\u00f5es do Fundo Garantidor de Investimentos (FGI) e no Fundo de Garantia de Opera\u00e7\u00f5es (FGO), usado para apoiar micro e pequenas empresas.<\/p>\n<p>Em segundo lugar, vem o pagamento de R$ 2,83 bilh\u00f5es em antecipa\u00e7\u00e3o de precat\u00f3rios da Previd\u00eancia Social para cidad\u00e3os do estado. Completam a lista R$ 1,66 bilh\u00e3o de subven\u00e7\u00f5es para o cr\u00e9dito rural e o Programa Nacional de Apoio \u00e0s Microempresas e Empresas de Pequeno Porte (Pronampe), R$ 988 milh\u00f5es em apoio a estados e munic\u00edpios, R$ 848 milh\u00f5es em precat\u00f3rios em geral, e R$ 748 milh\u00f5es em precat\u00f3rios a servidores p\u00fablicos e em vagas emergenciais no Hospital Nossa Senhora da Concei\u00e7\u00e3o.<\/p>\n<h2>Gastos<\/h2>\n<p>A Uni\u00e3o gastou, ainda, R$ 367 milh\u00f5es com a concess\u00e3o de duas parcelas adicionais do seguro-desemprego e R$ 25 milh\u00f5es com precat\u00f3rios do Benef\u00edcio de Presta\u00e7\u00e3o Continuada (BPC) e R$ 24 milh\u00f5es com a recupera\u00e7\u00e3o de unidades da Defensoria P\u00fablica da Uni\u00e3o, do Minist\u00e9rio P\u00fablico Federal e de tribunais federais no estado e com o fortalecimento de assist\u00eancia jur\u00eddica gratuita.<\/p>\n<p>O secret\u00e1rio do Tesouro Nacional, Rog\u00e9rio Ceron, fez um balan\u00e7o positivo do programa de ajuda ao Rio Grande do Sul. \u201cOs nossos indicadores s\u00e3o todos positivos, como a gente j\u00e1 sinalizava. Logo quando come\u00e7aram as medidas, dissemos que o processo de recupera\u00e7\u00e3o ia ser muito forte. N\u00f3s dissemos que o processo de recupera\u00e7\u00e3o ia ser muito forte porque ia se assemelhar a um p\u00f3s-guerra. A forma como a gente atuava era pensando nisso\u201d, declarou.<\/p>\n<p>Segundo Ceron, embora a vig\u00eancia do decreto de calamidade p\u00fablica no Rio Grande do Sul \u2013 em raz\u00e3o de fortes chuvas em 2024 &#8211; tenha acabado no fim do ano passado, algumas verbas residuais dos cerca de R$ 11 bilh\u00f5es restantes podem ficar como restos a pagar para 2025. Por meio dos restos a pagar, o governo gasta em um ano verbas empenhadas (autorizadas) em anos anteriores.<\/p>\n<h2>D\u00e9ficit prim\u00e1rio<\/h2>\n<p><a href=\"https:\/\/agenciabrasil.ebc.com.br\/economia\/noticia\/2025-01\/deficit-primario-totaliza-r-43-bilhoes-em-2024\" target=\"_blank\" rel=\"noopener\">Os gastos com o Rio Grande do Sul pesaram no d\u00e9ficit prim\u00e1rio de R$ 43,006 bilh\u00f5es<\/a>, 0,36% do Produto Interno Bruto (PIB), em 2024. Por se tratarem de cr\u00e9ditos extraordin\u00e1rios, os gastos foram exclu\u00eddos da meta de d\u00e9ficit prim\u00e1rio do arcabou\u00e7o fiscal.<\/p>\n<p>Sem os cr\u00e9ditos extraordin\u00e1rios e pelos crit\u00e9rios do arcabou\u00e7o fiscal, o d\u00e9ficit prim\u00e1rio teria encerrado o ano passado em R$ 11,032 bilh\u00f5es (0,09% do PIB), dentro da margem de toler\u00e2ncia de R$ 28,75 bilh\u00f5es de d\u00e9ficit do arcabou\u00e7o fiscal.<\/p>\n<p>O resultado prim\u00e1rio representa a diferen\u00e7a entre as receitas e os gastos, desconsiderando o pagamento dos juros da d\u00edvida p\u00fablica. A Lei de Diretrizes Or\u00e7ament\u00e1rias (LDO) de 2024 e o arcabou\u00e7o fiscal estabelecem meta de d\u00e9ficit prim\u00e1rio zero, com margem de toler\u00e2ncia de 0,25 ponto percentual do Produto Interno Bruto (PIB) para cima ou para baixo, para o Governo Central. No limite inferior da meta, isso equivale a d\u00e9ficit de at\u00e9 R$ 28,75 bilh\u00f5es.<\/p>\n<p>      <!-- Relacionada --><\/p>\n<p>            <!-- Relacionada -->\n    <\/div>\n<p><br \/>\n<br \/><a href=\"https:\/\/agenciabrasil.ebc.com.br\/economia\/noticia\/2025-01\/Recursos-para-reconstru%C3%A7%C3%A3o-do-Rio%20Grande-do-Sul-somam-R%24%2029%20bi\" rel=\"noopener\">Ag\u00eancia Brasil<\/a><\/p>\n","protected":false},"excerpt":{"rendered":"<p>Os gastos com a reconstru\u00e7\u00e3o do Rio Grande do Sul somaram R$ 29,016 bilh\u00f5es de um total de R$ 40,66 bilh\u00f5es dispon\u00edveis, divulgou nesta quinta-feira (30), em Bras\u00edlia, o Tesouro Nacional. Por for\u00e7a de lei, os gastos ficaram fora da meta fiscal e n\u00e3o entraram no c\u00e1lculo de d\u00e9ficit prim\u00e1rio. A maior parte dos recursos, [&hellip;]<\/p>\n","protected":false},"author":1,"featured_media":403,"comment_status":"open","ping_status":"open","sticky":false,"template":"","format":"standard","meta":{"_jetpack_newsletter_access":"","_jetpack_dont_email_post_to_subs":false,"_jetpack_newsletter_tier_id":0,"_jetpack_memberships_contains_paywalled_content":false,"_mbp_banners":[],"_jetpack_feature_clip_id":0,"_jetpack_memberships_contains_paid_content":false,"footnotes":"","jetpack_publicize_message":"","jetpack_publicize_feature_enabled":true,"jetpack_social_post_already_shared":true,"jetpack_social_options":{"image_generator_settings":{"template":"highway","default_image_id":0,"font":"","enabled":false},"version":2},"jetpack_post_was_ever_published":false},"categories":[24],"tags":[],"class_list":["post-22216","post","type-post","status-publish","format-standard","has-post-thumbnail","category-economia"],"jetpack_publicize_connections":[],"jetpack-related-posts":[],"jetpack_shortlink":"https:\/\/wp.me\/p7Eq1F-5Mk","jetpack_sharing_enabled":true,"jetpack_featured_media_url":"https:\/\/i0.wp.com\/guialimeira.com.br\/news\/wp-content\/uploads\/2024\/03\/real_moedadinheiro_jfcrz_abr_1701220049_1.jpg?fit=1600%2C800&ssl=1","_links":{"self":[{"href":"https:\/\/guialimeira.com.br\/news\/wp-json\/wp\/v2\/posts\/22216","targetHints":{"allow":["GET"]}}],"collection":[{"href":"https:\/\/guialimeira.com.br\/news\/wp-json\/wp\/v2\/posts"}],"about":[{"href":"https:\/\/guialimeira.com.br\/news\/wp-json\/wp\/v2\/types\/post"}],"author":[{"embeddable":true,"href":"https:\/\/guialimeira.com.br\/news\/wp-json\/wp\/v2\/users\/1"}],"replies":[{"embeddable":true,"href":"https:\/\/guialimeira.com.br\/news\/wp-json\/wp\/v2\/comments?post=22216"}],"version-history":[{"count":0,"href":"https:\/\/guialimeira.com.br\/news\/wp-json\/wp\/v2\/posts\/22216\/revisions"}],"wp:featuredmedia":[{"embeddable":true,"href":"https:\/\/guialimeira.com.br\/news\/wp-json\/wp\/v2\/media\/403"}],"wp:attachment":[{"href":"https:\/\/guialimeira.com.br\/news\/wp-json\/wp\/v2\/media?parent=22216"}],"wp:term":[{"taxonomy":"category","embeddable":true,"href":"https:\/\/guialimeira.com.br\/news\/wp-json\/wp\/v2\/categories?post=22216"},{"taxonomy":"post_tag","embeddable":true,"href":"https:\/\/guialimeira.com.br\/news\/wp-json\/wp\/v2\/tags?post=22216"}],"curies":[{"name":"wp","href":"https:\/\/api.w.org\/{rel}","templated":true}]}}