{"id":22198,"date":"2025-01-30T16:29:37","date_gmt":"2025-01-30T19:29:37","guid":{"rendered":"https:\/\/guialimeira.com.br\/2025\/01\/30\/brasil-sediara-reuniao-com-ministros-da-agricultura-da-africa\/"},"modified":"2025-01-30T16:29:37","modified_gmt":"2025-01-30T19:29:37","slug":"brasil-sediara-reuniao-com-ministros-da-agricultura-da-africa","status":"publish","type":"post","link":"https:\/\/guialimeira.com.br\/news\/brasil-sediara-reuniao-com-ministros-da-agricultura-da-africa\/","title":{"rendered":"Brasil sediar\u00e1 reuni\u00e3o com ministros da Agricultura da \u00c1frica"},"content":{"rendered":"<p> <br \/>\n<\/p>\n<div>\n<p>O Brasil sediar\u00e1, em maio pr\u00f3ximo, a primeira reuni\u00e3o de altas autoridades desde o lan\u00e7amento da<a href=\"https:\/\/agenciabrasil.ebc.com.br\/direitos-humanos\/noticia\/2024-11\/entenda-como-funcionara-alianca-global-contra-fome-e-pobreza\" target=\"_blank\" rel=\"noopener\"> Alian\u00e7a Global contra a Fome e a Pobreza<\/a>, no fim de 2024, na C\u00fapula do G20.<img data-recalc-dims=\"1\" decoding=\"async\" src=\"https:\/\/i0.wp.com\/agenciabrasil.ebc.com.br\/ebc.png?w=696&#038;ssl=1\" style=\"width:1px; height:1px; display:inline;\"\/><img data-recalc-dims=\"1\" decoding=\"async\" src=\"https:\/\/i0.wp.com\/agenciabrasil.ebc.com.br\/ebc.gif?w=696&#038;ssl=1\" style=\"width:1px; height:1px; display:inline;\"\/><\/p>\n<p>O encontro ter\u00e1 ministros da Agricultura de todos os pa\u00edses da \u00c1frica. Eles discutir\u00e3o formas de aumentar a produtividade agropecu\u00e1ria. A informa\u00e7\u00e3o foi divulgada pelo presidente Luiz In\u00e1cio Lula da Silva, nesta quinta-feira (30), em Bras\u00edlia, em entrevista a jornalistas, no Pal\u00e1cio do Planalto.<\/p>\n<h2>Finalidades<\/h2>\n<p>&#8220;N\u00f3s vamos fazer uma reuni\u00e3o para mostrar o que temos de bom no Brasil, levar eles [ministros] a campo para ver o que est\u00e1 acontecendo de bom, e depois fazer uma reuni\u00e3o t\u00e9cnica, coordenada pela Embrapa, pelo Minist\u00e9rio das Rela\u00e7\u00f5es Exteriores, pra gente transferir um pouco de conhecimento para os nossos companheiros africanos e ver se a gente combate a fome de verdade&#8221;, destacou Lula.<\/p>\n<p>A alian\u00e7a conta com a ades\u00e3o de 82 pa\u00edses, 24 organiza\u00e7\u00f5es internacionais, nove institui\u00e7\u00f5es financeiras e 34 organiza\u00e7\u00f5es filantr\u00f3picas e n\u00e3o governamentais. Entre os objetivos, a iniciativa pretende alcan\u00e7ar 500 milh\u00f5es de pessoas com transfer\u00eancia de renda; 150 milh\u00f5es de crian\u00e7as com alimenta\u00e7\u00e3o escolar; 200 milh\u00f5es de mulheres e crian\u00e7as de at\u00e9 seis anos com sa\u00fade e acompanhamento da gesta\u00e7\u00e3o e primeira inf\u00e2ncia, al\u00e9m de 100 milh\u00f5es de pessoas com emprego e empreendedorismo.<\/p>\n<p>A Organiza\u00e7\u00e3o das Na\u00e7\u00f5es Unidas para a Alimenta\u00e7\u00e3o e a Agricultura (FAO) estima que entre 713 milh\u00f5es e 757 milh\u00f5es de pessoas podem ter passado fome em 2023 \u2013 uma em cada 11 pessoas no mundo e uma em cada cinco na \u00c1frica.<\/p>\n<p>      <!-- Relacionada --><\/p>\n<p>            <!-- Relacionada -->\n    <\/div>\n<p><br \/>\n<br \/><a href=\"https:\/\/agenciabrasil.ebc.com.br\/Brasil-sediar%C3%A1-reuni%C3%A3o-com-ministros-da-Agricultura-da-%C3%81frica\" rel=\"noopener\">Ag\u00eancia Brasil<\/a><\/p>\n","protected":false},"excerpt":{"rendered":"<p>O Brasil sediar\u00e1, em maio pr\u00f3ximo, a primeira reuni\u00e3o de altas autoridades desde o lan\u00e7amento da Alian\u00e7a Global contra a Fome e a Pobreza, no fim de 2024, na C\u00fapula do G20. O encontro ter\u00e1 ministros da Agricultura de todos os pa\u00edses da \u00c1frica. Eles discutir\u00e3o formas de aumentar a produtividade agropecu\u00e1ria. A informa\u00e7\u00e3o foi [&hellip;]<\/p>\n","protected":false},"author":1,"featured_media":22191,"comment_status":"open","ping_status":"open","sticky":false,"template":"","format":"standard","meta":{"_jetpack_newsletter_access":"","_jetpack_dont_email_post_to_subs":false,"_jetpack_newsletter_tier_id":0,"_jetpack_memberships_contains_paywalled_content":false,"_mbp_banners":[],"_jetpack_feature_clip_id":0,"_jetpack_memberships_contains_paid_content":false,"footnotes":"","jetpack_publicize_message":"","jetpack_publicize_feature_enabled":true,"jetpack_social_post_already_shared":true,"jetpack_social_options":{"image_generator_settings":{"template":"highway","default_image_id":0,"font":"","enabled":false},"version":2},"jetpack_post_was_ever_published":false},"categories":[24],"tags":[],"class_list":["post-22198","post","type-post","status-publish","format-standard","has-post-thumbnail","category-economia"],"jetpack_publicize_connections":[],"jetpack-related-posts":[],"jetpack_shortlink":"https:\/\/wp.me\/p7Eq1F-5M2","jetpack_sharing_enabled":true,"jetpack_featured_media_url":"https:\/\/i0.wp.com\/guialimeira.com.br\/news\/wp-content\/uploads\/2025\/01\/0d9a1782.jpg?fit=1600%2C800&ssl=1","_links":{"self":[{"href":"https:\/\/guialimeira.com.br\/news\/wp-json\/wp\/v2\/posts\/22198","targetHints":{"allow":["GET"]}}],"collection":[{"href":"https:\/\/guialimeira.com.br\/news\/wp-json\/wp\/v2\/posts"}],"about":[{"href":"https:\/\/guialimeira.com.br\/news\/wp-json\/wp\/v2\/types\/post"}],"author":[{"embeddable":true,"href":"https:\/\/guialimeira.com.br\/news\/wp-json\/wp\/v2\/users\/1"}],"replies":[{"embeddable":true,"href":"https:\/\/guialimeira.com.br\/news\/wp-json\/wp\/v2\/comments?post=22198"}],"version-history":[{"count":0,"href":"https:\/\/guialimeira.com.br\/news\/wp-json\/wp\/v2\/posts\/22198\/revisions"}],"wp:featuredmedia":[{"embeddable":true,"href":"https:\/\/guialimeira.com.br\/news\/wp-json\/wp\/v2\/media\/22191"}],"wp:attachment":[{"href":"https:\/\/guialimeira.com.br\/news\/wp-json\/wp\/v2\/media?parent=22198"}],"wp:term":[{"taxonomy":"category","embeddable":true,"href":"https:\/\/guialimeira.com.br\/news\/wp-json\/wp\/v2\/categories?post=22198"},{"taxonomy":"post_tag","embeddable":true,"href":"https:\/\/guialimeira.com.br\/news\/wp-json\/wp\/v2\/tags?post=22198"}],"curies":[{"name":"wp","href":"https:\/\/api.w.org\/{rel}","templated":true}]}}