{"id":22180,"date":"2025-01-30T14:27:36","date_gmt":"2025-01-30T17:27:36","guid":{"rendered":"https:\/\/guialimeira.com.br\/2025\/01\/30\/petrobras-e-quem-decide-reajuste-de-combustivel-afirma-lula\/"},"modified":"2025-01-30T14:27:36","modified_gmt":"2025-01-30T17:27:36","slug":"petrobras-e-quem-decide-reajuste-de-combustivel-afirma-lula","status":"publish","type":"post","link":"https:\/\/guialimeira.com.br\/news\/petrobras-e-quem-decide-reajuste-de-combustivel-afirma-lula\/","title":{"rendered":"Petrobras \u00e9 quem decide reajuste de combust\u00edvel, afirma Lula"},"content":{"rendered":"<p> <br \/>\n<\/p>\n<div>\n<p>O presidente Luiz In\u00e1cio Lula da Silva afirmou nesta quinta-feira (30) que cabe \u00e0 Petrobras decidir se aumenta ou n\u00e3o o pre\u00e7o dos combust\u00edveis no pa\u00eds. A companhia est\u00e1 analisando um poss\u00edvel reajuste no valor do litro do \u00f3leo diesel, que acumula defasagem de pre\u00e7o por causa do d\u00f3lar ao longo dos \u00faltimos meses.<img data-recalc-dims=\"1\" decoding=\"async\" src=\"https:\/\/i0.wp.com\/agenciabrasil.ebc.com.br\/ebc.png?w=696&#038;ssl=1\" style=\"width:1px; height:1px; display:inline;\"\/><img data-recalc-dims=\"1\" decoding=\"async\" src=\"https:\/\/i0.wp.com\/agenciabrasil.ebc.com.br\/ebc.gif?w=696&#038;ssl=1\" style=\"width:1px; height:1px; display:inline;\"\/><\/p>\n<p>&#8220;Desde o meu primeiro mandato que eu aprendi que quem autoriza o aumento do petr\u00f3leo e derivado de petr\u00f3leo \u00e9 a Petrobras, e n\u00e3o o presidente da Rep\u00fablica&#8221;, afirmou Lula em uma entrevista coletiva com jornalistas no Pal\u00e1cio do Planalto. Na \u00faltima segunda-feira (27), Lula se reuniu com a presidente da Petrobras, Magda Chambriard, quando discutiram o cen\u00e1rio dos pre\u00e7os dos combust\u00edveis.<\/p>\n<p>&#8220;Se a Petrobras tiver que fazer um reajuste, n\u00e3o levando em conta o aumento da infla\u00e7\u00e3o de 2023 e 2024, ainda ser\u00e1 menor do que dezembro de 2022&#8221;, observou Lula.<\/p>\n<p>Com impacto maior sobre o transporte de carga, Lula foi perguntado se o aumento no diesel pode desencadear protestos de caminhoneiros, e como o governo reagiria nesse cen\u00e1rio.<\/p>\n<p>&#8220;Veja, se tiver uma movimenta\u00e7\u00e3o de caminhoneiros, vou fazer o que fiz a vida inteira, n\u00f3s vamos conversar com os caminhoneiros. Vamos conversar com todo e qualquer setor que tiver qualquer problema com o governo&#8221;, apontou o presidente. Lula insitiu que, em termos reais, o pre\u00e7o do \u00f3leo diesel, mesmo com aumento, estar\u00e1 menor do que no fim de 2022.<\/p>\n<h2>Controle da infla\u00e7\u00e3o<\/h2>\n<p>Sobre o cen\u00e1rio de infla\u00e7\u00e3o dos pre\u00e7os, especialmente dos alimentos, que tornou-se umas <a href=\"https:\/\/agenciabrasil.ebc.com.br\/politica\/noticia\/2025-01\/prioridade-do-governo-e-baratear-os-alimentos-em-2025-diz-lula\" target=\"_blank\" rel=\"noopener\">preocupa\u00e7\u00f5es centrais do governo<\/a> neste in\u00edcio de 2025, o presidente disse que n\u00e3o tomar\u00e1 nenhuma medida impositiva sobre o mercado.<\/p>\n<p>&#8220;O aumento dos pre\u00e7os de comida que v\u00e3o na cesta b\u00e1sica \u00e9 sempre muito ruim, porque eles afligem as pessoas mais pobres, os trabalhadores mais humildes que a gente quer proteger. Eu n\u00e3o tomarei nenhuma medida daquelas que s\u00e3o bravata. N\u00e3o farei cota, n\u00e3o colocarei helic\u00f3ptero para viajar fazenda e prender boi como foi feito no Plano Cruzado. Eu n\u00e3o vou estabelecer nada que pode significar o surgimento de mercado paralelo&#8221;, comentou.<\/p>\n<p>Como desafio para superar o problema, Lula aposta na amplia\u00e7\u00e3o da produ\u00e7\u00e3o agr\u00edcola este ano, com mais financiamento e moderniza\u00e7\u00e3o, principalmente dos pequenos e m\u00e9dios produtores, respons\u00e1veis pela produ\u00e7\u00e3o da maior parte dos alimentos, como verduras, frutas e legumes consumidos pela popula\u00e7\u00e3o.<\/p>\n<p>&#8220;O que precisamos trabalhar, com muito carinho, \u00e9 aumentar a produ\u00e7\u00e3o de tudo o que a gente produz, fazer com que a pequena e m\u00e9dia agricultura, que s\u00e3o respons\u00e1veis pela produ\u00e7\u00e3o de quase 100% dos alimentos, possam produzir mais&#8221;, afirmou.<\/p>\n<p>      <!-- Relacionada --><\/p>\n<p>            <!-- Relacionada -->\n    <\/div>\n<p><br \/>\n<br \/><a href=\"https:\/\/agenciabrasil.ebc.com.br\/economia\/noticia\/2025-01\/petrobras-e-quem-decide-reajuste-de-combustivel-diz-lula\" rel=\"noopener\">Ag\u00eancia Brasil<\/a><\/p>\n","protected":false},"excerpt":{"rendered":"<p>O presidente Luiz In\u00e1cio Lula da Silva afirmou nesta quinta-feira (30) que cabe \u00e0 Petrobras decidir se aumenta ou n\u00e3o o pre\u00e7o dos combust\u00edveis no pa\u00eds. A companhia est\u00e1 analisando um poss\u00edvel reajuste no valor do litro do \u00f3leo diesel, que acumula defasagem de pre\u00e7o por causa do d\u00f3lar ao longo dos \u00faltimos meses. &#8220;Desde [&hellip;]<\/p>\n","protected":false},"author":1,"featured_media":22181,"comment_status":"open","ping_status":"open","sticky":false,"template":"","format":"standard","meta":{"_jetpack_newsletter_access":"","_jetpack_dont_email_post_to_subs":false,"_jetpack_newsletter_tier_id":0,"_jetpack_memberships_contains_paywalled_content":false,"_mbp_banners":[],"_jetpack_feature_clip_id":0,"_jetpack_memberships_contains_paid_content":false,"footnotes":"","jetpack_publicize_message":"","jetpack_publicize_feature_enabled":true,"jetpack_social_post_already_shared":true,"jetpack_social_options":{"image_generator_settings":{"template":"highway","default_image_id":0,"font":"","enabled":false},"version":2},"jetpack_post_was_ever_published":false},"categories":[24],"tags":[],"class_list":["post-22180","post","type-post","status-publish","format-standard","has-post-thumbnail","category-economia"],"jetpack_publicize_connections":[],"jetpack-related-posts":[],"jetpack_shortlink":"https:\/\/wp.me\/p7Eq1F-5LK","jetpack_sharing_enabled":true,"jetpack_featured_media_url":"https:\/\/i0.wp.com\/guialimeira.com.br\/news\/wp-content\/uploads\/2025\/01\/0d9a1965.jpg?fit=1600%2C800&ssl=1","_links":{"self":[{"href":"https:\/\/guialimeira.com.br\/news\/wp-json\/wp\/v2\/posts\/22180","targetHints":{"allow":["GET"]}}],"collection":[{"href":"https:\/\/guialimeira.com.br\/news\/wp-json\/wp\/v2\/posts"}],"about":[{"href":"https:\/\/guialimeira.com.br\/news\/wp-json\/wp\/v2\/types\/post"}],"author":[{"embeddable":true,"href":"https:\/\/guialimeira.com.br\/news\/wp-json\/wp\/v2\/users\/1"}],"replies":[{"embeddable":true,"href":"https:\/\/guialimeira.com.br\/news\/wp-json\/wp\/v2\/comments?post=22180"}],"version-history":[{"count":0,"href":"https:\/\/guialimeira.com.br\/news\/wp-json\/wp\/v2\/posts\/22180\/revisions"}],"wp:featuredmedia":[{"embeddable":true,"href":"https:\/\/guialimeira.com.br\/news\/wp-json\/wp\/v2\/media\/22181"}],"wp:attachment":[{"href":"https:\/\/guialimeira.com.br\/news\/wp-json\/wp\/v2\/media?parent=22180"}],"wp:term":[{"taxonomy":"category","embeddable":true,"href":"https:\/\/guialimeira.com.br\/news\/wp-json\/wp\/v2\/categories?post=22180"},{"taxonomy":"post_tag","embeddable":true,"href":"https:\/\/guialimeira.com.br\/news\/wp-json\/wp\/v2\/tags?post=22180"}],"curies":[{"name":"wp","href":"https:\/\/api.w.org\/{rel}","templated":true}]}}