{"id":22167,"date":"2025-01-30T12:25:42","date_gmt":"2025-01-30T15:25:42","guid":{"rendered":"https:\/\/guialimeira.com.br\/2025\/01\/30\/brasil-fecha-2024-com-saldo-positivo-perto-de-17-milhao-de-empregos\/"},"modified":"2025-01-30T12:25:42","modified_gmt":"2025-01-30T15:25:42","slug":"brasil-fecha-2024-com-saldo-positivo-perto-de-17-milhao-de-empregos","status":"publish","type":"post","link":"https:\/\/guialimeira.com.br\/news\/brasil-fecha-2024-com-saldo-positivo-perto-de-17-milhao-de-empregos\/","title":{"rendered":"Brasil fecha 2024 com saldo positivo perto de 1,7 milh\u00e3o de empregos"},"content":{"rendered":"<p> <br \/>\n<\/p>\n<div>\n<p>O Brasil fechou o ano de 2024 com um saldo positivo de 1.693.673 empregos formais com carteira assinada. O n\u00famero representa um crescimento no ano de 16,5% em rela\u00e7\u00e3o ao per\u00edodo de janeiro e dezembro de 2023, quando o saldo ficou positivo em 1.454.124 empregos. Os dados do Cadastro Geral de Empregados e Desempregados (Caged), divulgado nesta quinta-feira (30), pelo Minist\u00e9rio do Trabalho e Emprego.<img data-recalc-dims=\"1\" decoding=\"async\" src=\"https:\/\/i0.wp.com\/agenciabrasil.ebc.com.br\/ebc.png?w=696&#038;ssl=1\" style=\"width:1px; height:1px; display:inline;\"\/><img data-recalc-dims=\"1\" decoding=\"async\" src=\"https:\/\/i0.wp.com\/agenciabrasil.ebc.com.br\/ebc.gif?w=696&#038;ssl=1\" style=\"width:1px; height:1px; display:inline;\"\/><\/p>\n<p>O saldo positivo de 2024 foi resultado de 25.567.548 contrata\u00e7\u00f5es e 23.873.575 desligamentos. O estoque de v\u00ednculos celetistas ativos contabilizou 47.210.948 v\u00ednculos em dezembro, uma varia\u00e7\u00e3o de 3,7% em rela\u00e7\u00e3o ao estoque do ano anterior, quando foram contabilizados 45.517.275 v\u00ednculos.\u00a0No acumulado de dois anos, 2023 e2024,o saldo de empregos no pa\u00eds foi positivo em 3.147.797empregos.<\/p>\n<p>Todos os cinco grandes grupamentos da economia tiveram saldo positivo em 2024. O setor de Servi\u00e7os foi o que mais empregou em 2024,com 929.002 empregos gerados. Na sequ\u00eancia vem o com\u00e9rcio, com 336.110 novas vagas; a ind\u00fastria foram 306.889; na constru\u00e7\u00e3o civil o saldo foi de 110.921 empregos; e, na agropecu\u00e1ria, foram gerados 10.808 empregos.<\/p>\n<p>O resultado tamb\u00e9m foi positivo no ano passado em todas 27 unidades da federa\u00e7\u00e3o, com destaque para S\u00e3o Paulo, com 459.371 empregos gerados; Rio de Janeiro, com 145.540; e Minas Gerais, com 139.503 empregos.<\/p>\n<p>\u201cO emprego foi tamb\u00e9m positivo nas 5 regi\u00f5es brasileiras, com o Sudeste gerando 779.170 postos (+3,35%), o Nordeste +330.901 (+4,34%), o Sul, com a recupera\u00e7\u00e3o do Rio Grande do Sul, ap\u00f3s o desastre das enchentes no in\u00edcio do ano, gerou 297.955 postos (+3,58%), ficando em 3\u00ba lugar entre as regi\u00f5es. O Centro-Oeste gerou 137.327 postos (+3,38%) e o Norte 115.051 postos (+5,07%). Em termos relativos, as Unidades da Federa\u00e7\u00e3o com maior varia\u00e7\u00e3o no m\u00eas foram Amap\u00e1 (+10,07%), Roraima (+8,14%); Amazonas (+7,11%) e Rio Grande do Norte (+6,83%)\u201d, informou o minist\u00e9rio.<\/p>\n<p>Os dados do Caged mostram que as mulheres ocuparam a maioria das novas vagas. No ano de 2024, o saldo foi positivo para mulheres em 898.680 empregos, enquanto os homens ficaram com 794.993 vagas. Os dados mostram ainda que o resultado tamb\u00e9m foi positivo para pardos, com 1.929.771 empregos; brancos, com 908.732); pretos, com 373.501 e amarelos, com 13.271 vagas. Contudo, foi negativo para ind\u00edgenas, cujo saldo foi de -1.502 empregos.<\/p>\n<div class=\"dnd-widget-wrapper context-medio_4colunas type-image atom-align-left\">\n<div class=\"dnd-atom-rendered\"><!-- scald=165152:medio_4colunas {\"additionalClasses\":\"\"} --><br \/>\n            <img data-recalc-dims=\"1\" decoding=\"async\" src=\"https:\/\/i0.wp.com\/imagens.ebc.com.br\/D5fKbM522rw6sHw37V44SY1dX0s%3D\/365x0\/smart\/https%3A\/\/agenciabrasil.ebc.com.br\/sites\/default\/files\/thumbnails\/image\/09_07_2020_teletrabalho-5.jpg?w=696&#038;ssl=1\" alt=\"Teletrabalho, home office ou trabalho remoto.\" title=\"Marcelo Camargo\/Ag\u00eancia Brasil\"\/><br \/>\n        <img data-recalc-dims=\"1\" decoding=\"async\" src=\"https:\/\/i0.wp.com\/imagens.ebc.com.br\/D5fKbM522rw6sHw37V44SY1dX0s%3D\/365x0\/smart\/https%3A\/\/agenciabrasil.ebc.com.br\/sites\/default\/files\/thumbnails\/image\/09_07_2020_teletrabalho-5.jpg?w=696&#038;ssl=1\" alt=\"Teletrabalho, home office ou trabalho remoto.\" title=\"Marcelo Camargo\/Ag\u00eancia Brasil\"\/><br \/>\n    <!-- END scald=165152 --><\/div>\n<p><h6 class=\"meta\"><!--copyright=165152-->Dados do Caged mostram que em 2024, saldo foi positivo para mulheres em 898.680 empregos &#8211; Foto: <strong>Marcelo Camargo\/Ag\u00eancia Brasil<\/strong><!--END copyright=165152--><\/h6>\n<\/p>\n<\/div>\n<p>\u00a0<\/p>\n<p>O sal\u00e1rio m\u00e9dio real de admiss\u00e3o ficou em R$ 2.177,96, com aumento de R$ 55,02 (+2,59%) em compara\u00e7\u00e3o com o valor do mesmo per\u00edodo de 2023 (R$ 2.122,94). Para os trabalhadores considerados t\u00edpicos o sal\u00e1rio real de admiss\u00e3o foi R$ 2.211,13 (1,5%, mais elevado que o valor m\u00e9dio, enquanto para os trabalhadores n\u00e3o t\u00edpicos R$ 1.941,72 (10,8%, menor que o valor m\u00e9dio).<\/p>\n<h2>Dados de dezembro<\/h2>\n<p>Apesar do resultado positivo no ano, o saldo em dezembro apresentou uma redu\u00e7\u00e3o de -535.547 de empregos, varia\u00e7\u00e3o relativa de -1,12%, similar \u00e0 registrada em per\u00edodos de crescimento do emprego.<\/p>\n<p>O ministro do Trabalho e Emprego, Lu\u00eds Marinho, disse que o n\u00famero veio maior que o esperado. \u201cFoi acima inclusive do que nos esper\u00e1vamos, que era cerca de 450 mil e deu 535 mil\u201d, disse o ministro durante coletiva para apresentar os dados.<\/p>\n<p>Questionado se a diferen\u00e7a entre o resultado esperado e o observado poderia ser um reflexo dos aumentos sucessivos na taxa b\u00e1sica de juros do pa\u00eds, a Selic, Marinho disse que n\u00e3o \u00e9 poss\u00edvel afirmar, mas que o minist\u00e9rio continuar\u00e1 observando o comportamento da economia.<\/p>\n<p>\u201cEvidente que ningu\u00e9m esperava coisa diferente por parte do Copom [Comit\u00ea de Pol\u00edtica Monet\u00e1ria] dado as circunst\u00e2ncias do ano passado. Mas \u00e9 evidente que o n\u00famero pode estar influenciado, sim, pelo papel dos juros em dezembro. Vamos ter que observar esse primeiro trimestre para ver como v\u00e3o ser comportar os setores da economia\u201d, disse o ministro.<\/p>\n<p>Ontem (29), o Copom aumentou mais uma vez os juros. Por unanimidade, o comit\u00ea aumentou a taxa Selic em 1 ponto percentual, para 13,25% ao ano. A eleva\u00e7\u00e3o em 1 ponto havia sido anunciada pelo Banco Central na reuni\u00e3o de dezembro. Entre os argumentos para justificar a alta, o comit\u00ea apontou a alta recente do d\u00f3lar e as incertezas em torno da infla\u00e7\u00e3o e da economia global.<\/p>\n<p>Em rela\u00e7\u00e3o ao Brasil, o texto manteve an\u00e1lises anteriores de que a economia brasileira est\u00e1 aquecida, com a infla\u00e7\u00e3o cheia e os n\u00facleos (medida que exclui pre\u00e7os mais vol\u00e1teis, como alimentos e energia) acima da meta de infla\u00e7\u00e3o, e que as incertezas sobre os gastos p\u00fablicos provocaram perturba\u00e7\u00f5es nos pre\u00e7os dos ativos.<\/p>\n<p>\u201cO combate a infla\u00e7\u00e3o n\u00e3o se d\u00e1 apenas pela restri\u00e7\u00e3o ao cr\u00e9dito e aumento de juros, mas se d\u00e1 tamb\u00e9m pelo aumento da produ\u00e7\u00e3o para poder controlar a infla\u00e7\u00e3o a partir da oferta e n\u00e3o pela restri\u00e7\u00e3o\u201d, criticou o ministro.<\/p>\n<p>      <!-- Relacionada --><\/p>\n<p>            <!-- Relacionada -->\n    <\/div>\n<p><br \/>\n<br \/><a href=\"https:\/\/agenciabrasil.ebc.com.br\/economia\/noticia\/2025-01\/brasil-fecha-2024-com-saldo-positivo-perto-de-1%2C7-milh%C3%A3o-de-empregos\" rel=\"noopener\">Ag\u00eancia Brasil<\/a><\/p>\n","protected":false},"excerpt":{"rendered":"<p>O Brasil fechou o ano de 2024 com um saldo positivo de 1.693.673 empregos formais com carteira assinada. O n\u00famero representa um crescimento no ano de 16,5% em rela\u00e7\u00e3o ao per\u00edodo de janeiro e dezembro de 2023, quando o saldo ficou positivo em 1.454.124 empregos. Os dados do Cadastro Geral de Empregados e Desempregados (Caged), [&hellip;]<\/p>\n","protected":false},"author":1,"featured_media":22168,"comment_status":"open","ping_status":"open","sticky":false,"template":"","format":"standard","meta":{"_jetpack_newsletter_access":"","_jetpack_dont_email_post_to_subs":false,"_jetpack_newsletter_tier_id":0,"_jetpack_memberships_contains_paywalled_content":false,"_mbp_banners":[],"_jetpack_feature_clip_id":0,"_jetpack_memberships_contains_paid_content":false,"footnotes":"","jetpack_publicize_message":"","jetpack_publicize_feature_enabled":true,"jetpack_social_post_already_shared":true,"jetpack_social_options":{"image_generator_settings":{"template":"highway","default_image_id":0,"font":"","enabled":false},"version":2},"jetpack_post_was_ever_published":false},"categories":[24],"tags":[],"class_list":["post-22167","post","type-post","status-publish","format-standard","has-post-thumbnail","category-economia"],"jetpack_publicize_connections":[],"jetpack-related-posts":[],"jetpack_shortlink":"https:\/\/wp.me\/p7Eq1F-5Lx","jetpack_sharing_enabled":true,"jetpack_featured_media_url":"https:\/\/i0.wp.com\/guialimeira.com.br\/news\/wp-content\/uploads\/2025\/01\/coronavirus_industria_automobilistica_fabrica2005200370.jpg?fit=1600%2C800&ssl=1","_links":{"self":[{"href":"https:\/\/guialimeira.com.br\/news\/wp-json\/wp\/v2\/posts\/22167","targetHints":{"allow":["GET"]}}],"collection":[{"href":"https:\/\/guialimeira.com.br\/news\/wp-json\/wp\/v2\/posts"}],"about":[{"href":"https:\/\/guialimeira.com.br\/news\/wp-json\/wp\/v2\/types\/post"}],"author":[{"embeddable":true,"href":"https:\/\/guialimeira.com.br\/news\/wp-json\/wp\/v2\/users\/1"}],"replies":[{"embeddable":true,"href":"https:\/\/guialimeira.com.br\/news\/wp-json\/wp\/v2\/comments?post=22167"}],"version-history":[{"count":0,"href":"https:\/\/guialimeira.com.br\/news\/wp-json\/wp\/v2\/posts\/22167\/revisions"}],"wp:featuredmedia":[{"embeddable":true,"href":"https:\/\/guialimeira.com.br\/news\/wp-json\/wp\/v2\/media\/22168"}],"wp:attachment":[{"href":"https:\/\/guialimeira.com.br\/news\/wp-json\/wp\/v2\/media?parent=22167"}],"wp:term":[{"taxonomy":"category","embeddable":true,"href":"https:\/\/guialimeira.com.br\/news\/wp-json\/wp\/v2\/categories?post=22167"},{"taxonomy":"post_tag","embeddable":true,"href":"https:\/\/guialimeira.com.br\/news\/wp-json\/wp\/v2\/tags?post=22167"}],"curies":[{"name":"wp","href":"https:\/\/api.w.org\/{rel}","templated":true}]}}