{"id":22147,"date":"2025-01-30T09:09:33","date_gmt":"2025-01-30T12:09:33","guid":{"rendered":"https:\/\/guialimeira.com.br\/2025\/01\/30\/associacao-denuncia-presenca-de-barbeiros-infectados-no-butanta\/"},"modified":"2025-01-30T09:09:33","modified_gmt":"2025-01-30T12:09:33","slug":"associacao-denuncia-presenca-de-barbeiros-infectados-no-butanta","status":"publish","type":"post","link":"https:\/\/guialimeira.com.br\/news\/associacao-denuncia-presenca-de-barbeiros-infectados-no-butanta\/","title":{"rendered":"Associa\u00e7\u00e3o denuncia presen\u00e7a de \u201cbarbeiros\u201d infectados no Butant\u00e3"},"content":{"rendered":"<p> <br \/>\n<\/p>\n<div>\n<p>A Associa\u00e7\u00e3o dos Pesquisadores Cient\u00edficos do Estado de S\u00e3o Paulo (APqC) denunciou \u00e0 <strong>Ag\u00eancia Brasil<\/strong> que dois insetos do tipo barbeiro foram encontrados no \u00faltimo trimestre de 2024 no pavilh\u00e3o Lemos Monteiro, pr\u00e9dio centen\u00e1rio do Instituto Butant\u00e3\u00a0adaptado para uso de laborat\u00f3rios de pesquisa. Os esp\u00e9cimes foram capturados em outubro e novembro de 2024 e ambos tinham a presen\u00e7a do protozo\u00e1rio <em>Trypanossoma cruzi<\/em>, causador da Doen\u00e7a de Chagas, em seu organismo.<img data-recalc-dims=\"1\" decoding=\"async\" src=\"https:\/\/i0.wp.com\/agenciabrasil.ebc.com.br\/ebc.png?w=696&#038;ssl=1\" style=\"width:1px; height:1px; display:inline;\"\/><img data-recalc-dims=\"1\" decoding=\"async\" src=\"https:\/\/i0.wp.com\/agenciabrasil.ebc.com.br\/ebc.gif?w=696&#038;ssl=1\" style=\"width:1px; height:1px; display:inline;\"\/><\/p>\n<p>\u201cNo dia em que os t\u00e9cnicos da vigil\u00e2ncia em sa\u00fade da prefeitura vieram fazer uma vistoria para procurar o foco da infesta\u00e7\u00e3o, eles nos informaram que mais\u00a0dez barbeiros haviam sido localizados em outra \u00e1rea do instituto e que dois deles\u00a0estavam contaminados por <em>Trypanosoma cruzi<\/em>\u201d, informou em\u00a0nota Patricia Clissa, pesquisadora e associada da APqC. O Campus Butant\u00e3, da USP, onde circulam cerca de 70 mil estudantes e funcion\u00e1rios, tamb\u00e9m teve ao menos seis barbeiros encontrados no final do ano passado.<\/p>\n<p>O bairro tem a presen\u00e7a de animais silvestres que s\u00e3o reservat\u00f3rios naturais do parasita, como saru\u00eas, em todo o distrito do Butant\u00e3, onde residem pouco mais de 350 mil habitantes. A regi\u00e3o tem corredores ecol\u00f3gicos que se estendem pela regi\u00e3o metropolitana e para as regi\u00f5es sul e norte da cidade.\u00a0<\/p>\n<p>\u201cO pr\u00f3prio Instituto Butant\u00e3\u00a0fez uma retirada\u00a0importante de \u00e1rvores para sua expans\u00e3o, enquanto no entorno h\u00e1 uma verticaliza\u00e7\u00e3o gigantesca, com a constru\u00e7\u00e3o de pr\u00e9dios no lugar de casas, com supress\u00e3o de vegeta\u00e7\u00e3o e isso tudo acaba alterando o ambiente, deslocando os saru\u00eas de seu <em>habitat<\/em> natural e favorecendo o contato do barbeiro com os humanos. O que mais nos preocupa \u00e9 que se nenhuma atitude for tomada pela Secretaria da Sa\u00fade, no que diz respeito a alertar a popula\u00e7\u00e3o e reestruturar as atividades da Superintend\u00eancia de Controle de Endemias (Sucen) para que voltem a ser conduzidas de forma articulada junto \u00e0s vigil\u00e2ncias municipais, isso pode resultar em infec\u00e7\u00f5es de seres humanos, se \u00e9 que j\u00e1 n\u00e3o est\u00e3o ocorrendo\u201d, afirma, em nota, Helena Dutra Lutgens, presidente da APqC.<\/p>\n<p>A Sucen, citada por Lutgens, foi um dos institutos estaduais de pesquisa extintos por decreto em 2020. Parte de suas atribui\u00e7\u00f5es foi direcionada \u00e0s coordenadorias de Controle de Doen\u00e7as estaduais e das vigil\u00e2ncias epidemiol\u00f3gicas municipais. Segundo a APqC, esse desenho \u00e9 insuficiente para dar conta da necessidade de pesquisas espec\u00edficas e impede o monitoramento mais detalhado e treinamento adequado das equipes das prefeituras.<\/p>\n<p>H\u00e1 registros de mais de uma centena de barbeiros catalogados pela equipe da Sucen\u00a0entre 2014 e 2019, segundo o acervo de not\u00edcias da <em>Revista Fapesp<\/em>, controle aparentemente descontinuado, pois com o esvaziamento do pr\u00e9dio da superintend\u00eancia, no bairro de Pinheiros, n\u00e3o se monitora se animais infectados tiveram contato com sangue humano, indicando a necessidade de testagem de popula\u00e7\u00f5es.<\/p>\n<p>Em nota, a Secretaria de Estado da Sa\u00fade informou que monitora, desde 2019, a circula\u00e7\u00e3o do <em>Trypanosoma cruzi<\/em> em toda a metr\u00f3pole paulista, e que at\u00e9 o momento\u00a0n\u00e3o foram registrados casos de infec\u00e7\u00e3o em humanos na \u00e1rea urbana. \u201cAl\u00e9m disso, t\u00e9cnicos da CCD realizam capacita\u00e7\u00e3o com agentes de sa\u00fade do munic\u00edpio de S\u00e3o Paulo para a identifica\u00e7\u00e3o do inseto triatom\u00edneo (barbeiro), a realiza\u00e7\u00e3o de exames de conte\u00fado intestinal para verificar a positividade por Trypanosoma cruzi, o manejo do ambiente e o controle qu\u00edmico, quando necess\u00e1rio\u201d, acrescentou\u00a0o \u00f3rg\u00e3o.<\/p>\n<p>Sobre o Instituto Butant\u00e3, a secretaria afirmou que \u201co caso foi monitorado e, de acordo com laudo t\u00e9cnico de bi\u00f3logo do Centro de Controle de Zoonoses, o aparecimento do barbeiro no Pavilh\u00e3o Lemos Monteiro foi um caso isolado, dado o local onde foi encontrado. O monitoramento continua\u00a0sendo realizado com equipe t\u00e9cnica por empresa contratada para o controle de pragas\u201d.<\/p>\n<p>A Secretaria Municipal da Sa\u00fade\u00a0da cidade de S\u00e3o Paulo informou\u00a0que \u201cmonitora a ocorr\u00eancia de <em>triatom\u00edneos hemat\u00f3fagos<\/em> (barbeiros), por meio da Coordenadoria de Vigil\u00e2ncia em Sa\u00fade (Covisa). Os insetos encontrados na regi\u00e3o pertencem \u00e0 esp\u00e9cie <em>Panstrongylus megistus<\/em>, que ocorre naturalmente em \u00e1reas florestais\u201d. Segundo a pasta n\u00e3o h\u00e1 transmiss\u00e3o da doen\u00e7a de Chagas na capital paulista. \u201cA vigil\u00e2ncia tem trabalhado para informar a popula\u00e7\u00e3o sobre a ocorr\u00eancia do <em>Panstrongylus megistus<\/em> e monitora regularmente as \u00e1reas prop\u00edcias \u00e0 presen\u00e7a desse inseto\u201d, explicou, al\u00e9m de recomendar medidas de preven\u00e7\u00e3o \u00e0 popula\u00e7\u00e3o.<\/p>\n<p>Al\u00e9m da regi\u00e3o do Butant\u00e3,\u00a0a APqC citou a \u00e1rea\u00a0do Zool\u00f3gico Municipal como propensa \u00e0s infesta\u00e7\u00f5es de triatom\u00edneos. A assessoria de imprensa\u00a0informou, em nota, que \u201ca\u00a0concession\u00e1ria respons\u00e1vel pela gest\u00e3o do Zool\u00f3gico mant\u00e9m contato com as autoridades competentes, recebe visitas de agentes da Divis\u00e3o de Vigil\u00e2ncia de Zoonoses da prefeitura de S\u00e3o Paulo\u00a0e da Coordenadoria de Controle de Doen\u00e7as, do governo estadual.\u00a0Conforme protocolo vigente, encaminha insetos suspeitos \u00e0s autoridades de sa\u00fade, visto que o per\u00edmetro de concess\u00e3o \u00e9 um fragmento inserido em\u00a0\u00e1rea de Mata Atl\u00e2ntica. No per\u00edodo citado pela reportagem, o segundo semestre de 2024, n\u00e3o houve comunica\u00e7\u00e3o de teste positivo por parte das autoridades competentes\u201d.<\/p>\n<h2>Chagas, doen\u00e7a negligenciada<\/h2>\n<p>A Doen\u00e7a de Chagas \u00e9 considerada uma doen\u00e7a negligenciada, por n\u00e3o ser alvo priorit\u00e1rio no desenvolvimento de novos medicamentos ou m\u00e9todos de preven\u00e7\u00e3o. Segundo o Minist\u00e9rio da Sa\u00fade \u201c\u00e9 a infec\u00e7\u00e3o causada pelo protozo\u00e1rio\u00a0<em>Trypanosoma cruzi<\/em>. Apresenta uma fase aguda (doen\u00e7a de Chagas aguda) que pode ser sintom\u00e1tica ou n\u00e3o, e uma fase cr\u00f4nica, que pode se manifestar nas formas indeterminada (assintom\u00e1tica), card\u00edaca, digestiva ou cardiodigestiva\u201d. Na fase aguda, quando o tratamento \u00e9 mais eficaz, os sintomas mais comuns s\u00e3o febre prolongada (mais de 7 dias), dor de cabe\u00e7a, fraqueza intensa e incha\u00e7o no rosto e pernas.<\/p>\n<p>Sua incid\u00eancia, de acordo com a iniciativa Medicamentos para Doen\u00e7as Negligenciadas (DNDi), ocorre nas Am\u00e9ricas, com casos ainda na Austr\u00e1lia, no Jap\u00e3o e em alguns pa\u00edses da Europa. \u00c9 end\u00eamica em todos os pa\u00edses da Am\u00e9rica Latina.\u00a0<\/p>\n<p>Os principais pa\u00edses afetados s\u00e3o a Argentina e o Brasil, cada qual com cerca de 2 milh\u00f5es de pessoas diagnosticadas, segundo o Observat\u00f3rio Chagas, que monitora a doen\u00e7a e os esfor\u00e7os para erradic\u00e1-la. A subnotifica\u00e7\u00e3o, por\u00e9m, \u00e9 regra. As estimativas s\u00e3o de 70% a 90% de casos em que a pessoa n\u00e3o sabe que tem a doen\u00e7a. A maior parte dos casos est\u00e1 relacionada \u00e0 contamina\u00e7\u00e3o de alimentos por fezes do inseto.<\/p>\n<p>      <!-- Relacionada --><br \/>\n            <!-- Relacionada -->\n    <\/div>\n<p><br \/>\n<br \/><a href=\"https:\/\/agenciabrasil.ebc.com.br\/saude\/noticia\/2025-01\/associacao-denuncia-presenca-de-barbeiros-infectados-no-butanta\" rel=\"noopener\">Ag\u00eancia Brasil <\/a><\/p>\n","protected":false},"excerpt":{"rendered":"<p>A Associa\u00e7\u00e3o dos Pesquisadores Cient\u00edficos do Estado de S\u00e3o Paulo (APqC) denunciou \u00e0 Ag\u00eancia Brasil que dois insetos do tipo barbeiro foram encontrados no \u00faltimo trimestre de 2024 no pavilh\u00e3o Lemos Monteiro, pr\u00e9dio centen\u00e1rio do Instituto Butant\u00e3\u00a0adaptado para uso de laborat\u00f3rios de pesquisa. Os esp\u00e9cimes foram capturados em outubro e novembro de 2024 e ambos [&hellip;]<\/p>\n","protected":false},"author":1,"featured_media":22148,"comment_status":"open","ping_status":"open","sticky":false,"template":"","format":"standard","meta":{"_jetpack_newsletter_access":"","_jetpack_dont_email_post_to_subs":false,"_jetpack_newsletter_tier_id":0,"_jetpack_memberships_contains_paywalled_content":false,"_mbp_banners":[],"_jetpack_feature_clip_id":0,"_jetpack_memberships_contains_paid_content":false,"footnotes":"","jetpack_publicize_message":"","jetpack_publicize_feature_enabled":true,"jetpack_social_post_already_shared":true,"jetpack_social_options":{"image_generator_settings":{"template":"highway","default_image_id":0,"font":"","enabled":false},"version":2},"jetpack_post_was_ever_published":false},"categories":[15],"tags":[],"class_list":["post-22147","post","type-post","status-publish","format-standard","has-post-thumbnail","category-saude"],"jetpack_publicize_connections":[],"jetpack-related-posts":[],"jetpack_shortlink":"https:\/\/wp.me\/p7Eq1F-5Ld","jetpack_sharing_enabled":true,"jetpack_featured_media_url":"https:\/\/i0.wp.com\/guialimeira.com.br\/news\/wp-content\/uploads\/2025\/01\/barbeiro_triatomineo_josue_damacena_790.jpg?fit=1600%2C800&ssl=1","_links":{"self":[{"href":"https:\/\/guialimeira.com.br\/news\/wp-json\/wp\/v2\/posts\/22147","targetHints":{"allow":["GET"]}}],"collection":[{"href":"https:\/\/guialimeira.com.br\/news\/wp-json\/wp\/v2\/posts"}],"about":[{"href":"https:\/\/guialimeira.com.br\/news\/wp-json\/wp\/v2\/types\/post"}],"author":[{"embeddable":true,"href":"https:\/\/guialimeira.com.br\/news\/wp-json\/wp\/v2\/users\/1"}],"replies":[{"embeddable":true,"href":"https:\/\/guialimeira.com.br\/news\/wp-json\/wp\/v2\/comments?post=22147"}],"version-history":[{"count":0,"href":"https:\/\/guialimeira.com.br\/news\/wp-json\/wp\/v2\/posts\/22147\/revisions"}],"wp:featuredmedia":[{"embeddable":true,"href":"https:\/\/guialimeira.com.br\/news\/wp-json\/wp\/v2\/media\/22148"}],"wp:attachment":[{"href":"https:\/\/guialimeira.com.br\/news\/wp-json\/wp\/v2\/media?parent=22147"}],"wp:term":[{"taxonomy":"category","embeddable":true,"href":"https:\/\/guialimeira.com.br\/news\/wp-json\/wp\/v2\/categories?post=22147"},{"taxonomy":"post_tag","embeddable":true,"href":"https:\/\/guialimeira.com.br\/news\/wp-json\/wp\/v2\/tags?post=22147"}],"curies":[{"name":"wp","href":"https:\/\/api.w.org\/{rel}","templated":true}]}}