{"id":22140,"date":"2025-01-29T22:11:49","date_gmt":"2025-01-30T01:11:49","guid":{"rendered":"https:\/\/guialimeira.com.br\/2025\/01\/29\/rio-de-janeiro-concentra-74-da-producao-de-gas-natural-no-pais\/"},"modified":"2025-01-29T22:11:49","modified_gmt":"2025-01-30T01:11:49","slug":"rio-de-janeiro-concentra-74-da-producao-de-gas-natural-no-pais","status":"publish","type":"post","link":"https:\/\/guialimeira.com.br\/news\/rio-de-janeiro-concentra-74-da-producao-de-gas-natural-no-pais\/","title":{"rendered":"Rio de Janeiro concentra 74% da produ\u00e7\u00e3o de g\u00e1s natural no pa\u00eds"},"content":{"rendered":"<p> <br \/>\n<\/p>\n<div>\n<p>O Rio de Janeiro representa 74% da produ\u00e7\u00e3o de g\u00e1s natural no pa\u00eds, em novo recorde apontado na s\u00e9tima\u00a0edi\u00e7\u00e3o do estudo Perspectivas do G\u00e1s no Rio 2024-2025, da Federa\u00e7\u00e3o das Ind\u00fastrias do Estado do Rio de Janeiro (Firjan). Enquanto a produ\u00e7\u00e3o m\u00e9dia di\u00e1ria nacional cresceu 1% em 2024, alcan\u00e7ando o patamar de 151 milh\u00f5es de metros c\u00fabicos por dia (m\u00b3\/dia), o estado\u00a0alcan\u00e7ou 113 milh\u00f5es de m\u00b3\/dia, impulsionado pelo crescimento de 6% na produ\u00e7\u00e3o.<img data-recalc-dims=\"1\" decoding=\"async\" src=\"https:\/\/i0.wp.com\/agenciabrasil.ebc.com.br\/ebc.png?w=696&#038;ssl=1\" style=\"width:1px; height:1px; display:inline;\"\/><img data-recalc-dims=\"1\" decoding=\"async\" src=\"https:\/\/i0.wp.com\/agenciabrasil.ebc.com.br\/ebc.gif?w=696&#038;ssl=1\" style=\"width:1px; height:1px; display:inline;\"\/><\/p>\n<p>\u201cA federa\u00e7\u00e3o adota o g\u00e1s natural como um dos pilares estrat\u00e9gicos de atua\u00e7\u00e3o para o desenvolvimento da ind\u00fastria e da economia fluminense. Nosso estado \u00e9 o <em>hub<\/em> de g\u00e1s natural do pa\u00eds, agente da descarboniza\u00e7\u00e3o de nossa economia, como uma poderosa ferramenta para aumentar a competitividade da ind\u00fastria local e, ao mesmo tempo, fortalecer a seguran\u00e7a energ\u00e9tica do estado e do pa\u00eds\u201d, afirmou o presidente da Firjan, Luiz C\u00e9sio Caetano.<\/p>\n<p>O estudo destaca que as reservas nacionais cresceram 46% em 2023, a partir de campos em \u00e1guas fluminenses. O Rio representa agora 72% das reservas nacionais, respondendo por 372 bilh\u00f5es\/m\u00b3 dos 517 bilh\u00f5es\/m\u00b3 no pa\u00eds.<\/p>\n<p>A Firjan tamb\u00e9m mapeou que os investimentos ao longo da cadeia de valor do g\u00e1s natural nos pr\u00f3ximos dez anos superam R$ 150 bilh\u00f5es, o que possibilitar\u00e1\u00a0a gera\u00e7\u00e3o de mais de 60 mil empregos diretos e indiretos, a depender a concretiza\u00e7\u00e3o de projetos.<\/p>\n<p>\u201cO ano de 2024 foi marcante para o mercado de g\u00e1s com grandes avan\u00e7os na abertura do mercado livre de g\u00e1s natural. A migra\u00e7\u00e3o das ind\u00fastrias para o mercado livre de g\u00e1s n\u00e3o s\u00f3 \u00e9 vi\u00e1vel, como \u00e9 essencial para o crescimento sustent\u00e1vel da nossa economia. As ind\u00fastrias urgem pelo direito de buscar solu\u00e7\u00f5es no mercado que proporcionem ganhos de competitividade, com a liberdade de escolha de seu fornecedor\u201d, destaca o presidente da federa\u00e7\u00e3o.<\/p>\n<p>      <!-- Relacionada --><\/p>\n<p>            <!-- Relacionada -->\n    <\/div>\n<p><br \/>\n<br \/><a href=\"https:\/\/agenciabrasil.ebc.com.br\/economia\/noticia\/2025-01\/rio-de-janeiro-concentra-74-da-producao-de-gas-natural-no-pais\" rel=\"noopener\">Ag\u00eancia Brasil<\/a><\/p>\n","protected":false},"excerpt":{"rendered":"<p>O Rio de Janeiro representa 74% da produ\u00e7\u00e3o de g\u00e1s natural no pa\u00eds, em novo recorde apontado na s\u00e9tima\u00a0edi\u00e7\u00e3o do estudo Perspectivas do G\u00e1s no Rio 2024-2025, da Federa\u00e7\u00e3o das Ind\u00fastrias do Estado do Rio de Janeiro (Firjan). Enquanto a produ\u00e7\u00e3o m\u00e9dia di\u00e1ria nacional cresceu 1% em 2024, alcan\u00e7ando o patamar de 151 milh\u00f5es de [&hellip;]<\/p>\n","protected":false},"author":1,"featured_media":16755,"comment_status":"open","ping_status":"open","sticky":false,"template":"","format":"standard","meta":{"_jetpack_newsletter_access":"","_jetpack_dont_email_post_to_subs":false,"_jetpack_newsletter_tier_id":0,"_jetpack_memberships_contains_paywalled_content":false,"_mbp_banners":[],"_jetpack_feature_clip_id":0,"_jetpack_memberships_contains_paid_content":false,"footnotes":"","jetpack_publicize_message":"","jetpack_publicize_feature_enabled":true,"jetpack_social_post_already_shared":true,"jetpack_social_options":{"image_generator_settings":{"template":"highway","default_image_id":0,"font":"","enabled":false},"version":2},"jetpack_post_was_ever_published":false},"categories":[24],"tags":[],"class_list":["post-22140","post","type-post","status-publish","format-standard","has-post-thumbnail","category-economia"],"jetpack_publicize_connections":[],"jetpack-related-posts":[],"jetpack_shortlink":"https:\/\/wp.me\/p7Eq1F-5L6","jetpack_sharing_enabled":true,"jetpack_featured_media_url":"https:\/\/i0.wp.com\/guialimeira.com.br\/news\/wp-content\/uploads\/2024\/11\/conteudo25252.jpg?fit=1600%2C800&ssl=1","_links":{"self":[{"href":"https:\/\/guialimeira.com.br\/news\/wp-json\/wp\/v2\/posts\/22140","targetHints":{"allow":["GET"]}}],"collection":[{"href":"https:\/\/guialimeira.com.br\/news\/wp-json\/wp\/v2\/posts"}],"about":[{"href":"https:\/\/guialimeira.com.br\/news\/wp-json\/wp\/v2\/types\/post"}],"author":[{"embeddable":true,"href":"https:\/\/guialimeira.com.br\/news\/wp-json\/wp\/v2\/users\/1"}],"replies":[{"embeddable":true,"href":"https:\/\/guialimeira.com.br\/news\/wp-json\/wp\/v2\/comments?post=22140"}],"version-history":[{"count":0,"href":"https:\/\/guialimeira.com.br\/news\/wp-json\/wp\/v2\/posts\/22140\/revisions"}],"wp:featuredmedia":[{"embeddable":true,"href":"https:\/\/guialimeira.com.br\/news\/wp-json\/wp\/v2\/media\/16755"}],"wp:attachment":[{"href":"https:\/\/guialimeira.com.br\/news\/wp-json\/wp\/v2\/media?parent=22140"}],"wp:term":[{"taxonomy":"category","embeddable":true,"href":"https:\/\/guialimeira.com.br\/news\/wp-json\/wp\/v2\/categories?post=22140"},{"taxonomy":"post_tag","embeddable":true,"href":"https:\/\/guialimeira.com.br\/news\/wp-json\/wp\/v2\/tags?post=22140"}],"curies":[{"name":"wp","href":"https:\/\/api.w.org\/{rel}","templated":true}]}}