{"id":22131,"date":"2025-01-29T21:10:44","date_gmt":"2025-01-30T00:10:44","guid":{"rendered":"https:\/\/guialimeira.com.br\/2025\/01\/29\/sindicatos-de-trabalhadores-criticam-nova-alta-dos-juros\/"},"modified":"2025-01-29T21:10:44","modified_gmt":"2025-01-30T00:10:44","slug":"sindicatos-de-trabalhadores-criticam-nova-alta-dos-juros","status":"publish","type":"post","link":"https:\/\/guialimeira.com.br\/news\/sindicatos-de-trabalhadores-criticam-nova-alta-dos-juros\/","title":{"rendered":"Sindicatos de trabalhadores criticam nova alta dos juros"},"content":{"rendered":"<p> <br \/>\n<\/p>\n<div>\n<p>Sindicatos patronais e de trabalhadores criticaram, na noite desta quarta-feira (29), a eleva\u00e7\u00e3o da taxa b\u00e1sica de juros (Selic) para 13,25% ao ano. A Central \u00danica dos Trabalhadores (CUT) condenou \u201cveementemente\u201d a nova alta anunciada pelo Banco Central, que deixou a categoria \u201cfrustrada\u201d.<img data-recalc-dims=\"1\" decoding=\"async\" src=\"https:\/\/i0.wp.com\/agenciabrasil.ebc.com.br\/ebc.png?w=696&#038;ssl=1\" style=\"width:1px; height:1px; display:inline;\"\/><img data-recalc-dims=\"1\" decoding=\"async\" src=\"https:\/\/i0.wp.com\/agenciabrasil.ebc.com.br\/ebc.gif?w=696&#038;ssl=1\" style=\"width:1px; height:1px; display:inline;\"\/><\/p>\n<p>\u201cN\u00e3o h\u00e1 outra palavra para caracterizar mais este absurdo do que frustra\u00e7\u00e3o, pois esper\u00e1vamos que, sob o comando de Gabriel Gal\u00edpolo [indicado pelo governo federal], houvesse uma revers\u00e3o neste processo\u201d, afirma a CUT, em nota.\u00a0<\/p>\n<p>\u201cRentistas, agiotas e seus asseclas no parlamento e nos meios de comunica\u00e7\u00e3o pressionam por aumentos sucessivos da taxa Selic. E o fazem em interesse pr\u00f3prio. Falam da infla\u00e7\u00e3o dos pre\u00e7os de bens e servi\u00e7os, mas nenhuma palavra \u00e9 dita sobre a infla\u00e7\u00e3o da d\u00edvida bruta do Brasil, que dever\u00e1 aumentar em torno de R$ 50 bilh\u00f5es\u201d, acrescentou a entidade.<\/p>\n<p>A Confedera\u00e7\u00e3o Nacional da Ind\u00fastria (CNI) considerou a eleva\u00e7\u00e3o dos juros injustificada e equivocada. \u201c\u00c9 mais um movimento injustificado da pol\u00edtica monet\u00e1ria brasileira e que ocorre em consequ\u00eancia da longa cultura de juros reais elevad\u00edssimos que persiste no Brasil\u201d.<\/p>\n<p>\u201cCom a decis\u00e3o, o Banco Central mostra que continua persistindo em uma \u00fanica ferramenta de pol\u00edtica monet\u00e1ria \u2013 a eleva\u00e7\u00e3o dos juros \u2013, no enfrentamento de expectativas de infla\u00e7\u00e3o. N\u00e3o considera, no entanto, os efeitos impactantes dos juros e a taxa de c\u00e2mbio na pr\u00f3pria infla\u00e7\u00e3o. O comprometimento com o equil\u00edbrio fiscal e com a racionalidade dos gastos p\u00fablicos precisa ser exercido e cobrado por todos\u201d, destaca a entidade.<\/p>\n<p>Para a CNI, a decis\u00e3o do Banco Central n\u00e3o leva em conta a desacelera\u00e7\u00e3o da atividade econ\u00f4mica, observada j\u00e1 no desempenho do Produto Interno Bruto (PIB) do terceiro trimestre de 2024. \u201cFica evidente que o aumento da Selic foi uma decis\u00e3o excessiva e na dire\u00e7\u00e3o errada, representando somente mais custos financeiros para as empresas e os consumidores, e perda adicional e desnecess\u00e1ria de empregos e renda\u201d, afirmou em nota.<\/p>\n<p>A Federa\u00e7\u00e3o das Ind\u00fastrias do Rio de Janeiro (Firjan) disse que a nova alta compromete o desenvolvimento sustent\u00e1vel de setores estrat\u00e9gicos e restringe investimentos.<\/p>\n<p>\u201cA Firjan considera que o novo aumento da taxa b\u00e1sica de juros, de 12,25% para 13,25% ao ano, vai intensificar o processo de desacelera\u00e7\u00e3o da ind\u00fastria nacional. Recentemente, a produ\u00e7\u00e3o industrial teve duas quedas consecutivas e est\u00e1 15% abaixo do n\u00edvel m\u00e1ximo da s\u00e9rie hist\u00f3rica\u201d, afirma a entidade.<\/p>\n<p>\u201cA alta dos juros n\u00e3o apenas compromete o desenvolvimento sustent\u00e1vel de setores estrat\u00e9gicos, mas tamb\u00e9m restringe os investimentos necess\u00e1rios para impulsionar a produtividade\u201d.<\/p>\n<p>A For\u00e7a Sindical repudiou tamb\u00e9m o aumento de juros, classificando a alta da taxa Selic de &#8220;pr\u00eamio aos especuladores&#8221;. \u201cA atual pol\u00edtica econ\u00f4mica est\u00e1 destoando dos anseios da classe trabalhadora. Elevar os juros nesse momento traz mais incertezas. A decis\u00e3o trar\u00e1 efeitos negativos sobre a cria\u00e7\u00e3o de emprego e renda\u201d, acrescenta a entidade.<\/p>\n<p>\u201cO aumento dos juros tende a desestimular o investimento e o consumo no pa\u00eds. O aumento \u00e9 mais uma forma de asfixiar os trabalhadores. Sem cortes relevantes, h\u00e1 redu\u00e7\u00e3o dos investimentos e das chances de crescimento\u201d, conclui a For\u00e7a Sindical.<\/p>\n<p>      <!-- Relacionada --><\/p>\n<p>            <!-- Relacionada -->\n    <\/div>\n<p><br \/>\n<br \/><a href=\"https:\/\/agenciabrasil.ebc.com.br\/economia\/noticia\/2025-01\/sindicatos-de-trabalhadores-criticam-nova-alta-dos-juros\" rel=\"noopener\">Ag\u00eancia Brasil<\/a><\/p>\n","protected":false},"excerpt":{"rendered":"<p>Sindicatos patronais e de trabalhadores criticaram, na noite desta quarta-feira (29), a eleva\u00e7\u00e3o da taxa b\u00e1sica de juros (Selic) para 13,25% ao ano. A Central \u00danica dos Trabalhadores (CUT) condenou \u201cveementemente\u201d a nova alta anunciada pelo Banco Central, que deixou a categoria \u201cfrustrada\u201d. \u201cN\u00e3o h\u00e1 outra palavra para caracterizar mais este absurdo do que frustra\u00e7\u00e3o, [&hellip;]<\/p>\n","protected":false},"author":1,"featured_media":22132,"comment_status":"open","ping_status":"open","sticky":false,"template":"","format":"standard","meta":{"_jetpack_newsletter_access":"","_jetpack_dont_email_post_to_subs":false,"_jetpack_newsletter_tier_id":0,"_jetpack_memberships_contains_paywalled_content":false,"_mbp_banners":[],"_jetpack_feature_clip_id":0,"_jetpack_memberships_contains_paid_content":false,"footnotes":"","jetpack_publicize_message":"","jetpack_publicize_feature_enabled":true,"jetpack_social_post_already_shared":true,"jetpack_social_options":{"image_generator_settings":{"template":"highway","default_image_id":0,"font":"","enabled":false},"version":2},"jetpack_post_was_ever_published":false},"categories":[24],"tags":[],"class_list":["post-22131","post","type-post","status-publish","format-standard","has-post-thumbnail","category-economia"],"jetpack_publicize_connections":[],"jetpack-related-posts":[],"jetpack_shortlink":"https:\/\/wp.me\/p7Eq1F-5KX","jetpack_sharing_enabled":true,"jetpack_featured_media_url":"https:\/\/i0.wp.com\/guialimeira.com.br\/news\/wp-content\/uploads\/2025\/01\/20231025_145926.jpg?fit=1600%2C800&ssl=1","_links":{"self":[{"href":"https:\/\/guialimeira.com.br\/news\/wp-json\/wp\/v2\/posts\/22131","targetHints":{"allow":["GET"]}}],"collection":[{"href":"https:\/\/guialimeira.com.br\/news\/wp-json\/wp\/v2\/posts"}],"about":[{"href":"https:\/\/guialimeira.com.br\/news\/wp-json\/wp\/v2\/types\/post"}],"author":[{"embeddable":true,"href":"https:\/\/guialimeira.com.br\/news\/wp-json\/wp\/v2\/users\/1"}],"replies":[{"embeddable":true,"href":"https:\/\/guialimeira.com.br\/news\/wp-json\/wp\/v2\/comments?post=22131"}],"version-history":[{"count":0,"href":"https:\/\/guialimeira.com.br\/news\/wp-json\/wp\/v2\/posts\/22131\/revisions"}],"wp:featuredmedia":[{"embeddable":true,"href":"https:\/\/guialimeira.com.br\/news\/wp-json\/wp\/v2\/media\/22132"}],"wp:attachment":[{"href":"https:\/\/guialimeira.com.br\/news\/wp-json\/wp\/v2\/media?parent=22131"}],"wp:term":[{"taxonomy":"category","embeddable":true,"href":"https:\/\/guialimeira.com.br\/news\/wp-json\/wp\/v2\/categories?post=22131"},{"taxonomy":"post_tag","embeddable":true,"href":"https:\/\/guialimeira.com.br\/news\/wp-json\/wp\/v2\/tags?post=22131"}],"curies":[{"name":"wp","href":"https:\/\/api.w.org\/{rel}","templated":true}]}}