{"id":22118,"date":"2025-01-29T19:08:41","date_gmt":"2025-01-29T22:08:41","guid":{"rendered":"https:\/\/guialimeira.com.br\/2025\/01\/29\/copom-eleva-juros-basicos-da-economia-para-1325-ao-ano\/"},"modified":"2025-01-29T19:08:41","modified_gmt":"2025-01-29T22:08:41","slug":"copom-eleva-juros-basicos-da-economia-para-1325-ao-ano","status":"publish","type":"post","link":"https:\/\/guialimeira.com.br\/news\/copom-eleva-juros-basicos-da-economia-para-1325-ao-ano\/","title":{"rendered":"Copom eleva juros b\u00e1sicos da economia para 13,25% ao ano"},"content":{"rendered":"<p> <br \/>\n<\/p>\n<div>\n<p>A alta recente do d\u00f3lar e as incertezas em torno da infla\u00e7\u00e3o e da economia global fizeram o Banco Central (BC) aumentar mais uma vez os juros. Por unanimidade, o Comit\u00ea de Pol\u00edtica Monet\u00e1ria (Copom) aumentou a taxa Selic, juros b\u00e1sicos da economia, em 1 ponto percentual, para 13,25% ao ano. Al\u00e9m de <a href=\"https:\/\/agenciabrasil.ebc.com.br\/economia\/noticia\/2025-01\/mercado-financeiro-eleva-previsao-da-inflacao-de-508-para-55\" target=\"_blank\" rel=\"noopener\"> esperada pelo mercado financeiro<\/a>, a eleva\u00e7\u00e3o em 1 ponto havia sido anunciada pelo Banco Central na reuni\u00e3o de dezembro.<img data-recalc-dims=\"1\" decoding=\"async\" src=\"https:\/\/i0.wp.com\/agenciabrasil.ebc.com.br\/ebc.png?w=696&#038;ssl=1\" style=\"width:1px; height:1px; display:inline;\"\/><img data-recalc-dims=\"1\" decoding=\"async\" src=\"https:\/\/i0.wp.com\/agenciabrasil.ebc.com.br\/ebc.gif?w=696&#038;ssl=1\" style=\"width:1px; height:1px; display:inline;\"\/><\/p>\n<p>Essa foi a quarta alta seguida da Selic. A taxa est\u00e1 no maior n\u00edvel desde setembro de 2023, quando tamb\u00e9m estava em 13,25% ao ano. A alta consolida um ciclo de contra\u00e7\u00e3o na pol\u00edtica monet\u00e1ria.<\/p>\n<p>Ap\u00f3s chegar a 10,5% ao ano de junho a agosto do ano passado, a taxa come\u00e7ou a ser elevada em setembro do ano passado, com uma alta de 0,25 ponto, uma de 0,5 ponto e uma de 1 ponto percentual.<\/p>\n<h2>Infla\u00e7\u00e3o<\/h2>\n<p>A Selic \u00e9 o principal instrumento do Banco Central para manter sob controle a infla\u00e7\u00e3o oficial, medida pelo \u00cdndice Nacional de Pre\u00e7os ao Consumidor Amplo (IPCA). Em dezembro, o \u00cdndice Nacional de Pre\u00e7os ao Consumidor Amplo (IPCA), considerado a infla\u00e7\u00e3o oficial, <a href=\"https:\/\/agenciabrasil.ebc.com.br\/economia\/noticia\/2025-01\/inflacao-oficial-do-pais-em-2024-e-de-483-acima-do-limite-da-meta\" target=\"_blank\" rel=\"noopener\">ficou em 0,52%<\/a>. Segundo o Instituto Brasileiro de Geografia e Estat\u00edstica (IBGE), apesar da bandeira verde nas contas de luz, o pre\u00e7o dos alimentos, principalmente da carne e de algumas frutas, continuou a subir.<\/p>\n<p>Com o resultado, o indicador acumula alta de 4,83% em 2024, acima do teto da meta do ano passado. Pelo novo <a href=\"https:\/\/agenciabrasil.ebc.com.br\/economia\/noticia\/2024-06\/cmn-define-centro-da-meta-continua-de-inflacao-em-3\" rel=\"noopener\">sistema de meta cont\u00ednua<\/a> em vigor a partir deste m\u00eas, a meta de infla\u00e7\u00e3o que deve ser perseguida pelo BC, definida pelo Conselho Monet\u00e1rio Nacional, \u00e9 de 3%, com intervalo de toler\u00e2ncia de 1,5 ponto percentual para cima ou para baixo. Ou seja, o limite inferior \u00e9 1,5% e o superior \u00e9 4,5%.<\/p>\n<p>No modelo de meta cont\u00ednua, a meta passa ser apurada m\u00eas a m\u00eas, considerando a infla\u00e7\u00e3o acumulada em 12 meses. Em janeiro de 2025, a infla\u00e7\u00e3o desde fevereiro de 2024 \u00e9 comparada com a meta e o intervalo de toler\u00e2ncia. Em fevereiro, o procedimento se repete, com apura\u00e7\u00e3o a partir de mar\u00e7o de 2024. Dessa forma, a verifica\u00e7\u00e3o se desloca ao longo do tempo, n\u00e3o ficando mais restrita ao \u00edndice fechado de dezembro de cada ano.<\/p>\n<p>No \u00faltimo Relat\u00f3rio de Infla\u00e7\u00e3o, divulgado no fim de dezembro pelo Banco Central, a autoridade monet\u00e1ria manteve a <a _blank=\"\" href=\"https:\/\/agenciabrasil.ebc.com.br\/economia\/noticia\/2024-12\/projecao-de-crescimento-da-economia-sobe-de-32-para-35-em-2024\" rel=\"noopener\">previs\u00e3o de que o IPCA termine 2025 em 4,5%<\/a>, mas a estimativa pode ser revista, dependendo do comportamento do d\u00f3lar e da infla\u00e7\u00e3o. O pr\u00f3ximo relat\u00f3rio ser\u00e1 divulgado no fim de mar\u00e7o.<\/p>\n<p>As previs\u00f5es do mercado est\u00e3o mais pessimistas. De acordo com o boletim <em>Focus<\/em>, pesquisa semanal com institui\u00e7\u00f5es financeiras divulgada pelo BC, a infla\u00e7\u00e3o oficial dever\u00e1 fechar o ano <a href=\"https:\/\/agenciabrasil.ebc.com.br\/economia\/noticia\/2025-01\/mercado-financeiro-eleva-previsao-da-inflacao-de-508-para-55\" target=\"_blank\" rel=\"noopener\"> em 5,5%<\/a>, 1 ponto acima do teto da meta. H\u00e1 um m\u00eas, as estimativas do mercado estavam em 4,96%.<\/p>\n<p>O comunicado do Copom trouxe as expectativas atualizadas do Banco Central sobre a infla\u00e7\u00e3o. A autoridade monet\u00e1ria prev\u00ea que o IPCA chegar\u00e1 a 5,2% em 2025 (acima do teto da meta) e 4% no acumulado em 12 meses no fim do terceiro trimestre em 2026. Isso porque o Banco Central trabalha com o que chama de \u201chorizonte ampliado\u201d, considerando o cen\u00e1rio para a infla\u00e7\u00e3o em at\u00e9 18 meses.<\/p>\n<p>O Banco Central aumentou as estimativas de infla\u00e7\u00e3o. Na reuni\u00e3o anterior, de novembro, o Copom previa IPCA de 4,5% em 2025 e de 4% em 12 meses no fim do segundo trimestre de 2026.<\/p>\n<h2>Cr\u00e9dito mais caro<\/h2>\n<p>O aumento da taxa Selic ajuda a conter a infla\u00e7\u00e3o. Isso porque juros mais altos encarecem o cr\u00e9dito e desestimulam a produ\u00e7\u00e3o e o consumo. Por outro lado, taxas maiores dificultam o crescimento econ\u00f4mico. No \u00faltimo <em>Relat\u00f3rio de Infla\u00e7\u00e3o<\/em>, o Banco Central <a href=\" https:\/\/agenciabrasil.ebc.com.br\/economia\/noticia\/2024-12\/projecao-de-crescimento-da-economia-sobe-de-32-para-35-em-2024\" target=\"_blank\">elevou para 2,1% a proje\u00e7\u00e3o de crescimento<\/a> para a economia em 2025.<\/p>\n<p>O mercado projeta crescimento um pouco menor. Segundo a \u00faltima edi\u00e7\u00e3o do boletim <em>Focus<\/em>, os analistas econ\u00f4micos preveem <a href=\" https:\/\/agenciabrasil.ebc.com.br\/economia\/noticia\/2025-01\/mercado-financeiro-eleva-previsao-da-inflacao-de-508-para-55\" target=\"_blank\">expans\u00e3o de 2,06%<\/a> do PIB em 2025.<\/p>\n<p>A taxa b\u00e1sica de juros \u00e9 usada nas negocia\u00e7\u00f5es de t\u00edtulos p\u00fablicos no Sistema Especial de Liquida\u00e7\u00e3o e Cust\u00f3dia (Selic) e serve de refer\u00eancia para as demais taxas de juros da economia. Ao reajust\u00e1-la para cima, o Banco Central segura o excesso de demanda que pressiona os pre\u00e7os, porque juros mais altos encarecem o cr\u00e9dito e estimulam a poupan\u00e7a.<\/p>\n<p>Ao reduzir os juros b\u00e1sicos, o Copom barateia o cr\u00e9dito e incentiva a produ\u00e7\u00e3o e o consumo, mas enfraquece o controle da infla\u00e7\u00e3o. Para cortar a Selic, a autoridade monet\u00e1ria precisa estar segura de que os pre\u00e7os est\u00e3o sob controle e n\u00e3o correm risco de subir.<\/p>\n<p>\u00a0<\/p>\n<div class=\"dnd-widget-wrapper context-grande_6colunas type-image atom-align-center\">\n<div class=\"dnd-atom-rendered\"><!-- scald=62797:grande_6colunas {\"additionalClasses\":\"\"} --><br \/>\n            <img data-recalc-dims=\"1\" decoding=\"async\" src=\"https:\/\/i0.wp.com\/imagens.ebc.com.br\/fRme8BcIVf6R0vF-zc8aNUasRWU%3D\/463x0\/smart\/https%3A\/\/agenciabrasil.ebc.com.br\/sites\/default\/files\/atoms\/image\/infografia_selic.png?w=696&#038;ssl=1\" alt=\"infografia_selic\" title=\"ArteDJOR\"\/><br \/>\n        <img data-recalc-dims=\"1\" decoding=\"async\" src=\"https:\/\/i0.wp.com\/imagens.ebc.com.br\/fRme8BcIVf6R0vF-zc8aNUasRWU%3D\/463x0\/smart\/https%3A\/\/agenciabrasil.ebc.com.br\/sites\/default\/files\/atoms\/image\/infografia_selic.png?w=696&#038;ssl=1\" alt=\"infografia_selic\" title=\"ArteDJOR\"\/><br \/>\n    <!-- END scald=62797 --><\/div>\n<div class=\"dnd-caption-wrapper\">\n<p><!--copyright=62797-->infografia_selic &#8211; <strong>ArteDJOR<\/strong><!--END copyright=62797--><\/p>\n<\/div>\n<\/div>\n<p>\u00a0<\/p>\n<p>      <!-- Relacionada --><\/p>\n<p>            <!-- Relacionada -->\n    <\/div>\n<p><br \/>\n<br \/><a href=\"https:\/\/agenciabrasil.ebc.com.br\/economia\/noticia\/2025-01\/copom-eleva-juros-basicos-da-economia-para-1325-ao-ano\" rel=\"noopener\">Ag\u00eancia Brasil<\/a><\/p>\n","protected":false},"excerpt":{"rendered":"<p>A alta recente do d\u00f3lar e as incertezas em torno da infla\u00e7\u00e3o e da economia global fizeram o Banco Central (BC) aumentar mais uma vez os juros. Por unanimidade, o Comit\u00ea de Pol\u00edtica Monet\u00e1ria (Copom) aumentou a taxa Selic, juros b\u00e1sicos da economia, em 1 ponto percentual, para 13,25% ao ano. Al\u00e9m de esperada pelo [&hellip;]<\/p>\n","protected":false},"author":1,"featured_media":4806,"comment_status":"open","ping_status":"open","sticky":false,"template":"","format":"standard","meta":{"_jetpack_newsletter_access":"","_jetpack_dont_email_post_to_subs":false,"_jetpack_newsletter_tier_id":0,"_jetpack_memberships_contains_paywalled_content":false,"_mbp_banners":[],"_jetpack_feature_clip_id":0,"_jetpack_memberships_contains_paid_content":false,"footnotes":"","jetpack_publicize_message":"","jetpack_publicize_feature_enabled":true,"jetpack_social_post_already_shared":true,"jetpack_social_options":{"image_generator_settings":{"template":"highway","default_image_id":0,"font":"","enabled":false},"version":2},"jetpack_post_was_ever_published":false},"categories":[24],"tags":[],"class_list":["post-22118","post","type-post","status-publish","format-standard","has-post-thumbnail","category-economia"],"jetpack_publicize_connections":[],"jetpack-related-posts":[],"jetpack_shortlink":"https:\/\/wp.me\/p7Eq1F-5KK","jetpack_sharing_enabled":true,"jetpack_featured_media_url":"https:\/\/i0.wp.com\/guialimeira.com.br\/news\/wp-content\/uploads\/2024\/05\/20231025_150203.jpg?fit=1600%2C800&ssl=1","_links":{"self":[{"href":"https:\/\/guialimeira.com.br\/news\/wp-json\/wp\/v2\/posts\/22118","targetHints":{"allow":["GET"]}}],"collection":[{"href":"https:\/\/guialimeira.com.br\/news\/wp-json\/wp\/v2\/posts"}],"about":[{"href":"https:\/\/guialimeira.com.br\/news\/wp-json\/wp\/v2\/types\/post"}],"author":[{"embeddable":true,"href":"https:\/\/guialimeira.com.br\/news\/wp-json\/wp\/v2\/users\/1"}],"replies":[{"embeddable":true,"href":"https:\/\/guialimeira.com.br\/news\/wp-json\/wp\/v2\/comments?post=22118"}],"version-history":[{"count":0,"href":"https:\/\/guialimeira.com.br\/news\/wp-json\/wp\/v2\/posts\/22118\/revisions"}],"wp:featuredmedia":[{"embeddable":true,"href":"https:\/\/guialimeira.com.br\/news\/wp-json\/wp\/v2\/media\/4806"}],"wp:attachment":[{"href":"https:\/\/guialimeira.com.br\/news\/wp-json\/wp\/v2\/media?parent=22118"}],"wp:term":[{"taxonomy":"category","embeddable":true,"href":"https:\/\/guialimeira.com.br\/news\/wp-json\/wp\/v2\/categories?post=22118"},{"taxonomy":"post_tag","embeddable":true,"href":"https:\/\/guialimeira.com.br\/news\/wp-json\/wp\/v2\/tags?post=22118"}],"curies":[{"name":"wp","href":"https:\/\/api.w.org\/{rel}","templated":true}]}}