{"id":221,"date":"2024-03-29T13:29:31","date_gmt":"2024-03-29T16:29:31","guid":{"rendered":"https:\/\/guialimeira.com.br\/2024\/03\/29\/cidade-do-rio-de-janeiro-anuncia-fim-da-epidemia-de-dengue\/"},"modified":"2024-03-29T13:29:31","modified_gmt":"2024-03-29T16:29:31","slug":"cidade-do-rio-de-janeiro-anuncia-fim-da-epidemia-de-dengue","status":"publish","type":"post","link":"https:\/\/guialimeira.com.br\/news\/cidade-do-rio-de-janeiro-anuncia-fim-da-epidemia-de-dengue\/","title":{"rendered":"Cidade do Rio de Janeiro anuncia fim da epidemia de dengue"},"content":{"rendered":"<p> <br \/>\n<\/p>\n<div>\n<p>A Secretaria Municipal de Sa\u00fade do Rio de Janeiro anunciou, nesta sexta-feira (29), o fim da epidemia de dengue na cidade. Segundo o secret\u00e1rio Daniel Soranz, o munic\u00edpio registrou sete mortes e 82 mil casos da doen\u00e7a. Nas \u00faltimas semanas, no entanto, houve uma redu\u00e7\u00e3o grande nos casos.<img data-recalc-dims=\"1\" decoding=\"async\" src=\"https:\/\/i0.wp.com\/agenciabrasil.ebc.com.br\/ebc.png?w=696&#038;ssl=1\" style=\"width:1px; height:1px; display:inline;\"\/><img data-recalc-dims=\"1\" decoding=\"async\" src=\"https:\/\/i0.wp.com\/agenciabrasil.ebc.com.br\/ebc.gif?w=696&#038;ssl=1\" style=\"width:1px; height:1px; display:inline;\"\/><\/p>\n<p>O pior per\u00edodo da epidemia foi entre 18 e 24 de fevereiro, quando a cidade registrou 13.511 casos. Desde ent\u00e3o, o munic\u00edpio vem apresentando queda. Na \u00faltima semana com os dados consolidados (17 a 23 de mar\u00e7o), foram 5.395 ocorr\u00eancias, uma redu\u00e7\u00e3o de 33% em rela\u00e7\u00e3o \u00e0 semana anterior.<\/p>\n<p>\u201cHouve um esvaziamento nos polos de atendimento para a dengue, ent\u00e3o a gente j\u00e1 pode dizer que a gente deixa o per\u00edodo epid\u00eamico e a emerg\u00eancia de dengue na cidade\u201d, afirmou Soranz.<\/p>\n<p>Segundo ele, cerca de 1,1 mil profissionais de sa\u00fade se envolveram na mobiliza\u00e7\u00e3o contra a dengue. Os dez polos de atendimento abertos em fevereiro come\u00e7am a ser desmobilizados nesta sexta-feira.<\/p>\n<p>\u201cA gente j\u00e1 pode virar essa for\u00e7a de trabalho para o combate \u00e0 influenza e para a principal campanha vacinal do calend\u00e1rio, que \u00e9 a vacina para a influenza\u201d.<\/p>\n<h2>Vacina\u00e7\u00e3o<\/h2>\n<p>Soranz afirmou que esta ser\u00e1 a \u00faltima semana de imuniza\u00e7\u00e3o de crian\u00e7as e adolescentes de 10 a 14 anos com a primeira dose da vacina contra dengue.<\/p>\n<p>\u201cAinda tem 40 mil doses da vacina de dengue em estoque. Ent\u00e3o a gente pede que os pais que ainda n\u00e3o trouxeram seus filhos para se proteger que procurem uma unidade de sa\u00fade para aplicar a primeira dose da vacina\u201d.<\/p>\n<\/p><\/div>\n<p><br \/>\n<br \/><a href=\"https:\/\/agenciabrasil.ebc.com.br\/saude\/noticia\/2024-03\/cidade-do-rio-de-janeiro-anuncia-fim-de-epidemia-de-dengue\" rel=\"noopener\">Ag\u00eancia Brasil <\/a><\/p>\n","protected":false},"excerpt":{"rendered":"<p>A Secretaria Municipal de Sa\u00fade do Rio de Janeiro anunciou, nesta sexta-feira (29), o fim da epidemia de dengue na cidade. Segundo o secret\u00e1rio Daniel Soranz, o munic\u00edpio registrou sete mortes e 82 mil casos da doen\u00e7a. Nas \u00faltimas semanas, no entanto, houve uma redu\u00e7\u00e3o grande nos casos. O pior per\u00edodo da epidemia foi entre [&hellip;]<\/p>\n","protected":false},"author":1,"featured_media":222,"comment_status":"open","ping_status":"open","sticky":false,"template":"","format":"standard","meta":{"_jetpack_newsletter_access":"","_jetpack_dont_email_post_to_subs":false,"_jetpack_newsletter_tier_id":0,"_jetpack_memberships_contains_paywalled_content":false,"_mbp_banners":[],"_jetpack_feature_clip_id":0,"_jetpack_memberships_contains_paid_content":false,"footnotes":"","jetpack_publicize_message":"","jetpack_publicize_feature_enabled":true,"jetpack_social_post_already_shared":false,"jetpack_social_options":{"image_generator_settings":{"template":"highway","default_image_id":0,"font":"","enabled":false},"version":2},"jetpack_post_was_ever_published":false},"categories":[15],"tags":[],"class_list":["post-221","post","type-post","status-publish","format-standard","has-post-thumbnail","category-saude"],"jetpack_publicize_connections":[],"jetpack-related-posts":[],"jetpack_shortlink":"https:\/\/wp.me\/p7Eq1F-3z","jetpack_sharing_enabled":true,"jetpack_featured_media_url":"https:\/\/i0.wp.com\/guialimeira.com.br\/news\/wp-content\/uploads\/2024\/03\/dia_d_contra_a_dengue_no_rio_de_janeiro_-_edu_kapps_sms_1.jpg?fit=1600%2C800&ssl=1","_links":{"self":[{"href":"https:\/\/guialimeira.com.br\/news\/wp-json\/wp\/v2\/posts\/221","targetHints":{"allow":["GET"]}}],"collection":[{"href":"https:\/\/guialimeira.com.br\/news\/wp-json\/wp\/v2\/posts"}],"about":[{"href":"https:\/\/guialimeira.com.br\/news\/wp-json\/wp\/v2\/types\/post"}],"author":[{"embeddable":true,"href":"https:\/\/guialimeira.com.br\/news\/wp-json\/wp\/v2\/users\/1"}],"replies":[{"embeddable":true,"href":"https:\/\/guialimeira.com.br\/news\/wp-json\/wp\/v2\/comments?post=221"}],"version-history":[{"count":0,"href":"https:\/\/guialimeira.com.br\/news\/wp-json\/wp\/v2\/posts\/221\/revisions"}],"wp:featuredmedia":[{"embeddable":true,"href":"https:\/\/guialimeira.com.br\/news\/wp-json\/wp\/v2\/media\/222"}],"wp:attachment":[{"href":"https:\/\/guialimeira.com.br\/news\/wp-json\/wp\/v2\/media?parent=221"}],"wp:term":[{"taxonomy":"category","embeddable":true,"href":"https:\/\/guialimeira.com.br\/news\/wp-json\/wp\/v2\/categories?post=221"},{"taxonomy":"post_tag","embeddable":true,"href":"https:\/\/guialimeira.com.br\/news\/wp-json\/wp\/v2\/tags?post=221"}],"curies":[{"name":"wp","href":"https:\/\/api.w.org\/{rel}","templated":true}]}}