{"id":2203,"date":"2024-04-20T15:17:43","date_gmt":"2024-04-20T18:17:43","guid":{"rendered":"https:\/\/guialimeira.com.br\/2024\/04\/20\/filho-do-prefeito-de-belem-morre-aos-16-anos\/"},"modified":"2024-04-20T15:17:43","modified_gmt":"2024-04-20T18:17:43","slug":"filho-do-prefeito-de-belem-morre-aos-16-anos","status":"publish","type":"post","link":"https:\/\/guialimeira.com.br\/news\/filho-do-prefeito-de-belem-morre-aos-16-anos\/","title":{"rendered":"Filho do prefeito de Bel\u00e9m morre aos 16 anos"},"content":{"rendered":"<p> <br \/>\n<\/p>\n<div>\n<p>O prefeito de Bel\u00e9m, Edmilson Rodrigues, comunicou nas redes sociais, neste s\u00e1bado (20), que seu filho, Arthur Rodrigues (foto), de 16 anos, morreu em Joinville, em Santa Catarina, onde vivia com a m\u00e3e e passava por um tratamento de sa\u00fade. A causa da morte n\u00e3o foi divulgada.<img data-recalc-dims=\"1\" decoding=\"async\" src=\"https:\/\/i0.wp.com\/agenciabrasil.ebc.com.br\/ebc.png?w=696&#038;ssl=1\" style=\"width:1px; height:1px; display:inline;\"\/><img data-recalc-dims=\"1\" decoding=\"async\" src=\"https:\/\/i0.wp.com\/agenciabrasil.ebc.com.br\/ebc.gif?w=696&#038;ssl=1\" style=\"width:1px; height:1px; display:inline;\"\/><\/p>\n<p>\u201cNeste momento de inexprim\u00edvel dor, \u00e9 com o cora\u00e7\u00e3o partido que compartilhamos com todos os belenenses a perda de meu querido filho, Arthur. Ele era um jovem de 16 anos, cheio de luz e generosidade, e mesmo em seus \u00faltimos dias, nos deu li\u00e7\u00f5es de for\u00e7a e amorosidade\u201d, comunicou o prefeito.<\/p>\n<h2>Doa\u00e7\u00e3o de \u00f3rg\u00e3os<\/h2>\n<p>Edmilson informou ainda a inten\u00e7\u00e3o do filho de doar os \u00f3rg\u00e3os. \u201cAtrav\u00e9s da doa\u00e7\u00e3o de seus \u00f3rg\u00e3os, queremos mostrar sua ess\u00eancia amorosa, seu desejo de ajudar o pr\u00f3ximo e seu sonho de justi\u00e7a social\u201d, completou o prefeito, que agradeceu os apoios que recebeu nos \u00faltimos dias.<\/p>\n<p>A postagem anunciando a morte do filho gerou diversos coment\u00e1rios de autoridades, entre eles, do presidente Luiz In\u00e1cio Lula da Silva, que se solidarizou com o pol\u00edtico paraense. \u201cMeus sentimentos a voc\u00ea e sua fam\u00edlia, companheiro. Muita for\u00e7a nesse momento t\u00e3o dif\u00edcil\u201d, disse Lula.<\/p>\n<p>Em nota, a prefeitura de Bel\u00e9m tamb\u00e9m lamentou a morte precoce. \u201cToda nossa solidariedade e nossa for\u00e7a \u00e0 fam\u00edlia enlutada\u201d, afirmou. O corpo de Arthur ser\u00e1 velado em Joinville.<\/p>\n<\/p><\/div>\n<p><br \/>\n<br \/><a href=\"https:\/\/agenciabrasil.ebc.com.br\/geral\/noticia\/2024-04\/filho-do-prefeito-de-belem-morre-aos-16-anos\" rel=\"noopener\">Ag\u00eancia Brasil<\/a><\/p>\n","protected":false},"excerpt":{"rendered":"<p>O prefeito de Bel\u00e9m, Edmilson Rodrigues, comunicou nas redes sociais, neste s\u00e1bado (20), que seu filho, Arthur Rodrigues (foto), de 16 anos, morreu em Joinville, em Santa Catarina, onde vivia com a m\u00e3e e passava por um tratamento de sa\u00fade. A causa da morte n\u00e3o foi divulgada. \u201cNeste momento de inexprim\u00edvel dor, \u00e9 com o [&hellip;]<\/p>\n","protected":false},"author":1,"featured_media":2204,"comment_status":"open","ping_status":"open","sticky":false,"template":"","format":"standard","meta":{"_jetpack_newsletter_access":"","_jetpack_dont_email_post_to_subs":false,"_jetpack_newsletter_tier_id":0,"_jetpack_memberships_contains_paywalled_content":false,"_mbp_banners":[],"_jetpack_feature_clip_id":0,"_jetpack_memberships_contains_paid_content":false,"footnotes":"","jetpack_publicize_message":"","jetpack_publicize_feature_enabled":true,"jetpack_social_post_already_shared":true,"jetpack_social_options":{"image_generator_settings":{"template":"highway","default_image_id":0,"font":"","enabled":false},"version":2},"jetpack_post_was_ever_published":false},"categories":[1],"tags":[],"class_list":["post-2203","post","type-post","status-publish","format-standard","has-post-thumbnail","category-geral"],"jetpack_publicize_connections":[],"jetpack-related-posts":[],"jetpack_shortlink":"https:\/\/wp.me\/p7Eq1F-zx","jetpack_sharing_enabled":true,"jetpack_featured_media_url":"https:\/\/i0.wp.com\/guialimeira.com.br\/news\/wp-content\/uploads\/2024\/04\/glnsmewxiaazobz-1.jpg?fit=1600%2C800&ssl=1","_links":{"self":[{"href":"https:\/\/guialimeira.com.br\/news\/wp-json\/wp\/v2\/posts\/2203","targetHints":{"allow":["GET"]}}],"collection":[{"href":"https:\/\/guialimeira.com.br\/news\/wp-json\/wp\/v2\/posts"}],"about":[{"href":"https:\/\/guialimeira.com.br\/news\/wp-json\/wp\/v2\/types\/post"}],"author":[{"embeddable":true,"href":"https:\/\/guialimeira.com.br\/news\/wp-json\/wp\/v2\/users\/1"}],"replies":[{"embeddable":true,"href":"https:\/\/guialimeira.com.br\/news\/wp-json\/wp\/v2\/comments?post=2203"}],"version-history":[{"count":0,"href":"https:\/\/guialimeira.com.br\/news\/wp-json\/wp\/v2\/posts\/2203\/revisions"}],"wp:featuredmedia":[{"embeddable":true,"href":"https:\/\/guialimeira.com.br\/news\/wp-json\/wp\/v2\/media\/2204"}],"wp:attachment":[{"href":"https:\/\/guialimeira.com.br\/news\/wp-json\/wp\/v2\/media?parent=2203"}],"wp:term":[{"taxonomy":"category","embeddable":true,"href":"https:\/\/guialimeira.com.br\/news\/wp-json\/wp\/v2\/categories?post=2203"},{"taxonomy":"post_tag","embeddable":true,"href":"https:\/\/guialimeira.com.br\/news\/wp-json\/wp\/v2\/tags?post=2203"}],"curies":[{"name":"wp","href":"https:\/\/api.w.org\/{rel}","templated":true}]}}