{"id":22019,"date":"2025-01-28T20:33:32","date_gmt":"2025-01-28T23:33:32","guid":{"rendered":"https:\/\/guialimeira.com.br\/2025\/01\/28\/sp-ja-tem-mais-mortes-por-febre-amarela-neste-ano-do-que-em-todo-2024\/"},"modified":"2025-01-28T20:33:32","modified_gmt":"2025-01-28T23:33:32","slug":"sp-ja-tem-mais-mortes-por-febre-amarela-neste-ano-do-que-em-todo-2024","status":"publish","type":"post","link":"https:\/\/guialimeira.com.br\/news\/sp-ja-tem-mais-mortes-por-febre-amarela-neste-ano-do-que-em-todo-2024\/","title":{"rendered":"SP j\u00e1 tem mais mortes por febre amarela neste ano do que em todo 2024"},"content":{"rendered":"<p> <br \/>\n<\/p>\n<div>\n<p>No m\u00eas de janeiro, tr\u00eas pessoas morreram por febre amarela no estado de S\u00e3o Paulo. O dado foi confirmado pela Secretaria Estadual de Sa\u00fade e computa casos registrados at\u00e9 a \u00faltima sexta-feira (24). Esse n\u00famero j\u00e1 supera o registrado em todo o ano passado, quando foram confirmados dois casos, com um \u00f3bito.<img data-recalc-dims=\"1\" decoding=\"async\" src=\"https:\/\/i0.wp.com\/agenciabrasil.ebc.com.br\/ebc.png?w=696&#038;ssl=1\" style=\"width:1px; height:1px; display:inline;\"\/><img data-recalc-dims=\"1\" decoding=\"async\" src=\"https:\/\/i0.wp.com\/agenciabrasil.ebc.com.br\/ebc.gif?w=696&#038;ssl=1\" style=\"width:1px; height:1px; display:inline;\"\/><\/p>\n<p>Este j\u00e1 \u00e9 o maior n\u00famero de casos desde 2019, quando foram registrados 64 casos aut\u00f3ctones (contra\u00eddo na pr\u00f3pria regi\u00e3o onde a pessoa vive) e 12 \u00f3bitos em todo o estado paulista.<\/p>\n<p>Ao todo, sete casos de febre amarela em humanos foram confirmados neste ano de 2025, todos no interior paulista. Quatro desses casos foram registrados em Socorro, um em Tuiuti e um em Joan\u00f3polis, locais onde est\u00e1 ocorrendo refor\u00e7o na vacina\u00e7\u00e3o e nas a\u00e7\u00f5es de sa\u00fade. Um outro caso ainda est\u00e1 sob investiga\u00e7\u00e3o.<\/p>\n<p>Tamb\u00e9m houve refor\u00e7o de a\u00e7\u00f5es na regi\u00e3o de Ribeir\u00e3o Preto, onde foi <a href=\"https:\/\/agenciabrasil.ebc.com.br\/saude\/noticia\/2025-01\/saude-confirma-casos-de-febre-amarela-em-macacos-em-municipio-paulista-0\" rel=\"noopener\">detectada morte de macacos<\/a> em decorr\u00eancia da infec\u00e7\u00e3o. Embora macacos doentes n\u00e3o transmitam a doen\u00e7a, s\u00e3o um indicativo de circula\u00e7\u00e3o do v\u00edrus.<\/p>\n<h2>Doen\u00e7a<\/h2>\n<p>A febre amarela \u00e9 uma doen\u00e7a infecciosa febril aguda que \u00e9 causada por um v\u00edrus. Esse v\u00edrus \u00e9 transmitido pela picada de um mosquito silvestre, que vive em zona de mata, e n\u00e3o h\u00e1 transmiss\u00e3o direta de pessoa para pessoa.\u00a0<\/p>\n<p>Um indicador da presen\u00e7a desses mosquitos transmissores se d\u00e1 com a morte de macacos, que tamb\u00e9m sofrem com altos \u00edndices de mortalidade quando contaminados. Por isso, o avistamento de macacos mortos deve ser informado \u00e0s equipes de sa\u00fade do munic\u00edpio.<\/p>\n<p>Os sintomas iniciais da febre amarela s\u00e3o febre, calafrios, dor de cabe\u00e7a intensa, dores nas costas, dores no corpo, n\u00e1useas e v\u00f4mitos, fadiga e fraqueza.<\/p>\n<p>A doen\u00e7a pode ser prevenida por meio de vacina, que est\u00e1 dispon\u00edvel gratuitamente pelo Sistema \u00danico de Sa\u00fade (SUS). Desde abril de 2017, o Brasil adota o esquema vacinal de apenas uma dose durante toda a vida, medida que est\u00e1 de acordo com as recomenda\u00e7\u00f5es da Organiza\u00e7\u00e3o Mundial da Sa\u00fade (OMS). A vacina \u00e9 a melhor forma de preven\u00e7\u00e3o da doen\u00e7a e est\u00e1 dispon\u00edvel em todos os postos de sa\u00fade do estado.<\/p>\n<p>      <!-- Relacionada --><br \/>\n            <!-- Relacionada -->\n    <\/div>\n<p><br \/>\n<br \/><a href=\"https:\/\/agenciabrasil.ebc.com.br\/saude\/noticia\/2025-01\/sp-ja-tem-mais-mortes-por-febre-amarela-neste-ano-do-que-em-todo-2024\" rel=\"noopener\">Ag\u00eancia Brasil <\/a><\/p>\n","protected":false},"excerpt":{"rendered":"<p>No m\u00eas de janeiro, tr\u00eas pessoas morreram por febre amarela no estado de S\u00e3o Paulo. O dado foi confirmado pela Secretaria Estadual de Sa\u00fade e computa casos registrados at\u00e9 a \u00faltima sexta-feira (24). Esse n\u00famero j\u00e1 supera o registrado em todo o ano passado, quando foram confirmados dois casos, com um \u00f3bito. Este j\u00e1 \u00e9 [&hellip;]<\/p>\n","protected":false},"author":1,"featured_media":22020,"comment_status":"open","ping_status":"open","sticky":false,"template":"","format":"standard","meta":{"_jetpack_newsletter_access":"","_jetpack_dont_email_post_to_subs":false,"_jetpack_newsletter_tier_id":0,"_jetpack_memberships_contains_paywalled_content":false,"_mbp_banners":[],"_jetpack_feature_clip_id":0,"_jetpack_memberships_contains_paid_content":false,"footnotes":"","jetpack_publicize_message":"","jetpack_publicize_feature_enabled":true,"jetpack_social_post_already_shared":true,"jetpack_social_options":{"image_generator_settings":{"template":"highway","default_image_id":0,"font":"","enabled":false},"version":2},"jetpack_post_was_ever_published":false},"categories":[15],"tags":[],"class_list":["post-22019","post","type-post","status-publish","format-standard","has-post-thumbnail","category-saude"],"jetpack_publicize_connections":[],"jetpack-related-posts":[],"jetpack_shortlink":"https:\/\/wp.me\/p7Eq1F-5J9","jetpack_sharing_enabled":true,"jetpack_featured_media_url":"https:\/\/i0.wp.com\/guialimeira.com.br\/news\/wp-content\/uploads\/2025\/01\/1112114-rj_tmazs_abr_031420188964.jpg?fit=1600%2C800&ssl=1","_links":{"self":[{"href":"https:\/\/guialimeira.com.br\/news\/wp-json\/wp\/v2\/posts\/22019","targetHints":{"allow":["GET"]}}],"collection":[{"href":"https:\/\/guialimeira.com.br\/news\/wp-json\/wp\/v2\/posts"}],"about":[{"href":"https:\/\/guialimeira.com.br\/news\/wp-json\/wp\/v2\/types\/post"}],"author":[{"embeddable":true,"href":"https:\/\/guialimeira.com.br\/news\/wp-json\/wp\/v2\/users\/1"}],"replies":[{"embeddable":true,"href":"https:\/\/guialimeira.com.br\/news\/wp-json\/wp\/v2\/comments?post=22019"}],"version-history":[{"count":0,"href":"https:\/\/guialimeira.com.br\/news\/wp-json\/wp\/v2\/posts\/22019\/revisions"}],"wp:featuredmedia":[{"embeddable":true,"href":"https:\/\/guialimeira.com.br\/news\/wp-json\/wp\/v2\/media\/22020"}],"wp:attachment":[{"href":"https:\/\/guialimeira.com.br\/news\/wp-json\/wp\/v2\/media?parent=22019"}],"wp:term":[{"taxonomy":"category","embeddable":true,"href":"https:\/\/guialimeira.com.br\/news\/wp-json\/wp\/v2\/categories?post=22019"},{"taxonomy":"post_tag","embeddable":true,"href":"https:\/\/guialimeira.com.br\/news\/wp-json\/wp\/v2\/tags?post=22019"}],"curies":[{"name":"wp","href":"https:\/\/api.w.org\/{rel}","templated":true}]}}