{"id":22014,"date":"2025-01-28T19:46:28","date_gmt":"2025-01-28T22:46:28","guid":{"rendered":"https:\/\/guialimeira.com.br\/2025\/01\/28\/dolar-cai-para-r-586-e-fecha-no-menor-nivel-em-dois-meses\/"},"modified":"2025-01-28T19:46:28","modified_gmt":"2025-01-28T22:46:28","slug":"dolar-cai-para-r-586-e-fecha-no-menor-nivel-em-dois-meses","status":"publish","type":"post","link":"https:\/\/guialimeira.com.br\/news\/dolar-cai-para-r-586-e-fecha-no-menor-nivel-em-dois-meses\/","title":{"rendered":"D\u00f3lar cai para R$ 5,86 e fecha no menor n\u00edvel em dois meses"},"content":{"rendered":"<p> <br \/>\n<\/p>\n<div>\n<p>Em mais um dia de al\u00edvio no mercado financeiro, o d\u00f3lar caiu para abaixo de R$ 5,90 e fechou no menor n\u00edvel em dois meses. A bolsa de valores chegou a abrir est\u00e1vel, mas caiu puxada por mineradoras e por investidores que venderam pap\u00e9is para embolsar lucros recentes.<img data-recalc-dims=\"1\" decoding=\"async\" src=\"https:\/\/i0.wp.com\/agenciabrasil.ebc.com.br\/ebc.png?w=696&#038;ssl=1\" style=\"width:1px; height:1px; display:inline;\"\/><img data-recalc-dims=\"1\" decoding=\"async\" src=\"https:\/\/i0.wp.com\/agenciabrasil.ebc.com.br\/ebc.gif?w=696&#038;ssl=1\" style=\"width:1px; height:1px; display:inline;\"\/><\/p>\n<p>O d\u00f3lar comercial encerrou esta ter\u00e7a-feira (28) vendido a R$ 5,869, com queda de R$ 0,043 (-0,73%). A cota\u00e7\u00e3o iniciou o dia em torno de R$ 5,91, mas caiu ap\u00f3s a abertura dos mercados norte-americanos. Na m\u00ednima do dia, por volta das 14h15, chegou a R$ 5,85.<\/p>\n<p>A cota\u00e7\u00e3o est\u00e1 no menor valor desde 26 de novembro. Em 2025, a divisa acumula queda de 5,02%.<\/p>\n<p>O mercado de a\u00e7\u00f5es teve um dia mais tenso. O \u00edndice Ibovespa, da B3, fechou aos 124.055, com queda de 0,65%. O indicador caiu por dois motivos. O primeiro \u00e9 o baixo pre\u00e7o do min\u00e9rio de ferro, que fez cair a\u00e7\u00f5es de mineradoras. O segundo foi a realiza\u00e7\u00e3o de lucros, com investidores vendendo pap\u00e9is que se valorizaram ontem (27), quando a bolsa tinha fechado no maior n\u00edvel em 45 dias.<\/p>\n<p>Em rela\u00e7\u00e3o ao c\u00e2mbio, tanto fatores internos como externos contribu\u00edram para a queda do d\u00f3lar. No cen\u00e1rio externo, o atraso na ado\u00e7\u00e3o de medidas de eleva\u00e7\u00e3o de tarifas comerciais pelo governo do novo presidente norte-americano, Donald Trump, voltou a contribuir para o s\u00e9timo dia seguido de recuo do d\u00f3lar.<\/p>\n<p>No cen\u00e1rio interno, a divulga\u00e7\u00e3o de que a arrecada\u00e7\u00e3o federal em 2024 <a href=\"https:\/\/agenciabrasil.ebc.com.br\/economia\/noticia\/2025-01\/governo-fecha-ano-com-arrecadacao-recorde-de-r-265-trilhoes\" rel=\"noopener\">bateu recorde<\/a>\u00a0ajudou a aliviar os investidores. No ano passado, o governo federal arrecadou R$ 2,65 trilh\u00f5es, com alta de 9,6% acima da infla\u00e7\u00e3o em rela\u00e7\u00e3o a 2023.<\/p>\n<p><em>*Com informa\u00e7\u00f5es da Reuters<\/em><\/p>\n<p>      <!-- Relacionada --><br \/>\n            <!-- Relacionada -->\n    <\/div>\n<p><br \/>\n<br \/><a href=\"https:\/\/agenciabrasil.ebc.com.br\/economia\/noticia\/2025-01\/dolar-cai-para-r-586-e-fecha-no-menor-nivel-em-dois-meses\" rel=\"noopener\">Ag\u00eancia Brasil<\/a><\/p>\n","protected":false},"excerpt":{"rendered":"<p>Em mais um dia de al\u00edvio no mercado financeiro, o d\u00f3lar caiu para abaixo de R$ 5,90 e fechou no menor n\u00edvel em dois meses. A bolsa de valores chegou a abrir est\u00e1vel, mas caiu puxada por mineradoras e por investidores que venderam pap\u00e9is para embolsar lucros recentes. O d\u00f3lar comercial encerrou esta ter\u00e7a-feira (28) [&hellip;]<\/p>\n","protected":false},"author":1,"featured_media":22015,"comment_status":"open","ping_status":"open","sticky":false,"template":"","format":"standard","meta":{"_jetpack_newsletter_access":"","_jetpack_dont_email_post_to_subs":false,"_jetpack_newsletter_tier_id":0,"_jetpack_memberships_contains_paywalled_content":false,"_mbp_banners":[],"_jetpack_feature_clip_id":0,"_jetpack_memberships_contains_paid_content":false,"footnotes":"","jetpack_publicize_message":"","jetpack_publicize_feature_enabled":true,"jetpack_social_post_already_shared":true,"jetpack_social_options":{"image_generator_settings":{"template":"highway","default_image_id":0,"font":"","enabled":false},"version":2},"jetpack_post_was_ever_published":false},"categories":[24],"tags":[],"class_list":["post-22014","post","type-post","status-publish","format-standard","has-post-thumbnail","category-economia"],"jetpack_publicize_connections":[],"jetpack-related-posts":[],"jetpack_shortlink":"https:\/\/wp.me\/p7Eq1F-5J4","jetpack_sharing_enabled":true,"jetpack_featured_media_url":"https:\/\/i0.wp.com\/guialimeira.com.br\/news\/wp-content\/uploads\/2025\/01\/2020-09-09t135041z_1_lynxmpeg8817m_rtroptp_4_tech-notco-captacao.jpg?fit=1600%2C800&ssl=1","_links":{"self":[{"href":"https:\/\/guialimeira.com.br\/news\/wp-json\/wp\/v2\/posts\/22014","targetHints":{"allow":["GET"]}}],"collection":[{"href":"https:\/\/guialimeira.com.br\/news\/wp-json\/wp\/v2\/posts"}],"about":[{"href":"https:\/\/guialimeira.com.br\/news\/wp-json\/wp\/v2\/types\/post"}],"author":[{"embeddable":true,"href":"https:\/\/guialimeira.com.br\/news\/wp-json\/wp\/v2\/users\/1"}],"replies":[{"embeddable":true,"href":"https:\/\/guialimeira.com.br\/news\/wp-json\/wp\/v2\/comments?post=22014"}],"version-history":[{"count":0,"href":"https:\/\/guialimeira.com.br\/news\/wp-json\/wp\/v2\/posts\/22014\/revisions"}],"wp:featuredmedia":[{"embeddable":true,"href":"https:\/\/guialimeira.com.br\/news\/wp-json\/wp\/v2\/media\/22015"}],"wp:attachment":[{"href":"https:\/\/guialimeira.com.br\/news\/wp-json\/wp\/v2\/media?parent=22014"}],"wp:term":[{"taxonomy":"category","embeddable":true,"href":"https:\/\/guialimeira.com.br\/news\/wp-json\/wp\/v2\/categories?post=22014"},{"taxonomy":"post_tag","embeddable":true,"href":"https:\/\/guialimeira.com.br\/news\/wp-json\/wp\/v2\/tags?post=22014"}],"curies":[{"name":"wp","href":"https:\/\/api.w.org\/{rel}","templated":true}]}}