{"id":21992,"date":"2025-01-28T16:42:37","date_gmt":"2025-01-28T19:42:37","guid":{"rendered":"https:\/\/guialimeira.com.br\/2025\/01\/28\/transacoes-por-pix-voltam-a-aumentar-na-segunda-metade-de-janeiro\/"},"modified":"2025-01-28T16:42:37","modified_gmt":"2025-01-28T19:42:37","slug":"transacoes-por-pix-voltam-a-aumentar-na-segunda-metade-de-janeiro","status":"publish","type":"post","link":"https:\/\/guialimeira.com.br\/news\/transacoes-por-pix-voltam-a-aumentar-na-segunda-metade-de-janeiro\/","title":{"rendered":"Transa\u00e7\u00f5es por Pix voltam a aumentar na segunda metade de janeiro"},"content":{"rendered":"<p> <br \/>\n<\/p>\n<div>\n<p>Ap\u00f3s a onda de <em>fake news<\/em> de uma falsa taxa\u00e7\u00e3o do Pix, o volume de transa\u00e7\u00f5es voltou a aproximar-se da m\u00e9dia hist\u00f3rica na terceira semana de janeiro. Dos dias 16 a 27 deste m\u00eas, o n\u00famero de transfer\u00eancias totalizou 1,923 bilh\u00f5es, alta de 0,24% em rela\u00e7\u00e3o aos mesmos dias de novembro, segundo as estat\u00edsticas do Sistema de Pagamentos Instant\u00e2neo (SPI) do Banco Central (BC).<img data-recalc-dims=\"1\" decoding=\"async\" src=\"https:\/\/i0.wp.com\/agenciabrasil.ebc.com.br\/ebc.png?w=696&#038;ssl=1\" style=\"width:1px; height:1px; display:inline;\"\/><img data-recalc-dims=\"1\" decoding=\"async\" src=\"https:\/\/i0.wp.com\/agenciabrasil.ebc.com.br\/ebc.gif?w=696&#038;ssl=1\" style=\"width:1px; height:1px; display:inline;\"\/><\/p>\n<p>O levantamento vai do dia seguinte \u00e0 <a href=\"https:\/\/agenciabrasil.ebc.com.br\/economia\/noticia\/2025-01\/receita-revoga-ato-normativo-que-previa-fiscalizacao-do-pix\" target=\"_blank\" rel=\"noopener\">revoga\u00e7\u00e3o da norma que modernizava a fiscaliza\u00e7\u00e3o do Pix<\/a> e de outros tipos de transfer\u00eancias financeiras at\u00e9 segunda-feira (27). Por causa de uma onda de desinforma\u00e7\u00e3o, que acarretou fraudes, como falsos boletos de cobran\u00e7a de impostos e crimes \u00e0 ordem econ\u00f4mica, como cobran\u00e7a de pre\u00e7os diferenciados entre Pix e outras modalidades, a Receita Federal cancelou a instru\u00e7\u00e3o normativa que tinha entrado em vigor em 1\u00ba de janeiro.<\/p>\n<p>Em rela\u00e7\u00e3o a dezembro, o volume de transfer\u00eancias via Pix caiu 13,1% na compara\u00e7\u00e3o entre os dias 16 e 27. No entanto, o \u00faltimo m\u00eas do ano historicamente tem um pico de transfer\u00eancias por causa do pagamento do d\u00e9cimo terceiro sal\u00e1rio, das compras de Natal e das f\u00e9rias de fim de ano. Dessa forma, o padr\u00e3o hist\u00f3rico mais apropriado de compara\u00e7\u00e3o \u00e9 com o mesmo per\u00edodo de novembro.<\/p>\n<p>A onda de mentiras sobre o Pix que circulou na primeira quinzena de janeiro <a href=\"https:\/\/agenciabrasil.ebc.com.br\/economia\/noticia\/2025-01\/transacoes-pix-caem-em-relacao-dezembro-mas-crescem-em-12-meses\" target=\"_blank\" rel=\"noopener\">fez o volume de transa\u00e7\u00f5es cair 13,4%<\/a> de 1\u00ba a 15 de janeiro em rela\u00e7\u00e3o a dezembro. Na compara\u00e7\u00e3o com o mesmo per\u00edodo de novembro, o recuo chegou a 6,7%. Se considerar o per\u00edodo entre 1 e 14 de janeiro, a queda chega a 15,7% em rela\u00e7\u00e3o a dezembro e a 7,9% em rela\u00e7\u00e3o a novembro.<\/p>\n<p>Al\u00e9m de revogar a norma, o governo <a href=\"https:\/\/agenciabrasil.ebc.com.br\/economia\/noticia\/2025-01\/publicada-mp-que-proibe-cobranca-diferenciada-por-transacoes-com-pix\" target=\"_blank\" rel=\"noopener\">editou uma medida provis\u00f3ria<\/a> que refor\u00e7a a isen\u00e7\u00e3o de impostos e o sigilo banc\u00e1rio sobre o Pix, princ\u00edpios j\u00e1 garantidos pela Constitui\u00e7\u00e3o. A MP tamb\u00e9m pro\u00edbe a cobran\u00e7a de pre\u00e7os diferenciados pelo com\u00e9rcio para transa\u00e7\u00f5es via Pix. <a href=\"https:\/\/agenciabrasil.ebc.com.br\/economia\/noticia\/2025-01\/receita-esclarece-que-nao-cobrara-imposto-por-pix\" target=\"_blank\" rel=\"noopener\">Embora a Receita Federal tenha esclarecido<\/a> que a instru\u00e7\u00e3o normativa n\u00e3o acarretaria cobran\u00e7a de impostos pelo Pix, o crescimento na circula\u00e7\u00e3o de <em>fake news<\/em> sobre o tema for\u00e7ou o cancelamento das novas regras.<\/p>\n<p>      <!-- Relacionada --><\/p>\n<p>            <!-- Relacionada -->\n    <\/div>\n<p><br \/>\n<br \/><a href=\"https:\/\/agenciabrasil.ebc.com.br\/economia\/noticia\/2025-01\/transacoes-por-pix-voltam-aumentar-na-segunda-metade-de-janeiro\" rel=\"noopener\">Ag\u00eancia Brasil<\/a><\/p>\n","protected":false},"excerpt":{"rendered":"<p>Ap\u00f3s a onda de fake news de uma falsa taxa\u00e7\u00e3o do Pix, o volume de transa\u00e7\u00f5es voltou a aproximar-se da m\u00e9dia hist\u00f3rica na terceira semana de janeiro. Dos dias 16 a 27 deste m\u00eas, o n\u00famero de transfer\u00eancias totalizou 1,923 bilh\u00f5es, alta de 0,24% em rela\u00e7\u00e3o aos mesmos dias de novembro, segundo as estat\u00edsticas do [&hellip;]<\/p>\n","protected":false},"author":1,"featured_media":21993,"comment_status":"open","ping_status":"open","sticky":false,"template":"","format":"standard","meta":{"_jetpack_newsletter_access":"","_jetpack_dont_email_post_to_subs":false,"_jetpack_newsletter_tier_id":0,"_jetpack_memberships_contains_paywalled_content":false,"_mbp_banners":[],"_jetpack_feature_clip_id":0,"_jetpack_memberships_contains_paid_content":false,"footnotes":"","jetpack_publicize_message":"","jetpack_publicize_feature_enabled":true,"jetpack_social_post_already_shared":true,"jetpack_social_options":{"image_generator_settings":{"template":"highway","default_image_id":0,"font":"","enabled":false},"version":2},"jetpack_post_was_ever_published":false},"categories":[24],"tags":[],"class_list":["post-21992","post","type-post","status-publish","format-standard","has-post-thumbnail","category-economia"],"jetpack_publicize_connections":[],"jetpack-related-posts":[],"jetpack_shortlink":"https:\/\/wp.me\/p7Eq1F-5II","jetpack_sharing_enabled":true,"jetpack_featured_media_url":"https:\/\/i0.wp.com\/guialimeira.com.br\/news\/wp-content\/uploads\/2025\/01\/mg_5235.jpg?fit=1600%2C800&ssl=1","_links":{"self":[{"href":"https:\/\/guialimeira.com.br\/news\/wp-json\/wp\/v2\/posts\/21992","targetHints":{"allow":["GET"]}}],"collection":[{"href":"https:\/\/guialimeira.com.br\/news\/wp-json\/wp\/v2\/posts"}],"about":[{"href":"https:\/\/guialimeira.com.br\/news\/wp-json\/wp\/v2\/types\/post"}],"author":[{"embeddable":true,"href":"https:\/\/guialimeira.com.br\/news\/wp-json\/wp\/v2\/users\/1"}],"replies":[{"embeddable":true,"href":"https:\/\/guialimeira.com.br\/news\/wp-json\/wp\/v2\/comments?post=21992"}],"version-history":[{"count":0,"href":"https:\/\/guialimeira.com.br\/news\/wp-json\/wp\/v2\/posts\/21992\/revisions"}],"wp:featuredmedia":[{"embeddable":true,"href":"https:\/\/guialimeira.com.br\/news\/wp-json\/wp\/v2\/media\/21993"}],"wp:attachment":[{"href":"https:\/\/guialimeira.com.br\/news\/wp-json\/wp\/v2\/media?parent=21992"}],"wp:term":[{"taxonomy":"category","embeddable":true,"href":"https:\/\/guialimeira.com.br\/news\/wp-json\/wp\/v2\/categories?post=21992"},{"taxonomy":"post_tag","embeddable":true,"href":"https:\/\/guialimeira.com.br\/news\/wp-json\/wp\/v2\/tags?post=21992"}],"curies":[{"name":"wp","href":"https:\/\/api.w.org\/{rel}","templated":true}]}}