{"id":21972,"date":"2025-01-28T13:39:42","date_gmt":"2025-01-28T16:39:42","guid":{"rendered":"https:\/\/guialimeira.com.br\/2025\/01\/28\/governo-fecha-ano-com-arrecadacao-recorde-de-r-265-trilhoes\/"},"modified":"2025-01-28T13:39:42","modified_gmt":"2025-01-28T16:39:42","slug":"governo-fecha-ano-com-arrecadacao-recorde-de-r-265-trilhoes","status":"publish","type":"post","link":"https:\/\/guialimeira.com.br\/news\/governo-fecha-ano-com-arrecadacao-recorde-de-r-265-trilhoes\/","title":{"rendered":"Governo fecha ano com arrecada\u00e7\u00e3o recorde de R$ 2,65 trilh\u00f5es"},"content":{"rendered":"<p> <br \/>\n<\/p>\n<div>\n<p>A arrecada\u00e7\u00e3o do governo federal fechou o ano de 2024 em R$ 2,709 trilh\u00f5es, informou, nesta ter\u00e7a-feira (28), a Receita Federal. \u00c9 o maior valor registrado na s\u00e9rie hist\u00f3rica, iniciada em 1995, e representa crescimento real de 9,6%, descontada a infla\u00e7\u00e3o medida pelo \u00cdndice de Pre\u00e7os ao Consumidor Amplo (IPCA), em 2024 contra o ano anterior. Descontada a infla\u00e7\u00e3o, o governo arrecadou R$ 2,653 trilh\u00f5es no ano.<img data-recalc-dims=\"1\" decoding=\"async\" src=\"https:\/\/i0.wp.com\/agenciabrasil.ebc.com.br\/ebc.png?w=696&#038;ssl=1\" style=\"width:1px; height:1px; display:inline;\"\/><img data-recalc-dims=\"1\" decoding=\"async\" src=\"https:\/\/i0.wp.com\/agenciabrasil.ebc.com.br\/ebc.gif?w=696&#038;ssl=1\" style=\"width:1px; height:1px; display:inline;\"\/><\/p>\n<p>Segundo a Receita, o aumento decorreu principalmente da expans\u00e3o da atividade econ\u00f4mica que afetou positivamente a arrecada\u00e7\u00e3o e da melhora no recolhimento do PIS\/Cofins (Programa de Intera\u00e7\u00e3o Social\/Contribui\u00e7\u00e3o para o Financiamento da Seguridade Social) em raz\u00e3o do retorno da tributa\u00e7\u00e3o incidente sobre os combust\u00edveis, entre outros fatores.<\/p>\n<p>Em entrevista coletiva para apresentar os dados, o secret\u00e1rio especial da Receita Federal, Robinson Barreirinhas, destacou o aumento na atividade econ\u00f4mica entre os fatores para o resultado.<\/p>\n<p>\u201cOs grandes n\u00fameros refletem os resultados importantes da pol\u00edtica econ\u00f4mica nos \u00faltimos anos, da reativa\u00e7\u00e3o da economia que vimos no ano passado e que resulta nesse resultado espetacular. Tivemos a reativa\u00e7\u00e3o de setores inteiros da economia que, com esse aquecimento, voltaram a recolher valores relevantes de tributos. A m\u00ednima hist\u00f3rica do desemprego no Brasil, o grande aumento da massa salarial, que t\u00eam papel important\u00edssimo na arrecada\u00e7\u00e3o de 2024\u201d, disse o secret\u00e1rio.<\/p>\n<p>Tamb\u00e9m contribu\u00edram para a arrecada\u00e7\u00e3o recorde o crescimento da arrecada\u00e7\u00e3o do Imposto de Renda (IRRF Capital) sobre a tributa\u00e7\u00e3o de fundos e o desempenho do Imposto de Importa\u00e7\u00e3o e do IPI vinculado \u00e0 Importa\u00e7\u00e3o, em raz\u00e3o do aumento das al\u00edquotas m\u00e9dias desses tributos.<\/p>\n<p>\u201c[Esse resultado reflete] uma Receita Federal menos repressiva e mais orientadora do contribuinte, atuando na desonera\u00e7\u00e3o do pequeno contribuinte, do empres\u00e1rio produtivo e focando a fiscaliza\u00e7\u00e3o e arrecada\u00e7\u00e3o naqueles que antes n\u00e3o contribu\u00edam com a uma parcela justa, especificamente nas grandes rendas passivas no Brasil, na tributa\u00e7\u00e3o dos super-ricos\u201d, afirmou. \u201cTrabalhamos para trazer para a tributa\u00e7\u00e3o aqueles que n\u00e3o estavam, trazer para a tributa\u00e7\u00e3o aqueles com patrim\u00f4nio de centenas de milh\u00f5es de reais em fundos fechados, em outros pa\u00edses, e que nunca recolheram\u201d, acrescentou Barreirinhas.<\/p>\n<p>No ano passado, os principais indicadores apontaram para um bom desempenho macroecon\u00f4mico do setor produtivo. A produ\u00e7\u00e3o industrial teve cresceu 3,22%; a venda de bens, 3,97%; e a venda de servi\u00e7os, 2,9%. O valor em d\u00f3lar das importa\u00e7\u00f5es teve resultado positivo de 8,65% e o crescimento da massa salarial ficou em 11,78%.<\/p>\n<p>Entre os tributos, a arrecada\u00e7\u00e3o da Cofins\/PIS-Pasep somou R$ 541,743 bilh\u00f5es, um aumento de 18,6% em rela\u00e7\u00e3o ao ano de 2023. As contribui\u00e7\u00f5es previdenci\u00e1rias fecharam em R$ 685,012 bilh\u00f5es, crescimento de 5,34% em rela\u00e7\u00e3o a 2023; Imposto sobre Importa\u00e7\u00e3o e IPI-Vinculado, com arrecada\u00e7\u00e3o de R$ 109,608 bilh\u00f5es, aumento de 33,75% na compara\u00e7\u00e3o com 2023.<\/p>\n<p>O IRRF-Rendimentos de capital fechou o ano passado com arrecada\u00e7\u00e3o de R$ 146,539 bilh\u00f5es, crescimento de 13,12%. J\u00e1 o Imposto sobre a Renda da Pessoa Jur\u00eddica (IRPJ) e a Contribui\u00e7\u00e3o Social sobre o Lucro L\u00edquido (CSLL) arrecadaram R$ 502,720 bilh\u00f5es, alta de 2,85%.<\/p>\n<p>No recorte setorial, as maiores altas nominais de arrecada\u00e7\u00e3o em 2024 se deram nas \u00e1reas de com\u00e9rcio atacadista, que recolheu R$ 171,285 bilh\u00f5es; entidades financeiras, R$ 288,621 bilh\u00f5es; combust\u00edveis, R$ 105,354 bilh\u00f5es; atividades auxiliares do setor financeiro, R$ 86,044 bilh\u00f5es; e fabrica\u00e7\u00e3o de autom\u00f3veis, com R$ 63,907 bilh\u00f5es.<\/p>\n<p>O resultado da arrecada\u00e7\u00e3o tamb\u00e9m foi positivo em dezembro do ano passado, ficando 7,78% acima da infla\u00e7\u00e3o e recolhendo R$ 261,265 bilh\u00f5es.<\/p>\n<p>      <!-- Relacionada --><\/p>\n<p>            <!-- Relacionada -->\n    <\/div>\n<p><br \/>\n<br \/><a href=\"https:\/\/agenciabrasil.ebc.com.br\/economia\/noticia\/2025-01\/governo-fecha-ano-com-arrecadacao-recorde-de-r-265-trilhoes\" rel=\"noopener\">Ag\u00eancia Brasil<\/a><\/p>\n","protected":false},"excerpt":{"rendered":"<p>A arrecada\u00e7\u00e3o do governo federal fechou o ano de 2024 em R$ 2,709 trilh\u00f5es, informou, nesta ter\u00e7a-feira (28), a Receita Federal. \u00c9 o maior valor registrado na s\u00e9rie hist\u00f3rica, iniciada em 1995, e representa crescimento real de 9,6%, descontada a infla\u00e7\u00e3o medida pelo \u00cdndice de Pre\u00e7os ao Consumidor Amplo (IPCA), em 2024 contra o ano [&hellip;]<\/p>\n","protected":false},"author":1,"featured_media":213,"comment_status":"open","ping_status":"open","sticky":false,"template":"","format":"standard","meta":{"_jetpack_newsletter_access":"","_jetpack_dont_email_post_to_subs":false,"_jetpack_newsletter_tier_id":0,"_jetpack_memberships_contains_paywalled_content":false,"_mbp_banners":[],"_jetpack_feature_clip_id":0,"_jetpack_memberships_contains_paid_content":false,"footnotes":"","jetpack_publicize_message":"","jetpack_publicize_feature_enabled":true,"jetpack_social_post_already_shared":true,"jetpack_social_options":{"image_generator_settings":{"template":"highway","default_image_id":0,"font":"","enabled":false},"version":2},"jetpack_post_was_ever_published":false},"categories":[24],"tags":[],"class_list":["post-21972","post","type-post","status-publish","format-standard","has-post-thumbnail","category-economia"],"jetpack_publicize_connections":[],"jetpack-related-posts":[],"jetpack_shortlink":"https:\/\/wp.me\/p7Eq1F-5Io","jetpack_sharing_enabled":true,"jetpack_featured_media_url":"https:\/\/i0.wp.com\/guialimeira.com.br\/news\/wp-content\/uploads\/2024\/03\/real_moedadinheiro_jfcrz_abr_1701220045_1.jpg?fit=1600%2C800&ssl=1","_links":{"self":[{"href":"https:\/\/guialimeira.com.br\/news\/wp-json\/wp\/v2\/posts\/21972","targetHints":{"allow":["GET"]}}],"collection":[{"href":"https:\/\/guialimeira.com.br\/news\/wp-json\/wp\/v2\/posts"}],"about":[{"href":"https:\/\/guialimeira.com.br\/news\/wp-json\/wp\/v2\/types\/post"}],"author":[{"embeddable":true,"href":"https:\/\/guialimeira.com.br\/news\/wp-json\/wp\/v2\/users\/1"}],"replies":[{"embeddable":true,"href":"https:\/\/guialimeira.com.br\/news\/wp-json\/wp\/v2\/comments?post=21972"}],"version-history":[{"count":0,"href":"https:\/\/guialimeira.com.br\/news\/wp-json\/wp\/v2\/posts\/21972\/revisions"}],"wp:featuredmedia":[{"embeddable":true,"href":"https:\/\/guialimeira.com.br\/news\/wp-json\/wp\/v2\/media\/213"}],"wp:attachment":[{"href":"https:\/\/guialimeira.com.br\/news\/wp-json\/wp\/v2\/media?parent=21972"}],"wp:term":[{"taxonomy":"category","embeddable":true,"href":"https:\/\/guialimeira.com.br\/news\/wp-json\/wp\/v2\/categories?post=21972"},{"taxonomy":"post_tag","embeddable":true,"href":"https:\/\/guialimeira.com.br\/news\/wp-json\/wp\/v2\/tags?post=21972"}],"curies":[{"name":"wp","href":"https:\/\/api.w.org\/{rel}","templated":true}]}}