{"id":2197,"date":"2024-04-20T13:21:02","date_gmt":"2024-04-20T16:21:02","guid":{"rendered":"https:\/\/guialimeira.com.br\/2024\/04\/20\/chuvas-devem-ficar-acima-de-media-em-maio-no-norte-e-sul-diz-inmet\/"},"modified":"2024-04-20T13:21:02","modified_gmt":"2024-04-20T16:21:02","slug":"chuvas-devem-ficar-acima-de-media-em-maio-no-norte-e-sul-diz-inmet","status":"publish","type":"post","link":"https:\/\/guialimeira.com.br\/news\/chuvas-devem-ficar-acima-de-media-em-maio-no-norte-e-sul-diz-inmet\/","title":{"rendered":"Chuvas devem ficar acima de m\u00e9dia em maio no Norte e Sul, diz Inmet"},"content":{"rendered":"<p> <br \/>\n<\/p>\n<div>\n<p>O m\u00eas de maio promete ser de chuvas acima das m\u00e9dias hist\u00f3ricas, pelo menos para grande parte das regi\u00f5es Norte e Sul do Brasil. Tamb\u00e9m est\u00e3o previstas chuvas acima da m\u00e9dia para o leste da regi\u00e3o Sudeste (principalmente S\u00e3o Paulo) e para o Rio Grande do Norte e Para\u00edba, al\u00e9m de \u00e1reas pontuais do centro sul nordestino (tons de azul na 1\u00aa figura). A previs\u00e3o \u00e9 do Instituto Nacional de Meteorologia (Inmet). \u00a0<img data-recalc-dims=\"1\" decoding=\"async\" src=\"https:\/\/i0.wp.com\/agenciabrasil.ebc.com.br\/ebc.png?w=696&#038;ssl=1\" style=\"width:1px; height:1px; display:inline;\"\/><img data-recalc-dims=\"1\" decoding=\"async\" src=\"https:\/\/i0.wp.com\/agenciabrasil.ebc.com.br\/ebc.gif?w=696&#038;ssl=1\" style=\"width:1px; height:1px; display:inline;\"\/><\/p>\n<p>Para o leste de S\u00e3o Paulo e o sudoeste de Mato Grosso do Sul tamb\u00e9m est\u00e3o previstas chuvas acima da m\u00e9dia em maio (tons de cinza e azul da 1\u00aa figura). \u201cEntretanto, na parte oeste do Paran\u00e1, h\u00e1 possibilidade de restri\u00e7\u00e3o h\u00eddrica nas lavouras onde a previs\u00e3o aponta chuvas ligeiramente abaixo da m\u00e9dia\u201d, destaca o instituto.<\/p>\n<p>O Inmet prev\u00ea ainda chuvas pr\u00f3ximas ou abaixo da m\u00e9dia (tons de cinza, amarelo e laranja na 1\u00aa figura) para o extremo-norte e sul da regi\u00e3o Norte, norte da regi\u00e3o Nordeste, regi\u00e3o Centro-Oeste e interior da Regi\u00e3o Sudeste, al\u00e9m de \u00e1reas do centro-norte do Paran\u00e1.<\/p>\n<p>\u201cN\u00e3o est\u00e3o descartados eventos de chuva na parte norte e leste da regi\u00e3o Nordeste, ainda devido \u00e0 atua\u00e7\u00e3o da Zona de Converg\u00eancia Intertropical (ZCIT), bem como o aquecimento do Atl\u00e2ntico Tropical\u201d, informa o instituto.<\/p>\n<div class=\"dnd-widget-wrapper context-cheio_8colunas type-image\">\n<div class=\"dnd-atom-rendered\"><!-- scald=381509:cheio_8colunas {\"additionalClasses\":\"\"} --><\/p>\n<div class=\"shadow overflow-hidden rounded-lg d-block w-100\">\n            <img data-recalc-dims=\"1\" decoding=\"async\" src=\"https:\/\/i0.wp.com\/agenciabrasil.ebc.com.br\/sites\/default\/files\/thumbnails\/image\/loading_v2.gif?w=696&#038;ssl=1\" data-echo=\"https:\/\/imagens.ebc.com.br\/MB5pISzcgnKerXzW7r6to7W2EHc=\/754x0\/smart\/https:\/\/agenciabrasil.ebc.com.br\/sites\/default\/files\/thumbnails\/image\/2024\/04\/20\/credito_-_inmet-1.jpg?itok=O4YcDuwd\" alt=\"Brasilia 20\/04\/2024 Chuva deve ficar acima de m\u00e9dia em maio no Norte e Sul, diz Inmet. Imagem Inmet\" title=\"Imagem Inmet\" class=\"flex-fill img-cover\"\/><br \/>\n        <img data-recalc-dims=\"1\" decoding=\"async\" src=\"https:\/\/i0.wp.com\/imagens.ebc.com.br\/MB5pISzcgnKerXzW7r6to7W2EHc%3D\/754x0\/smart\/https%3A\/\/agenciabrasil.ebc.com.br\/sites\/default\/files\/thumbnails\/image\/2024\/04\/20\/credito_-_inmet-1.jpg?w=696&#038;ssl=1\" alt=\"Brasilia 20\/04\/2024 Chuva deve ficar acima de m\u00e9dia em maio no Norte e Sul, diz Inmet. Imagem Inmet\" title=\"Imagem Inmet\" class=\"flex-fill img-cover\"\/>\n    <\/div>\n<p><!-- END scald=381509 --><\/div>\n<\/div>\n<h2>Matopiba<\/h2>\n<p>O Inmet avalia o impacto da chuva para a safra de gr\u00e3os. Ele prev\u00ea que a regi\u00e3o do Matopiba (que engloba Maranh\u00e3o, Tocantins, Piau\u00ed e Bahia e concentra boa parte do agroneg\u00f3cio brasileiro), est\u00e1 apresentando n\u00edveis satisfat\u00f3rios de umidade do solo nos \u00faltimos meses, favorecendo o plantio.<\/p>\n<p>\u201cPara maio\/2024, a previs\u00e3o de chuva pr\u00f3xima e acima da m\u00e9dia na regi\u00e3o poder\u00e1 beneficiar o potencial produtivo das lavouras em desenvolvimento e colheita\u201d, diz o instituto, acrescentado que, a partir de maio, h\u00e1 uma redu\u00e7\u00e3o da chuva no interior do Brasil, em particular no semi\u00e1rido nordestino.<\/p>\n<p>\u201cAssim, algumas \u00e1reas do norte de Minas Gerais, parte central da Bahia, sul de Tocantins, divisa de Mato Grosso e Goi\u00e1s, oeste de S\u00e3o Paulo e de Mato Grosso do Sul podem sofrer redu\u00e7\u00e3o dos n\u00edveis de umidade do solo\u201d, finalizam os meteorologistas.<\/p>\n<\/p><\/div>\n<p><br \/>\n<br \/><a href=\"https:\/\/agenciabrasil.ebc.com.br\/geral\/noticia\/2024-04\/chuvas-devem-ficar-acima-de-media-em-maio-no-norte-e-sul-diz-inmet\" rel=\"noopener\">Ag\u00eancia Brasil<\/a><\/p>\n","protected":false},"excerpt":{"rendered":"<p>O m\u00eas de maio promete ser de chuvas acima das m\u00e9dias hist\u00f3ricas, pelo menos para grande parte das regi\u00f5es Norte e Sul do Brasil. Tamb\u00e9m est\u00e3o previstas chuvas acima da m\u00e9dia para o leste da regi\u00e3o Sudeste (principalmente S\u00e3o Paulo) e para o Rio Grande do Norte e Para\u00edba, al\u00e9m de \u00e1reas pontuais do centro [&hellip;]<\/p>\n","protected":false},"author":1,"featured_media":2198,"comment_status":"open","ping_status":"open","sticky":false,"template":"","format":"standard","meta":{"_jetpack_newsletter_access":"","_jetpack_dont_email_post_to_subs":false,"_jetpack_newsletter_tier_id":0,"_jetpack_memberships_contains_paywalled_content":false,"_mbp_banners":[],"_jetpack_feature_clip_id":0,"_jetpack_memberships_contains_paid_content":false,"footnotes":"","jetpack_publicize_message":"","jetpack_publicize_feature_enabled":true,"jetpack_social_post_already_shared":true,"jetpack_social_options":{"image_generator_settings":{"template":"highway","default_image_id":0,"font":"","enabled":false},"version":2},"jetpack_post_was_ever_published":false},"categories":[22],"tags":[],"class_list":["post-2197","post","type-post","status-publish","format-standard","has-post-thumbnail","category-nacional"],"jetpack_publicize_connections":[],"jetpack-related-posts":[],"jetpack_shortlink":"https:\/\/wp.me\/p7Eq1F-zr","jetpack_sharing_enabled":true,"jetpack_featured_media_url":"https:\/\/i0.wp.com\/guialimeira.com.br\/news\/wp-content\/uploads\/2024\/04\/chuva_sp_1_1.jpg?fit=1600%2C800&ssl=1","_links":{"self":[{"href":"https:\/\/guialimeira.com.br\/news\/wp-json\/wp\/v2\/posts\/2197","targetHints":{"allow":["GET"]}}],"collection":[{"href":"https:\/\/guialimeira.com.br\/news\/wp-json\/wp\/v2\/posts"}],"about":[{"href":"https:\/\/guialimeira.com.br\/news\/wp-json\/wp\/v2\/types\/post"}],"author":[{"embeddable":true,"href":"https:\/\/guialimeira.com.br\/news\/wp-json\/wp\/v2\/users\/1"}],"replies":[{"embeddable":true,"href":"https:\/\/guialimeira.com.br\/news\/wp-json\/wp\/v2\/comments?post=2197"}],"version-history":[{"count":0,"href":"https:\/\/guialimeira.com.br\/news\/wp-json\/wp\/v2\/posts\/2197\/revisions"}],"wp:featuredmedia":[{"embeddable":true,"href":"https:\/\/guialimeira.com.br\/news\/wp-json\/wp\/v2\/media\/2198"}],"wp:attachment":[{"href":"https:\/\/guialimeira.com.br\/news\/wp-json\/wp\/v2\/media?parent=2197"}],"wp:term":[{"taxonomy":"category","embeddable":true,"href":"https:\/\/guialimeira.com.br\/news\/wp-json\/wp\/v2\/categories?post=2197"},{"taxonomy":"post_tag","embeddable":true,"href":"https:\/\/guialimeira.com.br\/news\/wp-json\/wp\/v2\/tags?post=2197"}],"curies":[{"name":"wp","href":"https:\/\/api.w.org\/{rel}","templated":true}]}}