{"id":21963,"date":"2025-01-28T11:37:37","date_gmt":"2025-01-28T14:37:37","guid":{"rendered":"https:\/\/guialimeira.com.br\/2025\/01\/28\/conab-estima-producao-de-518-milhoes-de-sacas-de-cafe-este-ano\/"},"modified":"2025-01-28T11:37:37","modified_gmt":"2025-01-28T14:37:37","slug":"conab-estima-producao-de-518-milhoes-de-sacas-de-cafe-este-ano","status":"publish","type":"post","link":"https:\/\/guialimeira.com.br\/news\/conab-estima-producao-de-518-milhoes-de-sacas-de-cafe-este-ano\/","title":{"rendered":"Conab estima produ\u00e7\u00e3o de 51,8 milh\u00f5es de sacas de caf\u00e9 este ano"},"content":{"rendered":"<p> <br \/>\n<\/p>\n<div>\n<p>A produ\u00e7\u00e3o total estimada para a safra de caf\u00e9 beneficiado brasileiro este ano \u00e9 de 51,8 milh\u00f5es de sacas, o que, se confirmado, representar\u00e1 uma queda de 4,4% na compara\u00e7\u00e3o com a safra anterior. O 1\u00ba Levantamento de Caf\u00e9 &#8211; Safra 2025 foi divulgado nesta ter\u00e7a-feira (28) pela Companhia Nacional de Abastecimento (Conab).<img data-recalc-dims=\"1\" decoding=\"async\" src=\"https:\/\/i0.wp.com\/agenciabrasil.ebc.com.br\/ebc.png?w=696&#038;ssl=1\" style=\"width:1px; height:1px; display:inline;\"\/><img data-recalc-dims=\"1\" decoding=\"async\" src=\"https:\/\/i0.wp.com\/agenciabrasil.ebc.com.br\/ebc.gif?w=696&#038;ssl=1\" style=\"width:1px; height:1px; display:inline;\"\/><\/p>\n<p>O gerente de Acompanhamento de Safras da Conab, Fabiano Vasconcellos, explica que essa queda \u00e9 reflexo de toda uma conjuntura clim\u00e1tica observada desde 2021 no pa\u00eds.<\/p>\n<p>\u201cEsse \u00e9 o primeiro resultado da previs\u00e3o da safra de caf\u00e9 de 2025. A Conab monitora a safra cafeeira e divulga quatro estimativas ao ano. Esse resultado tem como t\u00f4nica o reflexo, ainda, do clima em 2021, em 2023, e em parte de 2024. Ela se ainda se mostra uma safra desafiadora\u201d, disse Vasconcellos.<\/p>\n<p>De acordo com a Conab, a produtividade foi prejudicada por fatores como altas temperaturas e restri\u00e7\u00e3o h\u00eddrica durante as fases de flora\u00e7\u00e3o, o que deve resultar em uma colheita m\u00e9dia de 28 sacas por hectare, o que corresponde a uma redu\u00e7\u00e3o de 3% na compara\u00e7\u00e3o com 2024.<\/p>\n<p>O resultado deve ser negativo mesmo havendo crescimento de 0,5% na \u00e1rea total destinada a cultivo de caf\u00e9 no Brasil, que ficou em 2,25 milh\u00f5es de hectares, sendo 1,85 milh\u00e3o para produ\u00e7\u00e3o e 46 mil hectares para forma\u00e7\u00e3o.<\/p>\n<p>\u201cPara o caf\u00e9 ar\u00e1bica, a estimativa aponta uma produ\u00e7\u00e3o de 34,7 milh\u00f5es de sacas, uma queda de 12,4% em rela\u00e7\u00e3o ao ano anterior. Esse desempenho reflete o ciclo de baixa bienalidade e as adversidades clim\u00e1ticas, especialmente em Minas Gerais, maior produtor do pa\u00eds, onde a redu\u00e7\u00e3o foi de 12,1%\u201d, informou a Conab.<\/p>\n<p>No caso do caf\u00e9 conilon, a estimativa da Conab \u00e9 de uma produ\u00e7\u00e3o totalizada em 17,1 milh\u00f5es de sacas. Se confirmado, o resultado representar\u00e1, segundo a Conab, um \u201ccrescimento expressivo\u201d de 17,2%.<\/p>\n<p>      <!-- Relacionada --><\/p>\n<p>            <!-- Relacionada -->\n    <\/div>\n<p><br \/>\n<br \/><a href=\"https:\/\/agenciabrasil.ebc.com.br\/economia\/noticia\/2025-01\/conab-estima-producao-de-518-milhoes-de-sacas-de-cafe-este-ano\" rel=\"noopener\">Ag\u00eancia Brasil<\/a><\/p>\n","protected":false},"excerpt":{"rendered":"<p>A produ\u00e7\u00e3o total estimada para a safra de caf\u00e9 beneficiado brasileiro este ano \u00e9 de 51,8 milh\u00f5es de sacas, o que, se confirmado, representar\u00e1 uma queda de 4,4% na compara\u00e7\u00e3o com a safra anterior. O 1\u00ba Levantamento de Caf\u00e9 &#8211; Safra 2025 foi divulgado nesta ter\u00e7a-feira (28) pela Companhia Nacional de Abastecimento (Conab). O gerente [&hellip;]<\/p>\n","protected":false},"author":1,"featured_media":5547,"comment_status":"open","ping_status":"open","sticky":false,"template":"","format":"standard","meta":{"_jetpack_newsletter_access":"","_jetpack_dont_email_post_to_subs":false,"_jetpack_newsletter_tier_id":0,"_jetpack_memberships_contains_paywalled_content":false,"_mbp_banners":[],"_jetpack_feature_clip_id":0,"_jetpack_memberships_contains_paid_content":false,"footnotes":"","jetpack_publicize_message":"","jetpack_publicize_feature_enabled":true,"jetpack_social_post_already_shared":true,"jetpack_social_options":{"image_generator_settings":{"template":"highway","default_image_id":0,"font":"","enabled":false},"version":2},"jetpack_post_was_ever_published":false},"categories":[24],"tags":[],"class_list":["post-21963","post","type-post","status-publish","format-standard","has-post-thumbnail","category-economia"],"jetpack_publicize_connections":[],"jetpack-related-posts":[],"jetpack_shortlink":"https:\/\/wp.me\/p7Eq1F-5If","jetpack_sharing_enabled":true,"jetpack_featured_media_url":"https:\/\/i0.wp.com\/guialimeira.com.br\/news\/wp-content\/uploads\/2024\/05\/imagem_do_whatsapp_de_2023-10-01_as_10.57.51_8109254a.jpg?fit=1600%2C800&ssl=1","_links":{"self":[{"href":"https:\/\/guialimeira.com.br\/news\/wp-json\/wp\/v2\/posts\/21963","targetHints":{"allow":["GET"]}}],"collection":[{"href":"https:\/\/guialimeira.com.br\/news\/wp-json\/wp\/v2\/posts"}],"about":[{"href":"https:\/\/guialimeira.com.br\/news\/wp-json\/wp\/v2\/types\/post"}],"author":[{"embeddable":true,"href":"https:\/\/guialimeira.com.br\/news\/wp-json\/wp\/v2\/users\/1"}],"replies":[{"embeddable":true,"href":"https:\/\/guialimeira.com.br\/news\/wp-json\/wp\/v2\/comments?post=21963"}],"version-history":[{"count":0,"href":"https:\/\/guialimeira.com.br\/news\/wp-json\/wp\/v2\/posts\/21963\/revisions"}],"wp:featuredmedia":[{"embeddable":true,"href":"https:\/\/guialimeira.com.br\/news\/wp-json\/wp\/v2\/media\/5547"}],"wp:attachment":[{"href":"https:\/\/guialimeira.com.br\/news\/wp-json\/wp\/v2\/media?parent=21963"}],"wp:term":[{"taxonomy":"category","embeddable":true,"href":"https:\/\/guialimeira.com.br\/news\/wp-json\/wp\/v2\/categories?post=21963"},{"taxonomy":"post_tag","embeddable":true,"href":"https:\/\/guialimeira.com.br\/news\/wp-json\/wp\/v2\/tags?post=21963"}],"curies":[{"name":"wp","href":"https:\/\/api.w.org\/{rel}","templated":true}]}}