{"id":21943,"date":"2025-01-28T08:34:30","date_gmt":"2025-01-28T11:34:30","guid":{"rendered":"https:\/\/guialimeira.com.br\/2025\/01\/28\/rio-e-cidade-em-que-usuario-gasta-mais-tempo-para-deslocamento\/"},"modified":"2025-01-28T08:34:30","modified_gmt":"2025-01-28T11:34:30","slug":"rio-e-cidade-em-que-usuario-gasta-mais-tempo-para-deslocamento","status":"publish","type":"post","link":"https:\/\/guialimeira.com.br\/news\/rio-e-cidade-em-que-usuario-gasta-mais-tempo-para-deslocamento\/","title":{"rendered":"Rio \u00e9 cidade em que usu\u00e1rio gasta mais tempo para deslocamento"},"content":{"rendered":"<p> <br \/>\n<\/p>\n<div>\n<p>O\u00a0aplicativo de mobilidade urbana mais utilizado no mundo, Moovit, lan\u00e7ou neste ano\u00a0o\u00a0Relat\u00f3rio Global sobre Transporte P\u00fablico de 2024.\u00a0O documento combina as informa\u00e7\u00f5es com pesquisa realizada com 76 mil usu\u00e1rios para ilustrar tend\u00eancias de mobilidade urbana.<img data-recalc-dims=\"1\" decoding=\"async\" src=\"https:\/\/i0.wp.com\/agenciabrasil.ebc.com.br\/ebc.png?w=696&#038;ssl=1\" style=\"width:1px; height:1px; display:inline;\"\/><img data-recalc-dims=\"1\" decoding=\"async\" src=\"https:\/\/i0.wp.com\/agenciabrasil.ebc.com.br\/ebc.gif?w=696&#038;ssl=1\" style=\"width:1px; height:1px; display:inline;\"\/><\/p>\n<p>Entre todas as cidades analisadas no relat\u00f3rio, o Rio de Janeiro ficou entre as dez\u00a0com maior tempo m\u00e9dio de deslocamento, com 58 minutos. Na pesquisa, usu\u00e1rios do Moovit foram perguntados sobre o que os faria usar mais o transporte p\u00fablico. Para 36%, mais ve\u00edculos \u00e9 fundamental,\u00a023% pedem hor\u00e1rios confi\u00e1veis\u00a0e 14% querem passagens mais baratas.<\/p>\n<p>De acordo com o documento, dez\u00a0regi\u00f5es metropolitanas brasileiras fazem parte do relat\u00f3rio: Belo Horizonte, Bras\u00edlia, Campinas, Curitiba, Fortaleza, Porto Alegre, Recife, Rio de Janeiro, Salvador e S\u00e3o Paulo. A pesquisa foi realizada em novembro de 2024\u00a0e todos os dados s\u00e3o an\u00f4nimos.<\/p>\n<p>O cart\u00e3o de transporte \u00e9 a forma preferida de pagar da maioria dos brasileiros: 71%. J\u00e1 15% dos curitibanos preferem pagar com cart\u00e3o de d\u00e9bito ou cr\u00e9dito. Para 14% dos passageiros do\u00a0Recife e de Porto Alegre, dinheiro \u00e9 a forma preferencial de pagamento, maior \u00edndice no pa\u00eds.<\/p>\n<p>O vice-presidente de produto do Moovit, Ziv Kabaretti, disse que &#8220;\u00e0 medida que as cidades continuam a se desenvolver, compreender as experi\u00eancias di\u00e1rias dos passageiros de transporte p\u00fablico \u00e9 crucial para melhorar o futuro da mobilidade&#8221;, Segundo o executivo, \u201co relat\u00f3rio Global de Transporte P\u00fablico do Moovit 2024 n\u00e3o apenas destaca os desafios que ainda existem, mas\u00a0mostra os avan\u00e7os positivos que est\u00e3o sendo feitos ao redor do mundo para tornar deslocamentos mais convenientes, eficientes e acess\u00edvel\u201d, observou.<\/p>\n<h2>Expans\u00e3o<\/h2>\n<p>A Secretaria Municipal de Transporte do Rio\u00a0informou, em nota, que \u00e9 preciso lembrar que, ao longo dos anos, a cidade se expandiu para fora de seu eixo central, onde est\u00e1\u00a0concentrada\u00a0a maioria das oportunidades de emprego. Citou a implementa\u00e7\u00e3o\u00a0de pol\u00edticas p\u00fablicas para promover a reocupa\u00e7\u00e3o da regi\u00e3o central, al\u00e9m da recupera\u00e7\u00e3o de todo o modal de transporte. A situa\u00e7\u00e3o foi agravada com o consequente decl\u00ednio do centro, por causa da crise econ\u00f4mica vivida pelo pa\u00eds a partir de 2014\u201d, afirmou,\u00a0em nota, a secretaria. \u00a0<\/p>\n<p>Entre essas pol\u00edticas lembrou a revitaliza\u00e7\u00e3o da regi\u00e3o, como altera\u00e7\u00f5es no Plano Diretor, o Reviver Centro e o Reviver Cultural,\u00a0al\u00e9m de viabilizar constru\u00e7\u00f5es como o Porto Maravalley, o Terminal de Integra\u00e7\u00e3o Intermodal Gentileza e a transforma\u00e7\u00e3o da Esta\u00e7\u00e3o Leopoldina em local com moradias do Minha Casa, Minha Vida, Cl\u00ednica da Fam\u00edlia e a Cidade do Samba 2. \u00a0<\/p>\n<p>O corredor Transbrasil foi inaugurado com dois terminais de integra\u00e7\u00e3o, Deodoro e Gentileza, que integram \u00f4nibus, trem e VLT. S\u00f3 a entrada em funcionamento da Transbrasil permitiu uma redu\u00e7\u00e3o m\u00e9dia de 50 minutos ou 32% do tempo total de viagem para quem fazia o trajeto entre Campo Grande e Candel\u00e1ria.<\/p>\n<h2>Deslocamento<\/h2>\n<p>No Sistema de Transporte P\u00fablico por \u00d4nibus, tamb\u00e9m houve avan\u00e7o no sentido de melhorar o deslocamento da popula\u00e7\u00e3o. Desde junho de 2022, 194 linhas de \u00f4nibus foram retomadas ou criadas na cidade (aumento de mais de 70%) e mais de 800 pontos de \u00f4nibus foram reativados. O n\u00famero de quil\u00f4metros percorridos por dia \u00fatil dobrou, passando de 677 mil para cerca de 1,2 milh\u00e3o de quil\u00f4metros por dia.<\/p>\n<p>Essas medidas\u00a0melhoraram a integra\u00e7\u00e3o entre regi\u00f5es da cidade e reduziram o tempo de deslocamento dos passageiros. O BRT, que transportava cerca de 150 mil pessoas em 2021, hoje atende a mais de 500 mil pessoas.<\/p>\n<p>      <!-- Relacionada --><\/p>\n<p>            <!-- Relacionada -->\n    <\/div>\n<p><br \/>\n<br \/><a href=\"https:\/\/agenciabrasil.ebc.com.br\/economia\/noticia\/2025-01\/rio-e-cidade-em-que-usuario-gasta-mais-tempo-para-deslocamento\" rel=\"noopener\">Ag\u00eancia Brasil<\/a><\/p>\n","protected":false},"excerpt":{"rendered":"<p>O\u00a0aplicativo de mobilidade urbana mais utilizado no mundo, Moovit, lan\u00e7ou neste ano\u00a0o\u00a0Relat\u00f3rio Global sobre Transporte P\u00fablico de 2024.\u00a0O documento combina as informa\u00e7\u00f5es com pesquisa realizada com 76 mil usu\u00e1rios para ilustrar tend\u00eancias de mobilidade urbana. Entre todas as cidades analisadas no relat\u00f3rio, o Rio de Janeiro ficou entre as dez\u00a0com maior tempo m\u00e9dio de deslocamento, [&hellip;]<\/p>\n","protected":false},"author":1,"featured_media":21944,"comment_status":"open","ping_status":"open","sticky":false,"template":"","format":"standard","meta":{"_jetpack_newsletter_access":"","_jetpack_dont_email_post_to_subs":false,"_jetpack_newsletter_tier_id":0,"_jetpack_memberships_contains_paywalled_content":false,"_mbp_banners":[],"_jetpack_feature_clip_id":0,"_jetpack_memberships_contains_paid_content":false,"footnotes":"","jetpack_publicize_message":"","jetpack_publicize_feature_enabled":true,"jetpack_social_post_already_shared":true,"jetpack_social_options":{"image_generator_settings":{"template":"highway","default_image_id":0,"font":"","enabled":false},"version":2},"jetpack_post_was_ever_published":false},"categories":[24],"tags":[],"class_list":["post-21943","post","type-post","status-publish","format-standard","has-post-thumbnail","category-economia"],"jetpack_publicize_connections":[],"jetpack-related-posts":[],"jetpack_shortlink":"https:\/\/wp.me\/p7Eq1F-5HV","jetpack_sharing_enabled":true,"jetpack_featured_media_url":"https:\/\/i0.wp.com\/guialimeira.com.br\/news\/wp-content\/uploads\/2025\/01\/ffraz_abr20180824_1418.jpg?fit=1600%2C800&ssl=1","_links":{"self":[{"href":"https:\/\/guialimeira.com.br\/news\/wp-json\/wp\/v2\/posts\/21943","targetHints":{"allow":["GET"]}}],"collection":[{"href":"https:\/\/guialimeira.com.br\/news\/wp-json\/wp\/v2\/posts"}],"about":[{"href":"https:\/\/guialimeira.com.br\/news\/wp-json\/wp\/v2\/types\/post"}],"author":[{"embeddable":true,"href":"https:\/\/guialimeira.com.br\/news\/wp-json\/wp\/v2\/users\/1"}],"replies":[{"embeddable":true,"href":"https:\/\/guialimeira.com.br\/news\/wp-json\/wp\/v2\/comments?post=21943"}],"version-history":[{"count":0,"href":"https:\/\/guialimeira.com.br\/news\/wp-json\/wp\/v2\/posts\/21943\/revisions"}],"wp:featuredmedia":[{"embeddable":true,"href":"https:\/\/guialimeira.com.br\/news\/wp-json\/wp\/v2\/media\/21944"}],"wp:attachment":[{"href":"https:\/\/guialimeira.com.br\/news\/wp-json\/wp\/v2\/media?parent=21943"}],"wp:term":[{"taxonomy":"category","embeddable":true,"href":"https:\/\/guialimeira.com.br\/news\/wp-json\/wp\/v2\/categories?post=21943"},{"taxonomy":"post_tag","embeddable":true,"href":"https:\/\/guialimeira.com.br\/news\/wp-json\/wp\/v2\/tags?post=21943"}],"curies":[{"name":"wp","href":"https:\/\/api.w.org\/{rel}","templated":true}]}}