{"id":2194,"date":"2024-04-20T13:15:42","date_gmt":"2024-04-20T16:15:42","guid":{"rendered":"https:\/\/guialimeira.com.br\/2024\/04\/20\/tarifa-zero-aumenta-numero-de-passageiros-mostra-estudo\/"},"modified":"2024-04-20T13:15:42","modified_gmt":"2024-04-20T16:15:42","slug":"tarifa-zero-aumenta-numero-de-passageiros-mostra-estudo","status":"publish","type":"post","link":"https:\/\/guialimeira.com.br\/news\/tarifa-zero-aumenta-numero-de-passageiros-mostra-estudo\/","title":{"rendered":"Tarifa zero aumenta n\u00famero de passageiros, mostra estudo"},"content":{"rendered":"<p> <br \/>\n<\/p>\n<div>\n<p>Estudo da Associa\u00e7\u00e3o Nacional das Empresas de Transportes Urbanos (NTU) mostra um aumento significativo no n\u00famero de passageiros nas localidades onde foi implementada a tarifa zero no transporte coletivo p\u00fablico. No total, segundo a pesquisa, h\u00e1 106 munic\u00edpios no pa\u00eds que re\u00fanem mais de 5 milh\u00f5es de habitantes em que n\u00e3o h\u00e1 nenhuma cobran\u00e7a no transporte urbano de \u00f4nibus, a tarifa zero universal.<img data-recalc-dims=\"1\" decoding=\"async\" src=\"https:\/\/i0.wp.com\/agenciabrasil.ebc.com.br\/ebc.png?w=696&#038;ssl=1\" style=\"width:1px; height:1px; display:inline;\"\/><img data-recalc-dims=\"1\" decoding=\"async\" src=\"https:\/\/i0.wp.com\/agenciabrasil.ebc.com.br\/ebc.gif?w=696&#038;ssl=1\" style=\"width:1px; height:1px; display:inline;\"\/><\/p>\n<p>O levantamento comparou a quantidade de passageiros antes e depois da ado\u00e7\u00e3o do passe livre em 12 cidades. Em todos os munic\u00edpios pesquisados houve eleva\u00e7\u00e3o significativa na demanda por viagens de \u00f4nibus, que variou de 33% a 371%.<\/p>\n<p>Entre as cidades pesquisadas est\u00e3o Caucaia (CE), que adotou a tarifa zero em 2021, e 2 anos depois viu o n\u00famero de passageiros subir 371%, de 510 mil mensais para 2,4 milh\u00f5es mensais. Luzi\u00e2nia (GO) teve eleva\u00e7\u00e3o de 202% no n\u00famero de passageiros em um per\u00edodo de 2 meses, de 4,3 mil por dia, em outubro de 2023, quando adotou o passe livre, para 13 mil por dia, em dezembro de 2023.\u00a0\u00a0<\/p>\n<p>Maric\u00e1 (RJ) teve aumento de 144% ap\u00f3s tr\u00eas anos da ado\u00e7\u00e3o da tarifa zero; Ibirit\u00e9 (MG), de 106%, ap\u00f3s tr\u00eas meses; S\u00e3o Caetano do Sul (SP), de 218%, ap\u00f3s quatro meses; Paranagu\u00e1 (PR), de 146%, ap\u00f3s um ano; Balne\u00e1rio Cambori\u00fa (SC), de 43%, ap\u00f3s seis meses; Itapeva (SP), de 267%, ap\u00f3s um ano e meio; Cianorte (PR), de 99%, ap\u00f3s um ano; Lins (SP), de 150%, ap\u00f3s um m\u00eas; Mariana (MG), de 145%, ap\u00f3s dois anos; e Santa Isabel (SP), de 33%, ap\u00f3s um ano e meio.<\/p>\n<p>\u201cO aumento da demanda indica o potencial de uso do transporte p\u00fablico pela popula\u00e7\u00e3o. A tarifa zero promove uma maior mobilidade e acessibilidade, facilitando deslocamentos para as atividades essenciais no ambiente urbano, em diferentes hor\u00e1rios do dia, n\u00e3o s\u00f3 em hor\u00e1rio de pico\u201d, avalia o diretor executivo da NTU, Francisco Christovam.<\/p>\n<p>\u201cEsse aumento da demanda precisa ser considerado pela prefeitura que planeja adotar a tarifa zero. N\u00e3o basta ter recursos para cobrir o custo atual, \u00e9 preciso avaliar a necessidade de aumento da frota e definir fontes permanentes de recursos, para que a tarifa zero tenha sustenta\u00e7\u00e3o\u201d, acrescentou Christovam.\u00a0<\/p>\n<\/p><\/div>\n<p><br \/>\n<br \/><a href=\"https:\/\/agenciabrasil.ebc.com.br\/geral\/noticia\/2024-04\/tarifa-zero-aumenta-numero-de-passageiros-mostra-estudo\" rel=\"noopener\">Ag\u00eancia Brasil<\/a><\/p>\n","protected":false},"excerpt":{"rendered":"<p>Estudo da Associa\u00e7\u00e3o Nacional das Empresas de Transportes Urbanos (NTU) mostra um aumento significativo no n\u00famero de passageiros nas localidades onde foi implementada a tarifa zero no transporte coletivo p\u00fablico. No total, segundo a pesquisa, h\u00e1 106 munic\u00edpios no pa\u00eds que re\u00fanem mais de 5 milh\u00f5es de habitantes em que n\u00e3o h\u00e1 nenhuma cobran\u00e7a no [&hellip;]<\/p>\n","protected":false},"author":1,"featured_media":2195,"comment_status":"open","ping_status":"open","sticky":false,"template":"","format":"standard","meta":{"_jetpack_newsletter_access":"","_jetpack_dont_email_post_to_subs":false,"_jetpack_newsletter_tier_id":0,"_jetpack_memberships_contains_paywalled_content":false,"_mbp_banners":[],"_jetpack_feature_clip_id":0,"_jetpack_memberships_contains_paid_content":false,"footnotes":"","jetpack_publicize_message":"","jetpack_publicize_feature_enabled":true,"jetpack_social_post_already_shared":true,"jetpack_social_options":{"image_generator_settings":{"template":"highway","default_image_id":0,"font":"","enabled":false},"version":2},"jetpack_post_was_ever_published":false},"categories":[1],"tags":[],"class_list":["post-2194","post","type-post","status-publish","format-standard","has-post-thumbnail","category-geral"],"jetpack_publicize_connections":[],"jetpack-related-posts":[],"jetpack_shortlink":"https:\/\/wp.me\/p7Eq1F-zo","jetpack_sharing_enabled":true,"jetpack_featured_media_url":"https:\/\/i0.wp.com\/guialimeira.com.br\/news\/wp-content\/uploads\/2024\/04\/21062013-9103509958_824bc9dcec_o.jpg?fit=1600%2C800&ssl=1","_links":{"self":[{"href":"https:\/\/guialimeira.com.br\/news\/wp-json\/wp\/v2\/posts\/2194","targetHints":{"allow":["GET"]}}],"collection":[{"href":"https:\/\/guialimeira.com.br\/news\/wp-json\/wp\/v2\/posts"}],"about":[{"href":"https:\/\/guialimeira.com.br\/news\/wp-json\/wp\/v2\/types\/post"}],"author":[{"embeddable":true,"href":"https:\/\/guialimeira.com.br\/news\/wp-json\/wp\/v2\/users\/1"}],"replies":[{"embeddable":true,"href":"https:\/\/guialimeira.com.br\/news\/wp-json\/wp\/v2\/comments?post=2194"}],"version-history":[{"count":0,"href":"https:\/\/guialimeira.com.br\/news\/wp-json\/wp\/v2\/posts\/2194\/revisions"}],"wp:featuredmedia":[{"embeddable":true,"href":"https:\/\/guialimeira.com.br\/news\/wp-json\/wp\/v2\/media\/2195"}],"wp:attachment":[{"href":"https:\/\/guialimeira.com.br\/news\/wp-json\/wp\/v2\/media?parent=2194"}],"wp:term":[{"taxonomy":"category","embeddable":true,"href":"https:\/\/guialimeira.com.br\/news\/wp-json\/wp\/v2\/categories?post=2194"},{"taxonomy":"post_tag","embeddable":true,"href":"https:\/\/guialimeira.com.br\/news\/wp-json\/wp\/v2\/tags?post=2194"}],"curies":[{"name":"wp","href":"https:\/\/api.w.org\/{rel}","templated":true}]}}