{"id":21929,"date":"2025-01-27T21:16:42","date_gmt":"2025-01-28T00:16:42","guid":{"rendered":"https:\/\/guialimeira.com.br\/2025\/01\/27\/diplomata-dos-eua-e-chamado-ao-itamaraty-para-esclarecimentos\/"},"modified":"2025-01-27T21:16:42","modified_gmt":"2025-01-28T00:16:42","slug":"diplomata-dos-eua-e-chamado-ao-itamaraty-para-esclarecimentos","status":"publish","type":"post","link":"https:\/\/guialimeira.com.br\/news\/diplomata-dos-eua-e-chamado-ao-itamaraty-para-esclarecimentos\/","title":{"rendered":"Diplomata dos EUA \u00e9 chamado ao Itamaraty para esclarecimentos"},"content":{"rendered":"<p> <br \/>\n<\/p>\n<div>\n<p>A secret\u00e1ria de Comunidades Brasileiras no Exterior e Assuntos Consulares e Jur\u00eddico do Minist\u00e9rio das Rela\u00e7\u00f5es Exteriores, M\u00e1rcia Loureiro, reuniu-se na tarde desta segunda-feira (27), em Bras\u00edlia, com o encarregado de neg\u00f3cios da Embaixada dos Estados Unidos no Brasil, Gabriel Escobar, para tratar sobre a deporta\u00e7\u00e3o de brasileiros no \u00faltimo fim de semana.<img data-recalc-dims=\"1\" decoding=\"async\" src=\"https:\/\/i0.wp.com\/agenciabrasil.ebc.com.br\/ebc.png?w=696&#038;ssl=1\" style=\"width:1px; height:1px; display:inline;\"\/><img data-recalc-dims=\"1\" decoding=\"async\" src=\"https:\/\/i0.wp.com\/agenciabrasil.ebc.com.br\/ebc.gif?w=696&#038;ssl=1\" style=\"width:1px; height:1px; display:inline;\"\/><\/p>\n<p>A convoca\u00e7\u00e3o pelo Pal\u00e1cio do Itamaraty \u00e9 um gesto diplom\u00e1tico que expressa descontentamento de um pa\u00eds com outro. A realiza\u00e7\u00e3o da reuni\u00e3o foi confirmada \u00e0 <strong>Ag\u00eancia Brasil<\/strong> por fontes do governo brasileiro e tamb\u00e9m pela diplomacia norte-americana. \u00a0<\/p>\n<p>Segundo os relatos, durante a reuni\u00e3o, o Itamaraty solicitou esclarecimentos do governo americano sobre o tratamento dispensado a brasileiros deportados em um voo fretado pelos Estados Unidos, que chegou ao pa\u00eds na \u00faltima sexta-feira (24).<\/p>\n<p>Os cidad\u00e3os brasileiros estavam detidos nos Estados Unidos por n\u00e3o possu\u00edrem a documenta\u00e7\u00e3o de imigra\u00e7\u00e3o exigida, e alegaram que, durante a viagem, permaneceram algemados, foram agredidos e tiveram priva\u00e7\u00e3o de banheiro e alimenta\u00e7\u00e3o. Brasil e EUA t\u00eam acordo vigente de deporta\u00e7\u00e3o, mas o tratado prev\u00ea tratamento digno e humanit\u00e1rio, o que n\u00e3o ocorreu.<\/p>\n<p>Ap\u00f3s uma escala t\u00e9cnica em Manaus, o governo brasileiro interveio na situa\u00e7\u00e3o, por iniciativa do presidente Luiz In\u00e1cio Lula da Silva, determinando a <a href=\"https:\/\/agenciabrasil.ebc.com.br\/geral\/noticia\/2025-01\/governo-brasileiro-determina-retirada-de-algemas-de-deportados-dos-eua\" target=\"_blank\" rel=\"noopener\">retirada das algemas<\/a>, prestando assist\u00eancia humanit\u00e1ria e enviando um avi\u00e3o da For\u00e7a A\u00e9rea Brasileira (FAB) para buscar os nacionais deportados e envi\u00e1-los at\u00e9 o destino final previsto, Belo Horizonte. O grupo desembarcou na capital mineira no s\u00e1bado (25).<\/p>\n<p>Esta foi a primeira leva de brasileiros deportados desde a posse do presidente Donald Trump, que prometeu toler\u00e2ncia zero com a imigra\u00e7\u00e3o ilegal no pa\u00eds. Gabriel Escobar \u00e9 atualmente o representante da diplomacia americana no Brasil, ap\u00f3s a sa\u00edda da embaixadora Elizabeth Bagley, indicada pelo governo anterior, de Joe Biden, mas que deixou o posto na capital brasileira.<\/p>\n<p>\u00c0 reportagem, a Embaixada dos Estados Unidos confirmou a realiza\u00e7\u00e3o do que chamou de uma &#8220;reuni\u00e3o t\u00e9cnica&#8221; com autoridades do Minist\u00e9rio das Rela\u00e7\u00f5es Exteriores, mas n\u00e3o deu detalhes sobre o que foi conversado no encontro.<\/p>\n<p>\u00a0<\/p>\n<p>\u00a0<\/p>\n<p>Pedro Rafael Vilela<\/p>\n<p>Rep\u00f3rter<\/p>\n<p>Ag\u00eancia Brasil<\/p>\n<p>agenciabrasil.ebc.com.br\u00a0<\/p>\n<p>Empresa Brasil de Comunica\u00e7\u00e3o (EBC)<\/p>\n<p>pedro.vilela@ebc.com.br<\/p>\n<p>(61) 98121-1480<\/p>\n<p>\u00a0<\/p>\n<p>      <!-- Relacionada --><\/p>\n<p>            <!-- Relacionada -->\n    <\/div>\n<p><br \/>\n<br \/><a href=\"https:\/\/agenciabrasil.ebc.com.br\/internacional\/noticia\/2025-01\/diplomata-dos-eua-e-chamado-ao-itamaraty-para-esclarecimentos\" rel=\"noopener\">Ag\u00eancia Brasil <\/a><\/p>\n","protected":false},"excerpt":{"rendered":"<p>A secret\u00e1ria de Comunidades Brasileiras no Exterior e Assuntos Consulares e Jur\u00eddico do Minist\u00e9rio das Rela\u00e7\u00f5es Exteriores, M\u00e1rcia Loureiro, reuniu-se na tarde desta segunda-feira (27), em Bras\u00edlia, com o encarregado de neg\u00f3cios da Embaixada dos Estados Unidos no Brasil, Gabriel Escobar, para tratar sobre a deporta\u00e7\u00e3o de brasileiros no \u00faltimo fim de semana. A convoca\u00e7\u00e3o [&hellip;]<\/p>\n","protected":false},"author":1,"featured_media":307,"comment_status":"open","ping_status":"open","sticky":false,"template":"","format":"standard","meta":{"_jetpack_newsletter_access":"","_jetpack_dont_email_post_to_subs":false,"_jetpack_newsletter_tier_id":0,"_jetpack_memberships_contains_paywalled_content":false,"_mbp_banners":[],"_jetpack_feature_clip_id":0,"_jetpack_memberships_contains_paid_content":false,"footnotes":"","jetpack_publicize_message":"","jetpack_publicize_feature_enabled":true,"jetpack_social_post_already_shared":true,"jetpack_social_options":{"image_generator_settings":{"template":"highway","default_image_id":0,"font":"","enabled":false},"version":2},"jetpack_post_was_ever_published":false},"categories":[25],"tags":[],"class_list":["post-21929","post","type-post","status-publish","format-standard","has-post-thumbnail","category-internacional"],"jetpack_publicize_connections":[],"jetpack-related-posts":[],"jetpack_shortlink":"https:\/\/wp.me\/p7Eq1F-5HH","jetpack_sharing_enabled":true,"jetpack_featured_media_url":"https:\/\/i0.wp.com\/guialimeira.com.br\/news\/wp-content\/uploads\/2024\/03\/pzzb1916_0.jpg?fit=1600%2C800&ssl=1","_links":{"self":[{"href":"https:\/\/guialimeira.com.br\/news\/wp-json\/wp\/v2\/posts\/21929","targetHints":{"allow":["GET"]}}],"collection":[{"href":"https:\/\/guialimeira.com.br\/news\/wp-json\/wp\/v2\/posts"}],"about":[{"href":"https:\/\/guialimeira.com.br\/news\/wp-json\/wp\/v2\/types\/post"}],"author":[{"embeddable":true,"href":"https:\/\/guialimeira.com.br\/news\/wp-json\/wp\/v2\/users\/1"}],"replies":[{"embeddable":true,"href":"https:\/\/guialimeira.com.br\/news\/wp-json\/wp\/v2\/comments?post=21929"}],"version-history":[{"count":0,"href":"https:\/\/guialimeira.com.br\/news\/wp-json\/wp\/v2\/posts\/21929\/revisions"}],"wp:featuredmedia":[{"embeddable":true,"href":"https:\/\/guialimeira.com.br\/news\/wp-json\/wp\/v2\/media\/307"}],"wp:attachment":[{"href":"https:\/\/guialimeira.com.br\/news\/wp-json\/wp\/v2\/media?parent=21929"}],"wp:term":[{"taxonomy":"category","embeddable":true,"href":"https:\/\/guialimeira.com.br\/news\/wp-json\/wp\/v2\/categories?post=21929"},{"taxonomy":"post_tag","embeddable":true,"href":"https:\/\/guialimeira.com.br\/news\/wp-json\/wp\/v2\/tags?post=21929"}],"curies":[{"name":"wp","href":"https:\/\/api.w.org\/{rel}","templated":true}]}}