{"id":2192,"date":"2024-04-20T12:14:45","date_gmt":"2024-04-20T15:14:45","guid":{"rendered":"https:\/\/guialimeira.com.br\/2024\/04\/20\/fgv-arte-inaugura-exposicao-brasilia-a-arte-da-democracia\/"},"modified":"2024-04-20T12:14:45","modified_gmt":"2024-04-20T15:14:45","slug":"fgv-arte-inaugura-exposicao-brasilia-a-arte-da-democracia","status":"publish","type":"post","link":"https:\/\/guialimeira.com.br\/news\/fgv-arte-inaugura-exposicao-brasilia-a-arte-da-democracia\/","title":{"rendered":"FGV Arte inaugura exposi\u00e7\u00e3o Bras\u00edlia, a arte da democracia"},"content":{"rendered":"<p> <br \/>\n<\/p>\n<div>\n<p>A FGV Arte, espa\u00e7o experimental e de pesquisa art\u00edstica da Funda\u00e7\u00e3o Getulio Vargas, inaugurou sua segunda exposi\u00e7\u00e3o intitulada <em>Bras\u00edlia, a arte da democracia<\/em>, sob curadoria de Paulo Herkenhoff. De acordo com o curador, \u201ca conceitua\u00e7\u00e3o desta exposi\u00e7\u00e3o perfaz um arco hist\u00f3rico, desde a cria\u00e7\u00e3o da cidade at\u00e9 os atuais movimentos em defesa da democracia e da liberdade. Se Bras\u00edlia \u00e9 uma epopeia not\u00e1vel no plano internacional, sua hist\u00f3ria da cultura se desdobra, ao longo de seis d\u00e9cadas, por brasilienses e por brasileiros de todos os recantos\u201d.<img data-recalc-dims=\"1\" decoding=\"async\" src=\"https:\/\/i0.wp.com\/agenciabrasil.ebc.com.br\/ebc.png?w=696&#038;ssl=1\" style=\"width:1px; height:1px; display:inline;\"\/><img data-recalc-dims=\"1\" decoding=\"async\" src=\"https:\/\/i0.wp.com\/agenciabrasil.ebc.com.br\/ebc.gif?w=696&#038;ssl=1\" style=\"width:1px; height:1px; display:inline;\"\/><\/p>\n<p>Durante os \u00faltimos 4 anos, Herkenhoff levantou um material t\u00e3o extenso que precisou dividir em etapas. Segundo o curador, a de <em>Bras\u00edlia, a arte da democracia<\/em> re\u00fane artistas das cinco regi\u00f5es do pa\u00eds, que recorrem a uma vasta diversidade de t\u00e9cnicas e modos de vivenciar a arte, \u201ccomo \u2018exerc\u00edcio experimental da liberdade\u2019, conforme o aforismo de M\u00e1rio Pedrosa, considerado o maior cr\u00edtico de arte de todos os tempos\u201d.<\/p>\n<p>Com aproximadamente 180 itens de cerca de 80 artistas, incluindo documentos, como o diploma de candango conferido aos oper\u00e1rios que levantaram a nova cidade por Juscelino Kubitschek, presidente do Brasil, de 1955 a 1961, respons\u00e1vel pela constru\u00e7\u00e3o de Bras\u00edlia e a transfer\u00eancia do poder do Rio de Janeiro para o planalto central; o croqui do plano piloto assinado por L\u00facio Costa; e o manuscrito de Oscar Niemeyer sobre o monumento JK.<\/p>\n<h2>FGV Arte<\/h2>\n<p>Localizada na sede da FGV, na Praia de Botafogo, no Rio de Janeiro, a FGV Arte \u00e9 um espa\u00e7o voltado \u00e0 valoriza\u00e7\u00e3o, \u00e0 experimenta\u00e7\u00e3o art\u00edstica e aos debates contempor\u00e2neos em torno da arte e da cultura que busca incentivar o di\u00e1logo com setores mais criativos e heterog\u00eaneos da sociedade.<\/p>\n<p>A mostra fica aberta ao p\u00fablico at\u00e9 14 de julho e pode ser vista de ter\u00e7a-feira a domingo. Nos fins de semana e feriados, a mostra fica aberta das 10h \u00e0s 18h. A mostra tem recursos de acessibilidade, no formato de libras e audiodescri\u00e7\u00e3o.<\/p>\n<\/p><\/div>\n<p><br \/>\n<br \/><a href=\"https:\/\/agenciabrasil.ebc.com.br\/geral\/noticia\/2024-04\/fgv-arte-inaugura-exposicao-brasilia-arte-da-democracia\" rel=\"noopener\">Ag\u00eancia Brasil<\/a><\/p>\n","protected":false},"excerpt":{"rendered":"<p>A FGV Arte, espa\u00e7o experimental e de pesquisa art\u00edstica da Funda\u00e7\u00e3o Getulio Vargas, inaugurou sua segunda exposi\u00e7\u00e3o intitulada Bras\u00edlia, a arte da democracia, sob curadoria de Paulo Herkenhoff. De acordo com o curador, \u201ca conceitua\u00e7\u00e3o desta exposi\u00e7\u00e3o perfaz um arco hist\u00f3rico, desde a cria\u00e7\u00e3o da cidade at\u00e9 os atuais movimentos em defesa da democracia e [&hellip;]<\/p>\n","protected":false},"author":1,"featured_media":2193,"comment_status":"open","ping_status":"open","sticky":false,"template":"","format":"standard","meta":{"_jetpack_newsletter_access":"","_jetpack_dont_email_post_to_subs":false,"_jetpack_newsletter_tier_id":0,"_jetpack_memberships_contains_paywalled_content":false,"_mbp_banners":[],"_jetpack_feature_clip_id":0,"_jetpack_memberships_contains_paid_content":false,"footnotes":"","jetpack_publicize_message":"","jetpack_publicize_feature_enabled":true,"jetpack_social_post_already_shared":true,"jetpack_social_options":{"image_generator_settings":{"template":"highway","default_image_id":0,"font":"","enabled":false},"version":2},"jetpack_post_was_ever_published":false},"categories":[1],"tags":[],"class_list":["post-2192","post","type-post","status-publish","format-standard","has-post-thumbnail","category-geral"],"jetpack_publicize_connections":[],"jetpack-related-posts":[],"jetpack_shortlink":"https:\/\/wp.me\/p7Eq1F-zm","jetpack_sharing_enabled":true,"jetpack_featured_media_url":"https:\/\/i0.wp.com\/guialimeira.com.br\/news\/wp-content\/uploads\/2024\/04\/vik-muniz-1.jpg?fit=1600%2C800&ssl=1","_links":{"self":[{"href":"https:\/\/guialimeira.com.br\/news\/wp-json\/wp\/v2\/posts\/2192","targetHints":{"allow":["GET"]}}],"collection":[{"href":"https:\/\/guialimeira.com.br\/news\/wp-json\/wp\/v2\/posts"}],"about":[{"href":"https:\/\/guialimeira.com.br\/news\/wp-json\/wp\/v2\/types\/post"}],"author":[{"embeddable":true,"href":"https:\/\/guialimeira.com.br\/news\/wp-json\/wp\/v2\/users\/1"}],"replies":[{"embeddable":true,"href":"https:\/\/guialimeira.com.br\/news\/wp-json\/wp\/v2\/comments?post=2192"}],"version-history":[{"count":0,"href":"https:\/\/guialimeira.com.br\/news\/wp-json\/wp\/v2\/posts\/2192\/revisions"}],"wp:featuredmedia":[{"embeddable":true,"href":"https:\/\/guialimeira.com.br\/news\/wp-json\/wp\/v2\/media\/2193"}],"wp:attachment":[{"href":"https:\/\/guialimeira.com.br\/news\/wp-json\/wp\/v2\/media?parent=2192"}],"wp:term":[{"taxonomy":"category","embeddable":true,"href":"https:\/\/guialimeira.com.br\/news\/wp-json\/wp\/v2\/categories?post=2192"},{"taxonomy":"post_tag","embeddable":true,"href":"https:\/\/guialimeira.com.br\/news\/wp-json\/wp\/v2\/tags?post=2192"}],"curies":[{"name":"wp","href":"https:\/\/api.w.org\/{rel}","templated":true}]}}