{"id":21905,"date":"2025-01-27T18:20:37","date_gmt":"2025-01-27T21:20:37","guid":{"rendered":"https:\/\/guialimeira.com.br\/2025\/01\/27\/mais-de-723-mil-empresas-pedem-para-entrar-no-simples-nacional\/"},"modified":"2025-01-27T18:20:37","modified_gmt":"2025-01-27T21:20:37","slug":"mais-de-723-mil-empresas-pedem-para-entrar-no-simples-nacional","status":"publish","type":"post","link":"https:\/\/guialimeira.com.br\/news\/mais-de-723-mil-empresas-pedem-para-entrar-no-simples-nacional\/","title":{"rendered":"Mais de 723 mil empresas pedem para entrar no Simples Nacional"},"content":{"rendered":"<p> <br \/>\n<\/p>\n<div>\n<p>A quatro dias do fim do prazo, mais de 723 mil micro e pequenas empresas pediram a ades\u00e3o ao Simples Nacional, informou nesta segunda-feira (27) a Receita Federal. O prazo de ades\u00e3o ao regime especial para pequenos neg\u00f3cios <a href=\"https:\/\/agenciabrasil.ebc.com.br\/economia\/noticia\/2025-01\/empresas-excluidas-do-simples-tem-ate-sexta-para-resolver-pendencias\" target=\"_blank\" rel=\"noopener\">acaba na\u00a0sexta-feira (31)<\/a>.<img data-recalc-dims=\"1\" decoding=\"async\" src=\"https:\/\/i0.wp.com\/agenciabrasil.ebc.com.br\/ebc.png?w=696&#038;ssl=1\" style=\"width:1px; height:1px; display:inline;\"\/><img data-recalc-dims=\"1\" decoding=\"async\" src=\"https:\/\/i0.wp.com\/agenciabrasil.ebc.com.br\/ebc.gif?w=696&#038;ssl=1\" style=\"width:1px; height:1px; display:inline;\"\/><\/p>\n<p>At\u00e9 esta segunda, 723.684 micro e pequenas empresas pediram a inclus\u00e3o no Simples Nacional. Desse total, 468.415 precisam regularizar pend\u00eancias para fazer parte do regime e 225.269 est\u00e3o com as obriga\u00e7\u00f5es em dia e constam como optantes do Simples desde 1\u00ba de janeiro.<\/p>\n<p>Quem n\u00e3o quitar as pend\u00eancias ser\u00e1 definitivamente exclu\u00eddo do regime e s\u00f3 poder\u00e1 pedir a ades\u00e3o ao Simples no pr\u00f3ximo ano. As micro e pequenas empresas em atraso com o Simples Nacional j\u00e1 foram exclu\u00eddas em 1\u00ba de janeiro, mas ainda <a href=\"https:\/\/agenciabrasil.ebc.com.br\/economia\/noticia\/2025-01\/receita-abre-opcao-de-ingresso-ou-reingresso-no-simples-nacional\" target=\"_blank\" rel=\"noopener\">podem pedir o reingresso<\/a>, desde que resolvam as obriga\u00e7\u00f5es.<\/p>\n<p>O devedor pode pagar \u00e0 vista, abater parte da d\u00edvida com cr\u00e9ditos tribut\u00e1rios (recursos que a empresa tem direito a receber do Fisco) ou parcelar os d\u00e9bitos em at\u00e9 cinco anos com o pagamento de juros e multa. O parcelamento pode ser feito pelo Portal do Simples Nacional ou no Centro Virtual de Atendimento da Receita (e-CAC), no servi\u00e7o \u201cParcelamento \u2013 Simples Nacional\u201d, para as micro e pequenas empresas, e \u201cParcelamento \u2013 Simei, para os microempreendedores individuais (MEI).<\/p>\n<p>O<a href=\"https:\/\/www8.receita.fazenda.gov.br\/SimplesNacional\/Servicos\/Grupo.aspx?grp=t&amp;area=1\" target=\"_blank\" rel=\"noopener\"> acesso ao Portal do Simples Nacional <\/a>e ao e-CAC \u00e9 feito com certificado digital ou com conta no Portal Gov.br n\u00edvel prata ou ouro. A empresa ou o MEI que n\u00e3o concordar com a d\u00edvida e quiser contestar o Termo de Exclus\u00e3o dever\u00e1 dirigir a<a href=\"https:\/\/www.gov.br\/pt-br\/servicos\/impugnar-exclusao-do-simples-nacional-pela-receita-federal\" target=\"_blank\" rel=\"noopener\"> contesta\u00e7\u00e3o<\/a> ao Delegado de Julgamento da Receita Federal, protocolada via internet, conforme orientado no <em>site<\/em> do \u00f3rg\u00e3o.<\/p>\n<h2>Notifica\u00e7\u00f5es<\/h2>\n<p>De 30 de setembro a 4 de outubro, a Receita notificou 1.121.419 MEI e 754.915 micro e pequenas empresas que deviam R$ 26,5 bilh\u00f5es ao Simples Nacional. Segundo a Receita Federal, as principais irregularidades s\u00e3o falta de documentos, excesso de faturamento, d\u00e9bitos tribut\u00e1rios, parcelamentos pendentes ou o exerc\u00edcio pela empresa de atividades n\u00e3o inclu\u00eddas no Simples Nacional.<\/p>\n<p>Periodicamente, a Receita verifica se as empresas est\u00e3o de acordo com as condi\u00e7\u00f5es de enquadramento no Simples Nacional. Quando o estabelecimento apresenta irregularidades, o \u00f3rg\u00e3o envia cartas com o aviso de exclus\u00e3o. O micro e pequeno empres\u00e1rio que ainda n\u00e3o regularizou as pend\u00eancias pede pedir orienta\u00e7\u00f5es ao Servi\u00e7o Brasileiro de Apoio \u00e0s Micro e Pequenas Empresas (Sebrae), para elaborar um plano de recupera\u00e7\u00e3o dos neg\u00f3cios.<\/p>\n<p>      <!-- Relacionada --><\/p>\n<p>            <!-- Relacionada -->\n    <\/div>\n<p><br \/>\n<br \/><a href=\"https:\/\/agenciabrasil.ebc.com.br\/economia\/noticia\/2025-01\/mais-de-723-mil-empresas-pedem-para-entrar-no-simples-nacional\" rel=\"noopener\">Ag\u00eancia Brasil<\/a><\/p>\n","protected":false},"excerpt":{"rendered":"<p>A quatro dias do fim do prazo, mais de 723 mil micro e pequenas empresas pediram a ades\u00e3o ao Simples Nacional, informou nesta segunda-feira (27) a Receita Federal. O prazo de ades\u00e3o ao regime especial para pequenos neg\u00f3cios acaba na\u00a0sexta-feira (31). At\u00e9 esta segunda, 723.684 micro e pequenas empresas pediram a inclus\u00e3o no Simples Nacional. [&hellip;]<\/p>\n","protected":false},"author":1,"featured_media":21906,"comment_status":"open","ping_status":"open","sticky":false,"template":"","format":"standard","meta":{"_jetpack_newsletter_access":"","_jetpack_dont_email_post_to_subs":false,"_jetpack_newsletter_tier_id":0,"_jetpack_memberships_contains_paywalled_content":false,"_mbp_banners":[],"_jetpack_feature_clip_id":0,"_jetpack_memberships_contains_paid_content":false,"footnotes":"","jetpack_publicize_message":"","jetpack_publicize_feature_enabled":true,"jetpack_social_post_already_shared":true,"jetpack_social_options":{"image_generator_settings":{"template":"highway","default_image_id":0,"font":"","enabled":false},"version":2},"jetpack_post_was_ever_published":false},"categories":[24],"tags":[],"class_list":["post-21905","post","type-post","status-publish","format-standard","has-post-thumbnail","category-economia"],"jetpack_publicize_connections":[],"jetpack-related-posts":[],"jetpack_shortlink":"https:\/\/wp.me\/p7Eq1F-5Hj","jetpack_sharing_enabled":true,"jetpack_featured_media_url":"https:\/\/i0.wp.com\/guialimeira.com.br\/news\/wp-content\/uploads\/2025\/01\/aplicativo_simples_nacional_mcajr_abr_20220121_0078.jpg?fit=1600%2C800&ssl=1","_links":{"self":[{"href":"https:\/\/guialimeira.com.br\/news\/wp-json\/wp\/v2\/posts\/21905","targetHints":{"allow":["GET"]}}],"collection":[{"href":"https:\/\/guialimeira.com.br\/news\/wp-json\/wp\/v2\/posts"}],"about":[{"href":"https:\/\/guialimeira.com.br\/news\/wp-json\/wp\/v2\/types\/post"}],"author":[{"embeddable":true,"href":"https:\/\/guialimeira.com.br\/news\/wp-json\/wp\/v2\/users\/1"}],"replies":[{"embeddable":true,"href":"https:\/\/guialimeira.com.br\/news\/wp-json\/wp\/v2\/comments?post=21905"}],"version-history":[{"count":0,"href":"https:\/\/guialimeira.com.br\/news\/wp-json\/wp\/v2\/posts\/21905\/revisions"}],"wp:featuredmedia":[{"embeddable":true,"href":"https:\/\/guialimeira.com.br\/news\/wp-json\/wp\/v2\/media\/21906"}],"wp:attachment":[{"href":"https:\/\/guialimeira.com.br\/news\/wp-json\/wp\/v2\/media?parent=21905"}],"wp:term":[{"taxonomy":"category","embeddable":true,"href":"https:\/\/guialimeira.com.br\/news\/wp-json\/wp\/v2\/categories?post=21905"},{"taxonomy":"post_tag","embeddable":true,"href":"https:\/\/guialimeira.com.br\/news\/wp-json\/wp\/v2\/tags?post=21905"}],"curies":[{"name":"wp","href":"https:\/\/api.w.org\/{rel}","templated":true}]}}