{"id":21892,"date":"2025-01-27T17:12:42","date_gmt":"2025-01-27T20:12:42","guid":{"rendered":"https:\/\/guialimeira.com.br\/2025\/01\/27\/brasil-nao-quer-provocar-eua-diz-lewandowski-sobre-deportacoes\/"},"modified":"2025-01-27T17:12:42","modified_gmt":"2025-01-27T20:12:42","slug":"brasil-nao-quer-provocar-eua-diz-lewandowski-sobre-deportacoes","status":"publish","type":"post","link":"https:\/\/guialimeira.com.br\/news\/brasil-nao-quer-provocar-eua-diz-lewandowski-sobre-deportacoes\/","title":{"rendered":"Brasil n\u00e3o quer provocar EUA, diz Lewandowski sobre deporta\u00e7\u00f5es"},"content":{"rendered":"<p> <br \/>\n<\/p>\n<div>\n<p>O ministro da Justi\u00e7a e Seguran\u00e7a P\u00fablica Ricardo Lewandowski afirmou, nesta segunda-feira (27), em S\u00e3o Paulo, que, apesar da deporta\u00e7\u00e3o de brasileiros dos Estados Unidos estar prevista em um tratado assinado entre os dois pa\u00edses, precisa ser feita com respeito e dignidade.<\/p>\n<p>Segundo Lewandowski, os brasileiros que chegaram a Manaus na sexta-feira (24) ap\u00f3s terem sido deportados pelo governo norte-americano estavam em \u201csitua\u00e7\u00e3o dram\u00e1tica\u201d e foram submetidos a \u201cconstrangimentos absolutamente inaceit\u00e1veis\u201d.<img data-recalc-dims=\"1\" decoding=\"async\" src=\"https:\/\/i0.wp.com\/agenciabrasil.ebc.com.br\/ebc.png?w=696&#038;ssl=1\" style=\"width:1px; height:1px; display:inline;\"\/><img data-recalc-dims=\"1\" decoding=\"async\" src=\"https:\/\/i0.wp.com\/agenciabrasil.ebc.com.br\/ebc.gif?w=696&#038;ssl=1\" style=\"width:1px; height:1px; display:inline;\"\/><\/p>\n<p>Para o ministro, a rea\u00e7\u00e3o do governo brasileiro ao determinar que fossem retiradas as algemas dos passageiros deportados foi muito s\u00f3bria.<\/p>\n<p>\u201cN\u00f3s tivemos uma rea\u00e7\u00e3o muito s\u00f3bria. N\u00e3o queremos provocar o governo americano at\u00e9 porque a deporta\u00e7\u00e3o est\u00e1 prevista em um tratado que vige h\u00e1 v\u00e1rios anos entre o Brasil e os Estados Unidos e que autoriza a deporta\u00e7\u00e3o. Mas, obviamente, essa deporta\u00e7\u00e3o tem que ser feita com respeito aos direitos fundamentais das pessoas, sobretudo daquelas que n\u00e3o s\u00e3o criminosos\u201d, destacou Lewandowski, que participou hoje de um almo\u00e7o-palestra com empres\u00e1rios promovido pelo Grupo de L\u00edderes Empresariais (Lide).<\/p>\n<p>\u201cN\u00f3s n\u00e3o queremos provoca\u00e7\u00e3o, n\u00f3s n\u00e3o queremos afrontar quem quer que seja, mas n\u00f3s queremos que os brasileiros inocentes e que foram l\u00e1 buscar trabalho, sejam tratados com a dignidade que merecem\u201d, enfatizou o ministro, que ainda hoje deve tratar da situa\u00e7\u00e3o dos deportados com o presidente Luiz In\u00e1cio Lula da Silva, em Bras\u00edlia.<\/p>\n<h2>Hist\u00f3rico<\/h2>\n<p>No \u00faltimo s\u00e1bado (25), uma aeronave proveniente dos Estados Unidos, trazendo 88 brasileiros, pousou em Manaus, ap\u00f3s apresentar um problema t\u00e9cnico.<\/p>\n<p>\u201cRecebi um telefonema logo cedo me avisando que os brasileiros deportados dos Estados Unidos tinham feito um pouso de emerg\u00eancia em Manaus, em fun\u00e7\u00e3o de problemas t\u00e9cnicos, sobretudo no ar-condicionado, e que os brasileiros l\u00e1 tinham se revoltado, porque estavam numa situa\u00e7\u00e3o realmente dram\u00e1tica, acorrentados pelas m\u00e3os e pelos p\u00e9s, sem alimenta\u00e7\u00e3o, sem poder ir ao banheiro, naquele calor de Manaus, sem poder sair do avi\u00e3o. E as autoridades americanas que estavam l\u00e1 proibiram-nos de sair do avi\u00e3o\u201d, lembrou o ministro.<\/p>\n<p>Por causa disso, Lewandowski conversou com o presidente Lula que, imediatamente, determinou a ida de uma aeronave da For\u00e7a A\u00e9rea Brasileira (FAB) de Bras\u00edlia para Manaus para resolver a situa\u00e7\u00e3o dos deportados. Lula determinou que as <a href=\"https:\/\/agenciabrasil.ebc.com.br\/geral\/noticia\/2025-01\/governo-brasileiro-determina-retirada-de-algemas-de-deportados-dos-eua\" target=\"_blank\" rel=\"noopener\">algemas dos brasileiros fossem retiradas <\/a>e que os brasileiros fossem levados de Manaus para Belo Horizonte. \u201cHouve um <em>frisson<\/em> [forte como\u00e7\u00e3o]\u00a0 um mal-estar, mas o presidente, de forma muito determinada, mandou o avi\u00e3o da FAB buscar esses brasileiros\u201d, explicou o ministro.<\/p>\n<p>No s\u00e1bado (25), a aeronave <a href=\"https:\/\/agenciabrasil.ebc.com.br\/geral\/noticia\/2025-01\/voo-da-fab-com-brasileiros-deportados-dos-eua-chega-minas-gerais\" target=\"_blank\" rel=\"noopener\">chegou a <\/a>Minas Gerais.<\/p>\n<p>      <!-- Relacionada --><\/p>\n<p>            <!-- Relacionada -->\n    <\/div>\n<p><br \/>\n<br \/><a href=\"https:\/\/agenciabrasil.ebc.com.br\/internacional\/noticia\/2025-01\/brasil-nao-quer-provocar-eua-diz-lewandowski-sobre-deportacoes\" rel=\"noopener\">Ag\u00eancia Brasil <\/a><\/p>\n","protected":false},"excerpt":{"rendered":"<p>O ministro da Justi\u00e7a e Seguran\u00e7a P\u00fablica Ricardo Lewandowski afirmou, nesta segunda-feira (27), em S\u00e3o Paulo, que, apesar da deporta\u00e7\u00e3o de brasileiros dos Estados Unidos estar prevista em um tratado assinado entre os dois pa\u00edses, precisa ser feita com respeito e dignidade. Segundo Lewandowski, os brasileiros que chegaram a Manaus na sexta-feira (24) ap\u00f3s terem [&hellip;]<\/p>\n","protected":false},"author":1,"featured_media":18200,"comment_status":"open","ping_status":"open","sticky":false,"template":"","format":"standard","meta":{"_jetpack_newsletter_access":"","_jetpack_dont_email_post_to_subs":false,"_jetpack_newsletter_tier_id":0,"_jetpack_memberships_contains_paywalled_content":false,"_mbp_banners":[],"_jetpack_feature_clip_id":0,"_jetpack_memberships_contains_paid_content":false,"footnotes":"","jetpack_publicize_message":"","jetpack_publicize_feature_enabled":true,"jetpack_social_post_already_shared":true,"jetpack_social_options":{"image_generator_settings":{"template":"highway","default_image_id":0,"font":"","enabled":false},"version":2},"jetpack_post_was_ever_published":false},"categories":[25],"tags":[],"class_list":["post-21892","post","type-post","status-publish","format-standard","has-post-thumbnail","category-internacional"],"jetpack_publicize_connections":[],"jetpack-related-posts":[],"jetpack_shortlink":"https:\/\/wp.me\/p7Eq1F-5H6","jetpack_sharing_enabled":true,"jetpack_featured_media_url":"https:\/\/i0.wp.com\/guialimeira.com.br\/news\/wp-content\/uploads\/2024\/12\/54181334553_43db492e9b_o.jpg?fit=1600%2C800&ssl=1","_links":{"self":[{"href":"https:\/\/guialimeira.com.br\/news\/wp-json\/wp\/v2\/posts\/21892","targetHints":{"allow":["GET"]}}],"collection":[{"href":"https:\/\/guialimeira.com.br\/news\/wp-json\/wp\/v2\/posts"}],"about":[{"href":"https:\/\/guialimeira.com.br\/news\/wp-json\/wp\/v2\/types\/post"}],"author":[{"embeddable":true,"href":"https:\/\/guialimeira.com.br\/news\/wp-json\/wp\/v2\/users\/1"}],"replies":[{"embeddable":true,"href":"https:\/\/guialimeira.com.br\/news\/wp-json\/wp\/v2\/comments?post=21892"}],"version-history":[{"count":0,"href":"https:\/\/guialimeira.com.br\/news\/wp-json\/wp\/v2\/posts\/21892\/revisions"}],"wp:featuredmedia":[{"embeddable":true,"href":"https:\/\/guialimeira.com.br\/news\/wp-json\/wp\/v2\/media\/18200"}],"wp:attachment":[{"href":"https:\/\/guialimeira.com.br\/news\/wp-json\/wp\/v2\/media?parent=21892"}],"wp:term":[{"taxonomy":"category","embeddable":true,"href":"https:\/\/guialimeira.com.br\/news\/wp-json\/wp\/v2\/categories?post=21892"},{"taxonomy":"post_tag","embeddable":true,"href":"https:\/\/guialimeira.com.br\/news\/wp-json\/wp\/v2\/tags?post=21892"}],"curies":[{"name":"wp","href":"https:\/\/api.w.org\/{rel}","templated":true}]}}