{"id":21849,"date":"2025-01-27T10:05:44","date_gmt":"2025-01-27T13:05:44","guid":{"rendered":"https:\/\/guialimeira.com.br\/2025\/01\/27\/celac-se-reune-esta-semana-para-tratar-de-deportacoes-nos-eua\/"},"modified":"2025-01-27T10:05:44","modified_gmt":"2025-01-27T13:05:44","slug":"celac-se-reune-esta-semana-para-tratar-de-deportacoes-nos-eua","status":"publish","type":"post","link":"https:\/\/guialimeira.com.br\/news\/celac-se-reune-esta-semana-para-tratar-de-deportacoes-nos-eua\/","title":{"rendered":"Celac se re\u00fane esta semana para tratar de deporta\u00e7\u00f5es nos EUA"},"content":{"rendered":"<p> <br \/>\n<\/p>\n<div>\n<p>A Comunidade de Estados Latino-americanos e Caribenhos (Celac) far\u00e1 reuni\u00e3o de emerg\u00eancia\u00a0quinta-feira (30) para tratar da quest\u00e3o das deporta\u00e7\u00f5es, pelo governo norte-americano, de imigrantes ilegais. O encontro foi pedido nesse domingo (26) pelo presidente da Col\u00f4mbia, Gustavo Petro, e marcado pela presidente hondurenha Xiomara Castro, que tamb\u00e9m preside a Celac.<img data-recalc-dims=\"1\" decoding=\"async\" src=\"https:\/\/i0.wp.com\/agenciabrasil.ebc.com.br\/ebc.png?w=696&#038;ssl=1\" style=\"width:1px; height:1px; display:inline;\"\/><img data-recalc-dims=\"1\" decoding=\"async\" src=\"https:\/\/i0.wp.com\/agenciabrasil.ebc.com.br\/ebc.gif?w=696&#038;ssl=1\" style=\"width:1px; height:1px; display:inline;\"\/><\/p>\n<p>A reuni\u00e3o ser\u00e1 feita em formato h\u00edbrido, mas Petro dever\u00e1 participar de forma presencial, na capital hondurenha, Tegucigalpa.<\/p>\n<p>O pedido de Petro ocorreu depois de a Col\u00f4mbia recusar a entrada de avi\u00f5es militares norte-americanos, que levavam imigrantes colombianos deportados\u00a0nesse domingo.<\/p>\n<p>\u201cN\u00e3o posso fazer com que imigrantes fiquem em um pa\u00eds que n\u00e3o os quer,\u00a0mas se esse pa\u00eds os devolve deve ser com dignidade e respeito com eles e com o nosso pa\u00eds. Em avi\u00f5es civis, sem trat\u00e1-los como como delinquentes, receberemos nossos compatriotas\u201d, escreveu o presidente em suas redes sociais, acrescentando que a Col\u00f4mbia deve ser respeitada.<\/p>\n<p>Em resposta, o presidente dos Estados Unidos, Donald Trump, anunciou que<a href=\"https:\/\/agenciabrasil.ebc.com.br\/internacional\/noticia\/2025-01\/trump-impoe-sancoes-colombia-apos-pais-recusar-voos-de-deportacao\" target=\"_blank\" rel=\"noopener\"> taxaria, em 25%<\/a>, produtos provenientes da Col\u00f4mbia que seja importados por seu pa\u00eds.\u00a0<\/p>\n<p>Ontem, o governo colombiano anunciou que o impasse entre os dois pa\u00edses foi superado. O chanceler colombiano Luis Gilberto Murillo viajar\u00e1 \u00e0 capital dos Estados Unidos, Washington D.C., para reuni\u00f5es de alto n\u00edvel com representantes norte-americanos.<\/p>\n<p>\u201cSeguiremos recebendo os colombianos e as colombianas que retornam na condi\u00e7\u00e3o de deportados, garantindo-lhes as condi\u00e7\u00f5es dignas de cidad\u00e3os sujeitos a direitos\u201d, diz nota divulgada pelo governo da Col\u00f4mbia.<\/p>\n<p>Segundo a nota, o governo da Col\u00f4mbia colocou \u00e0 disposi\u00e7\u00e3o\u00a0o avi\u00e3o presidencial para facilitar o retorno dos colombianos deportados. \u201cA Col\u00f4mbia refor\u00e7a que ser\u00e3o mantidos os canais diplom\u00e1ticos de interlocu\u00e7\u00e3o para garantir os direitos, o interesse nacional e a dignidade dos nossos cidad\u00e3os\u201d.<\/p>\n<p>      <!-- Relacionada --><\/p>\n<p>            <!-- Relacionada -->\n    <\/div>\n<p><br \/>\n<br \/><a href=\"https:\/\/agenciabrasil.ebc.com.br\/internacional\/noticia\/2025-01\/celac-se-reune-esta-semana-para-tratar-de-deportacoes-nos-eua\" rel=\"noopener\">Ag\u00eancia Brasil <\/a><\/p>\n","protected":false},"excerpt":{"rendered":"<p>A Comunidade de Estados Latino-americanos e Caribenhos (Celac) far\u00e1 reuni\u00e3o de emerg\u00eancia\u00a0quinta-feira (30) para tratar da quest\u00e3o das deporta\u00e7\u00f5es, pelo governo norte-americano, de imigrantes ilegais. O encontro foi pedido nesse domingo (26) pelo presidente da Col\u00f4mbia, Gustavo Petro, e marcado pela presidente hondurenha Xiomara Castro, que tamb\u00e9m preside a Celac. A reuni\u00e3o ser\u00e1 feita em [&hellip;]<\/p>\n","protected":false},"author":1,"featured_media":21850,"comment_status":"open","ping_status":"open","sticky":false,"template":"","format":"standard","meta":{"_jetpack_newsletter_access":"","_jetpack_dont_email_post_to_subs":false,"_jetpack_newsletter_tier_id":0,"_jetpack_memberships_contains_paywalled_content":false,"_mbp_banners":[],"_jetpack_feature_clip_id":0,"_jetpack_memberships_contains_paid_content":false,"footnotes":"","jetpack_publicize_message":"","jetpack_publicize_feature_enabled":true,"jetpack_social_post_already_shared":true,"jetpack_social_options":{"image_generator_settings":{"template":"highway","default_image_id":0,"font":"","enabled":false},"version":2},"jetpack_post_was_ever_published":false},"categories":[25],"tags":[],"class_list":["post-21849","post","type-post","status-publish","format-standard","has-post-thumbnail","category-internacional"],"jetpack_publicize_connections":[],"jetpack-related-posts":[],"jetpack_shortlink":"https:\/\/wp.me\/p7Eq1F-5Gp","jetpack_sharing_enabled":true,"jetpack_featured_media_url":"https:\/\/i0.wp.com\/guialimeira.com.br\/news\/wp-content\/uploads\/2025\/01\/1000005973.jpg?fit=1600%2C800&ssl=1","_links":{"self":[{"href":"https:\/\/guialimeira.com.br\/news\/wp-json\/wp\/v2\/posts\/21849","targetHints":{"allow":["GET"]}}],"collection":[{"href":"https:\/\/guialimeira.com.br\/news\/wp-json\/wp\/v2\/posts"}],"about":[{"href":"https:\/\/guialimeira.com.br\/news\/wp-json\/wp\/v2\/types\/post"}],"author":[{"embeddable":true,"href":"https:\/\/guialimeira.com.br\/news\/wp-json\/wp\/v2\/users\/1"}],"replies":[{"embeddable":true,"href":"https:\/\/guialimeira.com.br\/news\/wp-json\/wp\/v2\/comments?post=21849"}],"version-history":[{"count":0,"href":"https:\/\/guialimeira.com.br\/news\/wp-json\/wp\/v2\/posts\/21849\/revisions"}],"wp:featuredmedia":[{"embeddable":true,"href":"https:\/\/guialimeira.com.br\/news\/wp-json\/wp\/v2\/media\/21850"}],"wp:attachment":[{"href":"https:\/\/guialimeira.com.br\/news\/wp-json\/wp\/v2\/media?parent=21849"}],"wp:term":[{"taxonomy":"category","embeddable":true,"href":"https:\/\/guialimeira.com.br\/news\/wp-json\/wp\/v2\/categories?post=21849"},{"taxonomy":"post_tag","embeddable":true,"href":"https:\/\/guialimeira.com.br\/news\/wp-json\/wp\/v2\/tags?post=21849"}],"curies":[{"name":"wp","href":"https:\/\/api.w.org\/{rel}","templated":true}]}}