{"id":2175,"date":"2024-04-20T09:11:42","date_gmt":"2024-04-20T12:11:42","guid":{"rendered":"https:\/\/guialimeira.com.br\/2024\/04\/20\/feira-aberta-ao-publico-reune-mais-de-30-etnias-indigenas\/"},"modified":"2024-04-20T09:11:42","modified_gmt":"2024-04-20T12:11:42","slug":"feira-aberta-ao-publico-reune-mais-de-30-etnias-indigenas","status":"publish","type":"post","link":"https:\/\/guialimeira.com.br\/news\/feira-aberta-ao-publico-reune-mais-de-30-etnias-indigenas\/","title":{"rendered":"Feira aberta ao p\u00fablico re\u00fane mais de 30 etnias ind\u00edgenas"},"content":{"rendered":"<p> <br \/>\n<\/p>\n<div>\n<p>Mais de 300 ind\u00edgenas v\u00e3o ocupar os amplos jardins do Museu da Rep\u00fablica, no Catete, zona sul do Rio de Janeiro, neste s\u00e1bado (20) e domingo (21). Eles representam mais de 30 etnias do estado que participam de um evento aberto ao p\u00fablico.<img data-recalc-dims=\"1\" decoding=\"async\" src=\"https:\/\/i0.wp.com\/agenciabrasil.ebc.com.br\/ebc.png?w=696&#038;ssl=1\" style=\"width:1px; height:1px; display:inline;\"\/><img data-recalc-dims=\"1\" decoding=\"async\" src=\"https:\/\/i0.wp.com\/agenciabrasil.ebc.com.br\/ebc.gif?w=696&#038;ssl=1\" style=\"width:1px; height:1px; display:inline;\"\/><\/p>\n<p>Ser\u00e3o realizadas atividades culturais como dan\u00e7as e cantos tradicionais dos povos origin\u00e1rios, pinturas corporais, conta\u00e7\u00e3o de hist\u00f3ria, venda de artesanato, oficinas, rodas de conversar e debates. O evento \u00e9 de gra\u00e7a e acontece das 9h \u00e0s 17h.<\/p>\n<p>Ser\u00e3o montadas cercas de 90 barracas de expositores ind\u00edgenas de diversas etnias, entre elas, guarani, patax\u00f3, tukano, puri, fulni-\u00f4, kaingang, guajajara, ashaninka, tikuna, tupinamb\u00e1, baniwa, waur\u00e1, kamayur\u00e1, yawalapiti, kayap\u00f3, mehinako, pankararu, kariri-xoc\u00f3, karaj\u00e1, potiguara, sater\u00e9 maw\u00e9, bororo, huni-kuin, shanenawa, kadiw\u00e9u, kambeba, kichua, anamb\u00e9, maragu\u00e1 e goitac\u00e1.<\/p>\n<div class=\"dnd-widget-wrapper context-grande_6colunas type-image atom-align-left\">\n<div class=\"dnd-atom-rendered\"><!-- scald=381361:grande_6colunas {\"additionalClasses\":\"\"} --><\/p>\n<div class=\"shadow overflow-hidden rounded-lg d-block w-100\">\n            <img data-recalc-dims=\"1\" decoding=\"async\" src=\"https:\/\/i0.wp.com\/agenciabrasil.ebc.com.br\/sites\/default\/files\/thumbnails\/image\/loading_v2.gif?w=696&#038;ssl=1\" data-echo=\"https:\/\/imagens.ebc.com.br\/BkUB_-FDuA5yzxZe5Fgn44QrazA=\/463x0\/smart\/https:\/\/agenciabrasil.ebc.com.br\/sites\/default\/files\/thumbnails\/image\/2024\/04\/19\/evento_reune_diversas_etnias_no_rio_de_janeiro_-_divulgacao_aiam_fotos_paulo_barros_3.jpg?itok=JMCCIwJk\" alt=\"Rio de Janeiro - 19\/04\/2024 - Feira aberta ao p\u00fablico, no Rio, re\u00fane mais de 30 etnias ind\u00edgenas. Foto: Paulo Barros\/AIAM\" title=\"Paulo Barros\/AIAM\" class=\"flex-fill img-cover\"\/><br \/>\n        <img data-recalc-dims=\"1\" decoding=\"async\" src=\"https:\/\/i0.wp.com\/imagens.ebc.com.br\/BkUB_-FDuA5yzxZe5Fgn44QrazA%3D\/463x0\/smart\/https%3A\/\/agenciabrasil.ebc.com.br\/sites\/default\/files\/thumbnails\/image\/2024\/04\/19\/evento_reune_diversas_etnias_no_rio_de_janeiro_-_divulgacao_aiam_fotos_paulo_barros_3.jpg?w=696&#038;ssl=1\" alt=\"Rio de Janeiro - 19\/04\/2024 - Feira aberta ao p\u00fablico, no Rio, re\u00fane mais de 30 etnias ind\u00edgenas. Foto: Paulo Barros\/AIAM\" title=\"Paulo Barros\/AIAM\" class=\"flex-fill img-cover\"\/>\n    <\/div>\n<p><!-- END scald=381361 --><\/div>\n<p><h6 class=\"meta\">Ind\u00edgenas de mais de 30 etnias participam de evento no Museu da Rep\u00fablica neste fim de semana &#8211; <strong>Paulo Barros\/AIAM<\/strong><!--END copyright=381361--><\/h6>\n<\/p>\n<\/div>\n<p>A Semana Intercultural Ind\u00edgena \u00e9 realizada pela Associa\u00e7\u00e3o Ind\u00edgena Aldeia Maracan\u00e3 e \u00e9 uma forma de celebra\u00e7\u00e3o do Dia dos Povos Ind\u00edgenas. A data \u00e9 oficialmente comemorada no dia 19 de abril. Mas os organizadores preferiram fazer o evento no fim de semana para facilitar a presen\u00e7a do p\u00fablico.<\/p>\n<p>O indigenista da Aldeia Maracan\u00e3 Toni Lotar destaca a import\u00e2ncia de aproximar povos e tradi\u00e7\u00f5es ind\u00edgenas do p\u00fablico geral.<\/p>\n<p>\u201cO Brasil tem uma das maiores diversidades \u00e9tnicas, culturais e lingu\u00edsticas do mundo, e o povo brasileiro em sua maioria n\u00e3o sabe dessa grande riqueza cultural. \u00c9 muito importante essa oportunidade de contato direto do p\u00fablico com os ind\u00edgenas e sua cultura viva\u201d, disse \u00e0 <strong>Ag\u00eancia Brasil<\/strong>.<\/p>\n<p>\u201cAl\u00e9m disso, com a venda de artesanato, o evento propicia uma oportunidade de gera\u00e7\u00e3o de renda para os expositores ind\u00edgenas\u201d, completa.<\/p>\n<p>No s\u00e1bado, \u00e0s 14h, ser\u00e1 exibido o curta-metragem <em>Territ\u00f3rio do Cocar<\/em>, com um debate sobre os 200 anos da independ\u00eancia do Brasil revistos sob a \u00f3tica dos povos ind\u00edgenas.<\/p>\n<p>No domingo, tamb\u00e9m \u00e0s 14h, ser\u00e1 exibido o document\u00e1rio<em> Para Berta, com Amor<\/em>, sobre a antrop\u00f3loga Berta Ribeiro (1924-1997), esposa do tamb\u00e9m antrop\u00f3logo Darcy Ribeiro (1922-1997). Ap\u00f3s a exibi\u00e7\u00e3o, haver\u00e1 um debate sobre a import\u00e2ncia do legado etnogr\u00e1fico dela.<\/p>\n<h2>Reivindica\u00e7\u00e3o<\/h2>\n<p>Os dois dias de atra\u00e7\u00e3o v\u00e3o servir tamb\u00e9m para reivindica\u00e7\u00e3o. Os organizadores v\u00e3o coletar nomes para o abaixo-assinado da campanha Restauro J\u00e1, que cobra do governo do estado o compromisso assumido de criar o Centro de Refer\u00eancia da Cultura Viva dos Povos Ind\u00edgenas, onde ficava a Aldeia Maracan\u00e3.<\/p>\n<p>A <a href=\"https:\/\/agenciabrasil.ebc.com.br\/direitos-humanos\/noticia\/2017-04\/aldeia-maracana-mantem-tradicoes-indigenas-e-cobra-reconhecimento\" rel=\"noopener\">Aldeia Maracan\u00e3<\/a> ocupava um terreno e um pr\u00e9dio hist\u00f3rico que ficam ao lado do est\u00e1dio hom\u00f4nimo, na zona norte do Rio de Janeiro.<\/p>\n<p>Em 2013, ind\u00edgenas\u00a0de v\u00e1rias etnias\u00a0foram retirados do local, por ordem da Justi\u00e7a, em um processo de reintegra\u00e7\u00e3o de posse movido pelo governo estadual.<\/p>\n<p>No ano seguinte, depois de terem passado por um abrigo provis\u00f3rio, eles foram instalados em um conjunto habitacional, quando fundaram a Associa\u00e7\u00e3o Ind\u00edgena Aldeia Maracan\u00e3. S\u00e3o 350 ind\u00edgenas de dezenas de etnias de todo o pa\u00eds.<\/p>\n<p>A <strong>Ag\u00eancia Brasil <\/strong>pediu ao governo do estado coment\u00e1rios sobre a reivindica\u00e7\u00e3o dos ind\u00edgenas, mas n\u00e3o obteve resposta at\u00e9 a conclus\u00e3o da reportagem.<\/p>\n<h2>Popula\u00e7\u00e3o ind\u00edgena<\/h2>\n<p>De acordo com o Censo 2022 do Instituto Brasileiro de Geografia e Estat\u00edstica (IBGE), o Brasil tem cerca de 1,69 milh\u00e3o de ind\u00edgenas. Eles representam 0,83% da popula\u00e7\u00e3o.<\/p>\n<p>Pouco mais da metade (51%) vive em cidades da Amaz\u00f4nia Legal, que abrange os estados do Acre, Amazonas, Roraima, Amap\u00e1, Par\u00e1, Tocantins, Rond\u00f4nia, Mato Grosso e parte do Maranh\u00e3o. No estado do Rio de Janeiro, s\u00e3o 16.994.<\/p>\n<p>Atualmente, 274 idiomas ind\u00edgenas s\u00e3o falados no Brasil.<\/p>\n<h2>Servi\u00e7o<\/h2>\n<p>Dia dos Povos Ind\u00edgenas no Museu da Rep\u00fablica.<\/p>\n<p>Dias 20 e 21 de abril, das 9h \u00e0s 17h.<\/p>\n<p>Museu da Rep\u00fablica: Rua do Catete, 153, Catete &#8211; Rio de Janeiro.<\/p>\n<p>Entrada gratuita.<\/p>\n<\/p><\/div>\n<p><br \/>\n<br \/><a href=\"https:\/\/agenciabrasil.ebc.com.br\/geral\/noticia\/2024-04\/feira-aberta-ao-publico-reune-mais-de-30-etnias-indigenas\" rel=\"noopener\">Ag\u00eancia Brasil<\/a><\/p>\n","protected":false},"excerpt":{"rendered":"<p>Mais de 300 ind\u00edgenas v\u00e3o ocupar os amplos jardins do Museu da Rep\u00fablica, no Catete, zona sul do Rio de Janeiro, neste s\u00e1bado (20) e domingo (21). Eles representam mais de 30 etnias do estado que participam de um evento aberto ao p\u00fablico. Ser\u00e3o realizadas atividades culturais como dan\u00e7as e cantos tradicionais dos povos origin\u00e1rios, [&hellip;]<\/p>\n","protected":false},"author":1,"featured_media":2176,"comment_status":"open","ping_status":"open","sticky":false,"template":"","format":"standard","meta":{"_jetpack_newsletter_access":"","_jetpack_dont_email_post_to_subs":false,"_jetpack_newsletter_tier_id":0,"_jetpack_memberships_contains_paywalled_content":false,"_mbp_banners":[],"_jetpack_feature_clip_id":0,"_jetpack_memberships_contains_paid_content":false,"footnotes":"","jetpack_publicize_message":"","jetpack_publicize_feature_enabled":true,"jetpack_social_post_already_shared":true,"jetpack_social_options":{"image_generator_settings":{"template":"highway","default_image_id":0,"font":"","enabled":false},"version":2},"jetpack_post_was_ever_published":false},"categories":[1],"tags":[],"class_list":["post-2175","post","type-post","status-publish","format-standard","has-post-thumbnail","category-geral"],"jetpack_publicize_connections":[],"jetpack-related-posts":[],"jetpack_shortlink":"https:\/\/wp.me\/p7Eq1F-z5","jetpack_sharing_enabled":true,"jetpack_featured_media_url":"https:\/\/i0.wp.com\/guialimeira.com.br\/news\/wp-content\/uploads\/2024\/04\/evento_reune_diversas_etnias_no_rio_de_janeiro_-_divulgacao_aiam_fotos_paulo_barros_7.jpg?fit=1600%2C800&ssl=1","_links":{"self":[{"href":"https:\/\/guialimeira.com.br\/news\/wp-json\/wp\/v2\/posts\/2175","targetHints":{"allow":["GET"]}}],"collection":[{"href":"https:\/\/guialimeira.com.br\/news\/wp-json\/wp\/v2\/posts"}],"about":[{"href":"https:\/\/guialimeira.com.br\/news\/wp-json\/wp\/v2\/types\/post"}],"author":[{"embeddable":true,"href":"https:\/\/guialimeira.com.br\/news\/wp-json\/wp\/v2\/users\/1"}],"replies":[{"embeddable":true,"href":"https:\/\/guialimeira.com.br\/news\/wp-json\/wp\/v2\/comments?post=2175"}],"version-history":[{"count":0,"href":"https:\/\/guialimeira.com.br\/news\/wp-json\/wp\/v2\/posts\/2175\/revisions"}],"wp:featuredmedia":[{"embeddable":true,"href":"https:\/\/guialimeira.com.br\/news\/wp-json\/wp\/v2\/media\/2176"}],"wp:attachment":[{"href":"https:\/\/guialimeira.com.br\/news\/wp-json\/wp\/v2\/media?parent=2175"}],"wp:term":[{"taxonomy":"category","embeddable":true,"href":"https:\/\/guialimeira.com.br\/news\/wp-json\/wp\/v2\/categories?post=2175"},{"taxonomy":"post_tag","embeddable":true,"href":"https:\/\/guialimeira.com.br\/news\/wp-json\/wp\/v2\/tags?post=2175"}],"curies":[{"name":"wp","href":"https:\/\/api.w.org\/{rel}","templated":true}]}}