{"id":21711,"date":"2025-01-25T11:13:07","date_gmt":"2025-01-25T14:13:07","guid":{"rendered":"https:\/\/guialimeira.com.br\/2025\/01\/25\/ministerios-firmam-acordo-de-politica-para-pessoas-com-deficiencia\/"},"modified":"2025-01-25T11:13:07","modified_gmt":"2025-01-25T14:13:07","slug":"ministerios-firmam-acordo-de-politica-para-pessoas-com-deficiencia","status":"publish","type":"post","link":"https:\/\/guialimeira.com.br\/news\/ministerios-firmam-acordo-de-politica-para-pessoas-com-deficiencia\/","title":{"rendered":"Minist\u00e9rios firmam acordo de pol\u00edtica para pessoas com defici\u00eancia"},"content":{"rendered":"<p> <br \/>\n<\/p>\n<div>\n<p>O Minist\u00e9rio da Sa\u00fade e o Minist\u00e9rio do Esporte firmaram acordo de coopera\u00e7\u00e3o t\u00e9cnica para promover pol\u00edticas p\u00fablicas integradas destinadas a pessoas com defici\u00eancia, incluindo transtorno do espectro do autismo (TEA).<img data-recalc-dims=\"1\" decoding=\"async\" src=\"https:\/\/i0.wp.com\/agenciabrasil.ebc.com.br\/ebc.png?w=696&#038;ssl=1\" style=\"width:1px; height:1px; display:inline;\"\/><img data-recalc-dims=\"1\" decoding=\"async\" src=\"https:\/\/i0.wp.com\/agenciabrasil.ebc.com.br\/ebc.gif?w=696&#038;ssl=1\" style=\"width:1px; height:1px; display:inline;\"\/><\/p>\n<p>Em nota, o Minist\u00e9rio da Sa\u00fade informou que a proposta \u00e9 implementar a pr\u00e1tica do paradesporto em centros especializados em reabilita\u00e7\u00e3o da Rede de Cuidados \u00e0 Pessoa com Defici\u00eancia.<\/p>\n<p>\u201cA iniciativa busca fortalecer os cuidados intersetoriais, promovendo o interc\u00e2mbio de programas, conhecimentos e experi\u00eancias, al\u00e9m de ampliar a coopera\u00e7\u00e3o t\u00e9cnico-cient\u00edfica entre os dois minist\u00e9rios. O acordo reafirma o compromisso do Brasil com a inclus\u00e3o social, a promo\u00e7\u00e3o dos direitos humanos e a melhoria da qualidade de vida das pessoas com defici\u00eancia. A pr\u00e1tica esportiva ocupa um lugar central nesse esfor\u00e7o\u201d, diz o Minist\u00e9rio da Sa\u00fade.\u00a0<\/p>\n<p>O comunicado destaca ainda outras frentes para amplia\u00e7\u00e3o e manuten\u00e7\u00e3o da Rede de Cuidados \u00e0 Pessoa com Defici\u00eancia dentro do Sistema \u00danico de Sa\u00fade (SUS). O novo Programa de Acelera\u00e7\u00e3o do Crescimento (PAC) prev\u00ea a constru\u00e7\u00e3o de novos centros especializados de reabilita\u00e7\u00e3o (CER) e de novas oficinas ortop\u00e9dicas. O objetivo \u00e9 cobrir vazios assistenciais desse tipo de servi\u00e7o no pa\u00eds.<\/p>\n<h2>A\u00e7\u00f5es previstas<\/h2>\n<p>No que diz respeito ao Minist\u00e9rio do Esporte, o acordo define como responsabilidades da Secretaria Nacional do Paradesporto:<\/p>\n<p>&#8211; promover e fortalecer a\u00e7\u00f5es e programas paradesportivos, especialmente no \u00e2mbito do Programa TEAtivo;<\/p>\n<p>&#8211; fomentar o avan\u00e7o cient\u00edfico e tecnol\u00f3gico relacionado \u00e0 atividade f\u00edsica para pessoas com defici\u00eancia;<\/p>\n<p>&#8211; compartilhar informa\u00e7\u00f5es sobre pol\u00edticas p\u00fablicas paradesportivas;<\/p>\n<p>&#8211; e cooperar na gera\u00e7\u00e3o e difus\u00e3o de conhecimentos t\u00e9cnico-cient\u00edficos.<\/p>\n<h2>Responsabilidades<\/h2>\n<p>Para o Minist\u00e9rio da Sa\u00fade, o acordo define como responsabilidades da Secretaria de Aten\u00e7\u00e3o Especializada \u00e0 Sa\u00fade a\u00e7\u00f5es como:<\/p>\n<p>&#8211; atuar na intermedia\u00e7\u00e3o de parcerias com outros \u00f3rg\u00e3os governamentais que possam contribuir com a\u00e7\u00f5es relacionadas;<\/p>\n<p>&#8211; cooperar na gera\u00e7\u00e3o e difus\u00e3o de conhecimentos t\u00e9cnico-cient\u00edficos relacionados ao tema;<\/p>\n<p>&#8211; compartilhar informa\u00e7\u00f5es sobre pol\u00edticas p\u00fablicas de sa\u00fade destinadas a pessoas com defici\u00eancia, observados os limites do disposto na Lei Geral de Prote\u00e7\u00e3o de Dados;<\/p>\n<p>&#8211; colaborar para a divulga\u00e7\u00e3o e a conscientiza\u00e7\u00e3o do p\u00fablico envolvido para o alcance dos resultados esperados de a\u00e7\u00f5es, projetos e programas previstos.<\/p>\n<p>      <!-- Relacionada --><\/p>\n<p>            <!-- Relacionada -->\n    <\/div>\n<p><br \/>\n<br \/><a href=\"https:\/\/agenciabrasil.ebc.com.br\/saude\/noticia\/2025-01\/ministerios-firmam-acordo-de-politica-para-pessoas-com-deficiencia\" rel=\"noopener\">Ag\u00eancia Brasil <\/a><\/p>\n","protected":false},"excerpt":{"rendered":"<p>O Minist\u00e9rio da Sa\u00fade e o Minist\u00e9rio do Esporte firmaram acordo de coopera\u00e7\u00e3o t\u00e9cnica para promover pol\u00edticas p\u00fablicas integradas destinadas a pessoas com defici\u00eancia, incluindo transtorno do espectro do autismo (TEA). Em nota, o Minist\u00e9rio da Sa\u00fade informou que a proposta \u00e9 implementar a pr\u00e1tica do paradesporto em centros especializados em reabilita\u00e7\u00e3o da Rede de [&hellip;]<\/p>\n","protected":false},"author":1,"featured_media":21712,"comment_status":"open","ping_status":"open","sticky":false,"template":"","format":"standard","meta":{"_jetpack_newsletter_access":"","_jetpack_dont_email_post_to_subs":false,"_jetpack_newsletter_tier_id":0,"_jetpack_memberships_contains_paywalled_content":false,"_mbp_banners":[],"_jetpack_feature_clip_id":0,"_jetpack_memberships_contains_paid_content":false,"footnotes":"","jetpack_publicize_message":"","jetpack_publicize_feature_enabled":true,"jetpack_social_post_already_shared":true,"jetpack_social_options":{"image_generator_settings":{"template":"highway","default_image_id":0,"font":"","enabled":false},"version":2},"jetpack_post_was_ever_published":false},"categories":[15],"tags":[],"class_list":["post-21711","post","type-post","status-publish","format-standard","has-post-thumbnail","category-saude"],"jetpack_publicize_connections":[],"jetpack-related-posts":[],"jetpack_shortlink":"https:\/\/wp.me\/p7Eq1F-5Eb","jetpack_sharing_enabled":true,"jetpack_featured_media_url":"https:\/\/i0.wp.com\/guialimeira.com.br\/news\/wp-content\/uploads\/2025\/01\/parada_pcd_07.jpg?fit=1600%2C800&ssl=1","_links":{"self":[{"href":"https:\/\/guialimeira.com.br\/news\/wp-json\/wp\/v2\/posts\/21711","targetHints":{"allow":["GET"]}}],"collection":[{"href":"https:\/\/guialimeira.com.br\/news\/wp-json\/wp\/v2\/posts"}],"about":[{"href":"https:\/\/guialimeira.com.br\/news\/wp-json\/wp\/v2\/types\/post"}],"author":[{"embeddable":true,"href":"https:\/\/guialimeira.com.br\/news\/wp-json\/wp\/v2\/users\/1"}],"replies":[{"embeddable":true,"href":"https:\/\/guialimeira.com.br\/news\/wp-json\/wp\/v2\/comments?post=21711"}],"version-history":[{"count":0,"href":"https:\/\/guialimeira.com.br\/news\/wp-json\/wp\/v2\/posts\/21711\/revisions"}],"wp:featuredmedia":[{"embeddable":true,"href":"https:\/\/guialimeira.com.br\/news\/wp-json\/wp\/v2\/media\/21712"}],"wp:attachment":[{"href":"https:\/\/guialimeira.com.br\/news\/wp-json\/wp\/v2\/media?parent=21711"}],"wp:term":[{"taxonomy":"category","embeddable":true,"href":"https:\/\/guialimeira.com.br\/news\/wp-json\/wp\/v2\/categories?post=21711"},{"taxonomy":"post_tag","embeddable":true,"href":"https:\/\/guialimeira.com.br\/news\/wp-json\/wp\/v2\/tags?post=21711"}],"curies":[{"name":"wp","href":"https:\/\/api.w.org\/{rel}","templated":true}]}}