{"id":21680,"date":"2025-01-24T22:13:49","date_gmt":"2025-01-25T01:13:49","guid":{"rendered":"https:\/\/guialimeira.com.br\/2025\/01\/24\/azul-suspende-operacao-em-12-cidades-brasileiras\/"},"modified":"2025-01-24T22:13:49","modified_gmt":"2025-01-25T01:13:49","slug":"azul-suspende-operacao-em-12-cidades-brasileiras","status":"publish","type":"post","link":"https:\/\/guialimeira.com.br\/news\/azul-suspende-operacao-em-12-cidades-brasileiras\/","title":{"rendered":"Azul suspende opera\u00e7\u00e3o em 12 cidades brasileiras"},"content":{"rendered":"<p> <br \/>\n<\/p>\n<div>\n<p>A companhia a\u00e9rea Azul informou nesta sexta-feira (24) a suspens\u00e3o total de suas opera\u00e7\u00f5es em 12 cidades brasileiras a partir do dia 10 de mar\u00e7o. Os voos ser\u00e3o encerrados em Campos e Cabo Frio (RJ); Correia Pinto (SC); Crate\u00fas, S\u00e3o Benedito, Sobral e Iguat\u00fa (CE); Mossor\u00f3 (RN); S\u00e3o Raimundo Nonato e Parna\u00edba (PI); Rio Verde (GO); e Barreirinha (MA).<img data-recalc-dims=\"1\" decoding=\"async\" src=\"https:\/\/i0.wp.com\/agenciabrasil.ebc.com.br\/ebc.png?w=696&#038;ssl=1\" style=\"width:1px; height:1px; display:inline;\"\/><img data-recalc-dims=\"1\" decoding=\"async\" src=\"https:\/\/i0.wp.com\/agenciabrasil.ebc.com.br\/ebc.gif?w=696&#038;ssl=1\" style=\"width:1px; height:1px; display:inline;\"\/><\/p>\n<p>A companhia alegou, em nota \u00e0 imprensa, uma s\u00e9rie de fatores, &#8220;que v\u00e3o desde o aumento nos custos operacionais da avia\u00e7\u00e3o, impactados pela crise global na cadeia de suprimentos e a alta do d\u00f3lar, somadas \u00e0s quest\u00f5es de disponibilidade de frota e de ajustes de oferta e demanda&#8221;.<\/p>\n<p>Pelas mesmas raz\u00f5es, haver\u00e1 redu\u00e7\u00e3o de oferta e readequa\u00e7\u00f5es da opera\u00e7\u00e3o da Azul em outras localidades.\u00a0 Os voos para Fernando de Noronha (PE) ser\u00e3o operados somente a partir de Recife. Tamb\u00e9m a partir de 10 de mar\u00e7o, os voos saindo de Juazeiro do Norte (CE) passar\u00e3o a ter como destino o aeroporto de Viracopos, em Campinas (SP), principal hub da companhia. As opera\u00e7\u00f5es no aeroporto de Caruaru (PE) ser\u00e3o readequadas, devido \u00e0 baixa ocupa\u00e7\u00e3o. Segundo a Azul, os voos passar\u00e3o a ser realizados por aeronaves Cessna Grand Caravan, com capacidade para nove clientes.<\/p>\n<p>&#8220;As mudan\u00e7as fazem parte do planejamento operacional da Companhia, e os Clientes impactados est\u00e3o sendo comunicados previamente e receber\u00e3o a assist\u00eancia necess\u00e1ria, conforme prev\u00ea a resolu\u00e7\u00e3o 400 da Ag\u00eancia Nacional de Avia\u00e7\u00e3o Civil (Anac)&#8221;.<\/p>\n<p>Na semana passada, a Azul e a Abras, dona da Gol, outra companhia a\u00e9rea nacional, <a href=\"https:\/\/agenciabrasil.ebc.com.br\/economia\/noticia\/2025-01\/azul-e-gol-assinam-acordo-para-avaliar-fusao-entre-aereas\" rel=\"noopener\">assinaram um memorando de entendimento<\/a> para iniciar as negocia\u00e7\u00f5es para uma fus\u00e3o. Caso a uni\u00e3o se concretize, a nova empresa concentrar\u00e1 60% do mercado a\u00e9reo no pa\u00eds.\u00a0\u00a0<\/p>\n<p>      <!-- Relacionada --><\/p>\n<p>            <!-- Relacionada -->\n    <\/div>\n<p><br \/>\n<br \/><a href=\"https:\/\/agenciabrasil.ebc.com.br\/economia\/noticia\/2025-01\/azul-suspende-operacao-em-12-cidades-brasileiras\" rel=\"noopener\">Ag\u00eancia Brasil<\/a><\/p>\n","protected":false},"excerpt":{"rendered":"<p>A companhia a\u00e9rea Azul informou nesta sexta-feira (24) a suspens\u00e3o total de suas opera\u00e7\u00f5es em 12 cidades brasileiras a partir do dia 10 de mar\u00e7o. Os voos ser\u00e3o encerrados em Campos e Cabo Frio (RJ); Correia Pinto (SC); Crate\u00fas, S\u00e3o Benedito, Sobral e Iguat\u00fa (CE); Mossor\u00f3 (RN); S\u00e3o Raimundo Nonato e Parna\u00edba (PI); Rio Verde [&hellip;]<\/p>\n","protected":false},"author":1,"featured_media":21681,"comment_status":"open","ping_status":"open","sticky":false,"template":"","format":"standard","meta":{"_jetpack_newsletter_access":"","_jetpack_dont_email_post_to_subs":false,"_jetpack_newsletter_tier_id":0,"_jetpack_memberships_contains_paywalled_content":false,"_mbp_banners":[],"_jetpack_feature_clip_id":0,"_jetpack_memberships_contains_paid_content":false,"footnotes":"","jetpack_publicize_message":"","jetpack_publicize_feature_enabled":true,"jetpack_social_post_already_shared":true,"jetpack_social_options":{"image_generator_settings":{"template":"highway","default_image_id":0,"font":"","enabled":false},"version":2},"jetpack_post_was_ever_published":false},"categories":[24],"tags":[],"class_list":["post-21680","post","type-post","status-publish","format-standard","has-post-thumbnail","category-economia"],"jetpack_publicize_connections":[],"jetpack-related-posts":[],"jetpack_shortlink":"https:\/\/wp.me\/p7Eq1F-5DG","jetpack_sharing_enabled":true,"jetpack_featured_media_url":"https:\/\/i0.wp.com\/guialimeira.com.br\/news\/wp-content\/uploads\/2025\/01\/vac_abr_161019910.jpg?fit=1600%2C800&ssl=1","_links":{"self":[{"href":"https:\/\/guialimeira.com.br\/news\/wp-json\/wp\/v2\/posts\/21680","targetHints":{"allow":["GET"]}}],"collection":[{"href":"https:\/\/guialimeira.com.br\/news\/wp-json\/wp\/v2\/posts"}],"about":[{"href":"https:\/\/guialimeira.com.br\/news\/wp-json\/wp\/v2\/types\/post"}],"author":[{"embeddable":true,"href":"https:\/\/guialimeira.com.br\/news\/wp-json\/wp\/v2\/users\/1"}],"replies":[{"embeddable":true,"href":"https:\/\/guialimeira.com.br\/news\/wp-json\/wp\/v2\/comments?post=21680"}],"version-history":[{"count":0,"href":"https:\/\/guialimeira.com.br\/news\/wp-json\/wp\/v2\/posts\/21680\/revisions"}],"wp:featuredmedia":[{"embeddable":true,"href":"https:\/\/guialimeira.com.br\/news\/wp-json\/wp\/v2\/media\/21681"}],"wp:attachment":[{"href":"https:\/\/guialimeira.com.br\/news\/wp-json\/wp\/v2\/media?parent=21680"}],"wp:term":[{"taxonomy":"category","embeddable":true,"href":"https:\/\/guialimeira.com.br\/news\/wp-json\/wp\/v2\/categories?post=21680"},{"taxonomy":"post_tag","embeddable":true,"href":"https:\/\/guialimeira.com.br\/news\/wp-json\/wp\/v2\/tags?post=21680"}],"curies":[{"name":"wp","href":"https:\/\/api.w.org\/{rel}","templated":true}]}}