{"id":21669,"date":"2025-01-24T20:11:56","date_gmt":"2025-01-24T23:11:56","guid":{"rendered":"https:\/\/guialimeira.com.br\/2025\/01\/24\/dolar-cai-para-r-591-e-registra-maior-queda-semanal-desde-agosto\/"},"modified":"2025-01-24T20:11:56","modified_gmt":"2025-01-24T23:11:56","slug":"dolar-cai-para-r-591-e-registra-maior-queda-semanal-desde-agosto","status":"publish","type":"post","link":"https:\/\/guialimeira.com.br\/news\/dolar-cai-para-r-591-e-registra-maior-queda-semanal-desde-agosto\/","title":{"rendered":"D\u00f3lar cai para R$ 5,91 e registra maior queda semanal desde agosto"},"content":{"rendered":"<p> <br \/>\n<\/p>\n<div>\n<p>Em mais um dia de al\u00edvio no mercado financeiro, o d\u00f3lar caiu pela quinta vez seguida e teve o maior recuo semanal desde agosto. A bolsa de valores alternou altas e baixas, mas fechou est\u00e1vel ap\u00f3s a divulga\u00e7\u00e3o da pr\u00e9via da infla\u00e7\u00e3o de janeiro.<img data-recalc-dims=\"1\" decoding=\"async\" src=\"https:\/\/i0.wp.com\/agenciabrasil.ebc.com.br\/ebc.png?w=696&#038;ssl=1\" style=\"width:1px; height:1px; display:inline;\"\/><img data-recalc-dims=\"1\" decoding=\"async\" src=\"https:\/\/i0.wp.com\/agenciabrasil.ebc.com.br\/ebc.gif?w=696&#038;ssl=1\" style=\"width:1px; height:1px; display:inline;\"\/><\/p>\n<p>O d\u00f3lar comercial encerrou esta sexta-feira (24) vendido a R$ 5,918, com queda de R$ 0,008 (-0,13%). A cota\u00e7\u00e3o caiu at\u00e9 o in\u00edcio da tarde, quando chegou a R$ 5,86 por volta das 14h, mas diminuiu a queda a partir desse hor\u00e1rio, com investidores aproveitando o pre\u00e7o baixo para comprar d\u00f3lares. Perto do fim da sess\u00e3o, o c\u00e2mbio fechou pr\u00f3ximo da estabilidade.<\/p>\n<p>A moeda norte-americana est\u00e1 no menor n\u00edvel desde 27 de novembro. A divisa caiu 2,42% na semana, o maior recuo para cinco dias \u00fateis desde a semana encerrada em 9 de agosto.<\/p>\n<p>O mercado de a\u00e7\u00f5es teve um dia mais vol\u00e1til. O \u00edndice Ibovespa, da B3, fechou aos 122.447 pontos, com queda de apenas 0,03%. O indicador mudou de dire\u00e7\u00e3o diversas vezes ao longo do dia, mas encerrou em terreno negativo com a alta dos juros no mercado futuro.<\/p>\n<p>Tanto fatores dom\u00e9sticos como internacionais influenciaram o mercado nesta sexta. No cen\u00e1rio interno, a divulga\u00e7\u00e3o de que o \u00cdndice Nacional de Pre\u00e7os ao Consumidor Amplo-15 (IPCA-15) <a href=\"https:\/\/agenciabrasil.ebc.com.br\/economia\/noticia\/2025-01\/previa-da-inflacao-desacelera-e-fica-em-011-em-janeiro-diz-ibge\" target=\"_blank\" rel=\"noopener\">desacelerou para 0,11%<\/a> em janeiro provocou a queda da bolsa.<\/p>\n<p>Apesar de a pr\u00e9via da infla\u00e7\u00e3o oficial ter registrado o menor n\u00edvel para meses de janeiro desde a cria\u00e7\u00e3o do real, o \u00edndice veio acima das expectativas, com as institui\u00e7\u00f5es financeiras esperando infla\u00e7\u00e3o zero para o m\u00eas. Isso aumentou as chances de o Banco Central (BC) aumentar a taxa Selic (juros b\u00e1sicos da economia) al\u00e9m do previsto, o que desestimula investimentos na bolsa de valores.<\/p>\n<p>No cen\u00e1rio internacional, no entanto, o d\u00f3lar caiu em todo o planeta ap\u00f3s o novo presidente norte-americano, Donald Trump, anunciar a possibilidade de um acordo comercial com a China ap\u00f3s uma conversa com o presidente chin\u00eas, Xi Jingping. A revela\u00e7\u00e3o, feita em entrevista \u00e0 emissora americana Fox News, acalmou o mercado global, ao reduzir a chance de tarifa\u00e7o do novo governo dos Estados Unidos.<\/p>\n<p><em>*Com informa\u00e7\u00f5es da Reuters<\/em><\/p>\n<p>      <!-- Relacionada --><\/p>\n<p>            <!-- Relacionada -->\n    <\/div>\n<p><br \/>\n<br \/><a href=\"https:\/\/agenciabrasil.ebc.com.br\/economia\/noticia\/2025-01\/dolar-cai-para-r-591-e-registra-maior-queda-semanal-desde-agosto\" rel=\"noopener\">Ag\u00eancia Brasil<\/a><\/p>\n","protected":false},"excerpt":{"rendered":"<p>Em mais um dia de al\u00edvio no mercado financeiro, o d\u00f3lar caiu pela quinta vez seguida e teve o maior recuo semanal desde agosto. A bolsa de valores alternou altas e baixas, mas fechou est\u00e1vel ap\u00f3s a divulga\u00e7\u00e3o da pr\u00e9via da infla\u00e7\u00e3o de janeiro. O d\u00f3lar comercial encerrou esta sexta-feira (24) vendido a R$ 5,918, [&hellip;]<\/p>\n","protected":false},"author":1,"featured_media":1339,"comment_status":"open","ping_status":"open","sticky":false,"template":"","format":"standard","meta":{"_jetpack_newsletter_access":"","_jetpack_dont_email_post_to_subs":false,"_jetpack_newsletter_tier_id":0,"_jetpack_memberships_contains_paywalled_content":false,"_mbp_banners":[],"_jetpack_feature_clip_id":0,"_jetpack_memberships_contains_paid_content":false,"footnotes":"","jetpack_publicize_message":"","jetpack_publicize_feature_enabled":true,"jetpack_social_post_already_shared":true,"jetpack_social_options":{"image_generator_settings":{"template":"highway","default_image_id":0,"font":"","enabled":false},"version":2},"jetpack_post_was_ever_published":false},"categories":[24],"tags":[],"class_list":["post-21669","post","type-post","status-publish","format-standard","has-post-thumbnail","category-economia"],"jetpack_publicize_connections":[],"jetpack-related-posts":[],"jetpack_shortlink":"https:\/\/wp.me\/p7Eq1F-5Dv","jetpack_sharing_enabled":true,"jetpack_featured_media_url":"https:\/\/i0.wp.com\/guialimeira.com.br\/news\/wp-content\/uploads\/2024\/04\/2022-02-10t121137z_1_lynxmpei190mo_rtroptp_4_dolar-abre.jpg?fit=1600%2C800&ssl=1","_links":{"self":[{"href":"https:\/\/guialimeira.com.br\/news\/wp-json\/wp\/v2\/posts\/21669","targetHints":{"allow":["GET"]}}],"collection":[{"href":"https:\/\/guialimeira.com.br\/news\/wp-json\/wp\/v2\/posts"}],"about":[{"href":"https:\/\/guialimeira.com.br\/news\/wp-json\/wp\/v2\/types\/post"}],"author":[{"embeddable":true,"href":"https:\/\/guialimeira.com.br\/news\/wp-json\/wp\/v2\/users\/1"}],"replies":[{"embeddable":true,"href":"https:\/\/guialimeira.com.br\/news\/wp-json\/wp\/v2\/comments?post=21669"}],"version-history":[{"count":0,"href":"https:\/\/guialimeira.com.br\/news\/wp-json\/wp\/v2\/posts\/21669\/revisions"}],"wp:featuredmedia":[{"embeddable":true,"href":"https:\/\/guialimeira.com.br\/news\/wp-json\/wp\/v2\/media\/1339"}],"wp:attachment":[{"href":"https:\/\/guialimeira.com.br\/news\/wp-json\/wp\/v2\/media?parent=21669"}],"wp:term":[{"taxonomy":"category","embeddable":true,"href":"https:\/\/guialimeira.com.br\/news\/wp-json\/wp\/v2\/categories?post=21669"},{"taxonomy":"post_tag","embeddable":true,"href":"https:\/\/guialimeira.com.br\/news\/wp-json\/wp\/v2\/tags?post=21669"}],"curies":[{"name":"wp","href":"https:\/\/api.w.org\/{rel}","templated":true}]}}