{"id":21660,"date":"2025-01-24T19:10:48","date_gmt":"2025-01-24T22:10:48","guid":{"rendered":"https:\/\/guialimeira.com.br\/2025\/01\/24\/entenda-o-que-e-o-bonus-na-conta-de-luz-que-ajudou-segurar-a-inflacao\/"},"modified":"2025-01-24T19:10:48","modified_gmt":"2025-01-24T22:10:48","slug":"entenda-o-que-e-o-bonus-na-conta-de-luz-que-ajudou-segurar-a-inflacao","status":"publish","type":"post","link":"https:\/\/guialimeira.com.br\/news\/entenda-o-que-e-o-bonus-na-conta-de-luz-que-ajudou-segurar-a-inflacao\/","title":{"rendered":"Entenda o que \u00e9 o b\u00f4nus na conta de luz que ajudou segurar a infla\u00e7\u00e3o"},"content":{"rendered":"<p> <br \/>\n<\/p>\n<div>\n<p>A <a href=\"https:\/\/agenciabrasil.ebc.com.br\/economia\/noticia\/2025-01\/previa-da-inflacao-desacelera-e-fica-em-011-em-janeiro-diz-ibge\" rel=\"noopener\">pr\u00e9via da infla\u00e7\u00e3o oficial de janeiro<\/a> apurada pelo \u00cdndice Nacional de Pre\u00e7os ao Consumidor Amplo 15 (IPCA-15) ficou em 0,11%.\u00a0O dado foi divulgado nesta sexta-feira (24) pelo Instituto Brasileiro de Geografia e Estat\u00edstica (IBGE) e representa o menor valor mensal desde julho de 2023, quando houve infla\u00e7\u00e3o negativa (-0,07).<img data-recalc-dims=\"1\" decoding=\"async\" src=\"https:\/\/i0.wp.com\/agenciabrasil.ebc.com.br\/ebc.png?w=696&#038;ssl=1\" style=\"width:1px; height:1px; display:inline;\"\/><img data-recalc-dims=\"1\" decoding=\"async\" src=\"https:\/\/i0.wp.com\/agenciabrasil.ebc.com.br\/ebc.gif?w=696&#038;ssl=1\" style=\"width:1px; height:1px; display:inline;\"\/><\/p>\n<p>A taxa \u00e9 tamb\u00e9m a menor para um m\u00eas de janeiro de todo o plano Real, iniciado em 1994. Os pesquisadores do IBGE identificaram que o custo de vida no m\u00eas foi puxado para cima por itens ligados aos grupos de alimentos e bebidas (1,06%) e transportes (1,01%).<\/p>\n<p>No entanto, o item que mais impactou o IPCA-15 individualmente foi a conta de luz, que regrediu 15,46%, ajudando a segurar a infla\u00e7\u00e3o. Essa varia\u00e7\u00e3o significou diminui\u00e7\u00e3o de 0,6 ponto percentual no IPCA-15.<\/p>\n<h2>B\u00f4nus de Itaipu<\/h2>\n<p>A explica\u00e7\u00e3o para esse al\u00edvio no custo da conta de luz \u00e9 o chamado B\u00f4nus de Itaipu, que beneficiou em janeiro mais de 78,3 milh\u00f5es de consumidores. Isso representa 97% do total de unidades residenciais e rurais no pa\u00eds em 31 de dezembro de 2023.<\/p>\n<p>Esses clientes de companhias el\u00e9tricas recebem na conta deste m\u00eas descontos na tarifa de energia.\u00a0<\/p>\n<p>No total, o valor do desconto chega a R$ 1,3 bilh\u00e3o. Esse dinheiro representa o saldo positivo na Conta de Comercializa\u00e7\u00e3o de Energia El\u00e9trica da Itaipu, a Conta Itaipu. Esse dinheiro \u00e9 arrecadado pela Itaipu Binacional, que gera energia a partir da usina localizada na fronteira entre o Brasil e o Paraguai, ao longo do rio Paran\u00e1.<\/p>\n<p>Recebem esse dinheiro rateado em forma de descontos os consumidores brasileiros residenciais e rurais que tiveram consumo inferior a 350 quilowatts-hora (kWh) em ao menos um m\u00eas de 2023.<\/p>\n<h2>C\u00e1lculo\u00a0<\/h2>\n<p>A Tarifa-B\u00f4nus de Itaipu referente a 2023 foi aprovada pela Ag\u00eancia Nacional de Energia El\u00e9trica (Aneel) com o valor de R$ 0,011648844 por kWh.<\/p>\n<p>Para entender quanto vai receber, o consumidor deve multiplicar o valor da Tarifa-B\u00f4nus pelo quantitativo em kWh informado na fatura de energia em cada m\u00eas de 2023 em que o consumo tenha sido inferior a 350 kWh \u2013 o valor do b\u00f4nus para o consumidor ser\u00e1 a soma desses resultados mensais.<\/p>\n<p>Exemplo, se uma fam\u00edlia consumiu exatamente 100 kWh por m\u00eas nos 12 meses do ano, o c\u00e1lculo ser\u00e1 de R$ 0,011648844 (tarifa-b\u00f4nus) x 100 (consumo mensal em kWh) x 12 (meses), totalizando R$ 13,98.<\/p>\n<p>Como a m\u00e9dia de consumo em 2023 entre os 78,3 milh\u00f5es de unidades beneficiadas foi de 119 kWh por m\u00eas, uma fam\u00edlia com esse consumo receberia o b\u00f4nus de R$ 16,66.<\/p>\n<h2>Discrimina\u00e7\u00e3o na conta<\/h2>\n<p>Para saber se foi beneficiado, o consumidor precisa observar a conta de luz emitida pelas distribuidoras. Est\u00e1 discriminado na aba \u201citens da fatura\u201d, como \u201cb\u00f4nus Itaipu art.21, Lei n. 10438\/02\u201d. No mesmo campo, \u00e9 poss\u00edvel verificar exatamente qual o valor do abatimento.<\/p>\n<p>O diretor-geral brasileiro da Itaipu, Enio Verri, comenta que o al\u00edvio na conta \u00e9 um instrumento a mais de combate \u00e0 infla\u00e7\u00e3o. \u201cO c\u00e1lculo da energia el\u00e9trica entra na cesta b\u00e1sica da infla\u00e7\u00e3o, ou seja, quando baixamos o valor da energia el\u00e9trica, a infla\u00e7\u00e3o baixa tamb\u00e9m, e isso ajuda todo o pa\u00eds\u201d, diz.<\/p>\n<h2>Aprova\u00e7\u00e3o<\/h2>\n<p>A conta Itaipu tem apresentado resultado positivo desde 2018. A distribui\u00e7\u00e3o do saldo aos consumidores \u00e9 uma determina\u00e7\u00e3o do Decreto 11.027\/2022.<\/p>\n<p>A distribui\u00e7\u00e3o do saldo de R$ 1,3 bilh\u00e3o foi aprovada em 26 de novembro de 2024 pela Ag\u00eancia Nacional de Energia El\u00e9trica (Aneel) e anunciada pelo Minist\u00e9rio de Minas e Energia (MME).\u00a0<\/p>\n<p>A decis\u00e3o \u00e9 uma forma de distribuir o lucro de estatais diretamente para a sociedade.<\/p>\n<p>A Empresa Brasileira de Participa\u00e7\u00f5es em Energia Nuclear e Binacional S.A. (ENBPar) \u00e9 a respons\u00e1vel pela gest\u00e3o da Conta de Itaipu e tem a atribui\u00e7\u00e3o de repassar o montante do b\u00f4nus \u00e0s distribuidoras do Sistema Interligado Nacional, para que efetuem o cr\u00e9dito nas faturas dos consumidores.<\/p>\n<p>      <!-- Relacionada --><\/p>\n<p>            <!-- Relacionada -->\n    <\/div>\n<p><br \/>\n<br \/><a href=\"https:\/\/agenciabrasil.ebc.com.br\/economia\/noticia\/2025-01\/saiba-o-que-e-o-bonus-na-conta-de-luz-que-ajudou-a-segurar-inflacao\" rel=\"noopener\">Ag\u00eancia Brasil<\/a><\/p>\n","protected":false},"excerpt":{"rendered":"<p>A pr\u00e9via da infla\u00e7\u00e3o oficial de janeiro apurada pelo \u00cdndice Nacional de Pre\u00e7os ao Consumidor Amplo 15 (IPCA-15) ficou em 0,11%.\u00a0O dado foi divulgado nesta sexta-feira (24) pelo Instituto Brasileiro de Geografia e Estat\u00edstica (IBGE) e representa o menor valor mensal desde julho de 2023, quando houve infla\u00e7\u00e3o negativa (-0,07). A taxa \u00e9 tamb\u00e9m a [&hellip;]<\/p>\n","protected":false},"author":1,"featured_media":21661,"comment_status":"open","ping_status":"open","sticky":false,"template":"","format":"standard","meta":{"_jetpack_newsletter_access":"","_jetpack_dont_email_post_to_subs":false,"_jetpack_newsletter_tier_id":0,"_jetpack_memberships_contains_paywalled_content":false,"_mbp_banners":[],"_jetpack_feature_clip_id":0,"_jetpack_memberships_contains_paid_content":false,"footnotes":"","jetpack_publicize_message":"","jetpack_publicize_feature_enabled":true,"jetpack_social_post_already_shared":true,"jetpack_social_options":{"image_generator_settings":{"template":"highway","default_image_id":0,"font":"","enabled":false},"version":2},"jetpack_post_was_ever_published":false},"categories":[24],"tags":[],"class_list":["post-21660","post","type-post","status-publish","format-standard","has-post-thumbnail","category-economia"],"jetpack_publicize_connections":[],"jetpack-related-posts":[],"jetpack_shortlink":"https:\/\/wp.me\/p7Eq1F-5Dm","jetpack_sharing_enabled":true,"jetpack_featured_media_url":"https:\/\/i0.wp.com\/guialimeira.com.br\/news\/wp-content\/uploads\/2025\/01\/saiba_o_que_e_o_bonus_itaipu.jpg?fit=1600%2C800&ssl=1","_links":{"self":[{"href":"https:\/\/guialimeira.com.br\/news\/wp-json\/wp\/v2\/posts\/21660","targetHints":{"allow":["GET"]}}],"collection":[{"href":"https:\/\/guialimeira.com.br\/news\/wp-json\/wp\/v2\/posts"}],"about":[{"href":"https:\/\/guialimeira.com.br\/news\/wp-json\/wp\/v2\/types\/post"}],"author":[{"embeddable":true,"href":"https:\/\/guialimeira.com.br\/news\/wp-json\/wp\/v2\/users\/1"}],"replies":[{"embeddable":true,"href":"https:\/\/guialimeira.com.br\/news\/wp-json\/wp\/v2\/comments?post=21660"}],"version-history":[{"count":0,"href":"https:\/\/guialimeira.com.br\/news\/wp-json\/wp\/v2\/posts\/21660\/revisions"}],"wp:featuredmedia":[{"embeddable":true,"href":"https:\/\/guialimeira.com.br\/news\/wp-json\/wp\/v2\/media\/21661"}],"wp:attachment":[{"href":"https:\/\/guialimeira.com.br\/news\/wp-json\/wp\/v2\/media?parent=21660"}],"wp:term":[{"taxonomy":"category","embeddable":true,"href":"https:\/\/guialimeira.com.br\/news\/wp-json\/wp\/v2\/categories?post=21660"},{"taxonomy":"post_tag","embeddable":true,"href":"https:\/\/guialimeira.com.br\/news\/wp-json\/wp\/v2\/tags?post=21660"}],"curies":[{"name":"wp","href":"https:\/\/api.w.org\/{rel}","templated":true}]}}