{"id":21628,"date":"2025-01-24T16:55:25","date_gmt":"2025-01-24T19:55:25","guid":{"rendered":"https:\/\/guialimeira.com.br\/2025\/01\/24\/sociedade-medica-alerta-para-baixa-procura-da-vacina-contra-a-dengue\/"},"modified":"2025-01-24T16:55:25","modified_gmt":"2025-01-24T19:55:25","slug":"sociedade-medica-alerta-para-baixa-procura-da-vacina-contra-a-dengue","status":"publish","type":"post","link":"https:\/\/guialimeira.com.br\/news\/sociedade-medica-alerta-para-baixa-procura-da-vacina-contra-a-dengue\/","title":{"rendered":"Sociedade m\u00e9dica alerta para baixa procura da vacina contra a dengue"},"content":{"rendered":"<p> <br \/>\n<\/p>\n<div>\n<p>A Sociedade Brasileira de Imuniza\u00e7\u00f5es (SBIm) emitiu um alerta nesta sexta-feira (24) sobre a baixa procura por vacina contra a dengue. O imunizante est\u00e1 dispon\u00edvel para um grupo restrito de pessoas em 1,9 mil cidades nas quais a doen\u00e7a \u00e9 mais frequente. Apenas metade das doses distribu\u00eddas pelo Minist\u00e9rio da Sa\u00fade para estados e munic\u00edpios foi aplicada.<img data-recalc-dims=\"1\" decoding=\"async\" src=\"https:\/\/i0.wp.com\/agenciabrasil.ebc.com.br\/ebc.png?w=696&#038;ssl=1\" style=\"width:1px; height:1px; display:inline;\"\/><img data-recalc-dims=\"1\" decoding=\"async\" src=\"https:\/\/i0.wp.com\/agenciabrasil.ebc.com.br\/ebc.gif?w=696&#038;ssl=1\" style=\"width:1px; height:1px; display:inline;\"\/><\/p>\n<p>De acordo com a pasta, de 2024 a 20 de janeiro de 2025, foram distribu\u00eddas 6.370.966 doses. A Rede Nacional de Dados em Sa\u00fade (RNDS) indica que 3.205.625 foram aplicadas at\u00e9 o momento.<\/p>\n<p>Em 2024, o pa\u00eds teve registro recorde de dengue: 6.629.595 casos prov\u00e1veis e 6.103 mortes. Est\u00e3o ainda em investiga\u00e7\u00e3o 761 \u00f3bitos. Os dados fazem parte do painel de monitoramento do Minist\u00e9rio da Sa\u00fade e traz informa\u00e7\u00f5es at\u00e9 28 de dezembro de 2024. Em 2025, s\u00e3o 101.485 casos prov\u00e1veis e 15 mortes confirmadas.<\/p>\n<h2>A vacina<\/h2>\n<p>A vacina contra a dengue, Qdenga, produzida pelo laborat\u00f3rio japon\u00eas Takeda Pharma e aprovada pela Ag\u00eancia Nacional de Vigil\u00e2ncia Sanit\u00e1ria (Anvisa), come\u00e7ou a ser distribu\u00edda no pa\u00eds em fevereiro de 2024.<\/p>\n<p>Por causa da capacidade limitada do fabricante, a quantidade de doses adquiridas pelo governo brasileiro precisou ser restrita ao p\u00fablico-alvo de crian\u00e7as de 10 a 14 anos, faixa et\u00e1ria que concentra o maior n\u00famero de hospitaliza\u00e7\u00e3o por dengue, depois de pessoas idosas, grupo para o qual a vacina n\u00e3o foi liberada pela Anvisa.<\/p>\n<p>A Qdenga \u00e9 aplicada em duas doses com intervalo de 90 dias.<\/p>\n<p>A presidente da SBIm, M\u00f4nica Levi, destaca que o Brasil foi o primeiro pa\u00eds a oferecer a vacina contra a dengue na rede p\u00fablica. No entanto, lamenta o que classifica como \u201cbaixa procura\u201d. Ela ressalta que a Qdenga \u00e9 um imunizante seguro e eficaz.<\/p>\n<p>\u201cQualquer vacina para ser aprovada e licenciada no pa\u00eds passa por uma s\u00e9rie de crit\u00e9rios de aprova\u00e7\u00e3o, e essa vacina Qdenga, do laborat\u00f3rio Takeda, foi aprovada no Brasil, na Europa, na Argentina, em v\u00e1rios da \u00c1sia, em v\u00e1rios pa\u00edses do mundo\u201d, afirmou \u00e0 <strong>Ag\u00eancia Brasil<\/strong>.<\/p>\n<p>Ela refor\u00e7a o benef\u00edcio de completar o ciclo de duas aplica\u00e7\u00f5es. \u201cA segunda dose \u00e9 respons\u00e1vel, principalmente, pela prote\u00e7\u00e3o de mais longa dura\u00e7\u00e3o, de pelo menos mais quatro anos e meio\u201d, explica.<\/p>\n<p>M\u00f4nica Levi orienta que quem perdeu o prazo de 90 dias pode tomar a dose adicional normalmente. A cidade do Rio de Janeiro, por exemplo, <a href=\"https:\/\/agenciabrasil.ebc.com.br\/saude\/noticia\/2025-01\/rio-alerta-para-2a-dose-da-vacina-contra-dengue-em-criancas\" rel=\"noopener\">convocou crian\u00e7as e adolescentes para receberem a dose adicional<\/a>.<\/p>\n<p>\u201cSe houver atraso do esquema, a primeira dose continua v\u00e1lida, jamais [deve] recome\u00e7ar. Dose dada \u00e9 dose computada no nosso sistema imunol\u00f3gico, e o resultado final n\u00e3o tem nenhum preju\u00edzo em um alargamento do intervalo entre as doses. Mas a gente sempre recomenda, dentro do poss\u00edvel, fazer as doses no esquema recomendado\u201d, completa.<\/p>\n<p>O Instituto Butantan, ligado ao governo de S\u00e3o Paulo, anunciou no \u00faltimo dia 22 o in\u00edcio da produ\u00e7\u00e3o dos imunizantes contra a dengue. A vacina se chamar\u00e1 Butantan-DV. Mas ainda \u00e9 preciso aprova\u00e7\u00e3o da Anvisa. A <a href=\"https:\/\/agenciabrasil.ebc.com.br\/saude\/noticia\/2025-01\/vacinacao-em-massa-contra-dengue-nao-ocorrera-em-2025\" rel=\"noopener\">ministra da Sa\u00fade, N\u00edsia Trindade, n\u00e3o acredita que o pa\u00eds ter\u00e1 vacina\u00e7\u00e3o em massa em 2025.<\/a><br \/>\u00a0<\/p>\n<h2>Preven\u00e7\u00e3o e monitoramento<\/h2>\n<p>O alerta da sociedade m\u00e9dica acompanha a<a href=\"https:\/\/agenciabrasil.ebc.com.br\/radioagencia-nacional\/saude\/audio\/2025-01\/ministerio-reforca-acoes-contra-dengue-zika-e-chikungunya\" rel=\"noopener\">\u00e7\u00f5es recentes de preven\u00e7\u00e3o e monitoramento do Minist\u00e9rio da Sa\u00fade<\/a> e chega em um momento de preocupa\u00e7\u00e3o crescente por causa da detec\u00e7\u00e3o do sorotipo 3 (DENV-3) do v\u00edrus da dengue. Esse tipo n\u00e3o circula de forma predominante no pa\u00eds desde 2008, e grande parte da popula\u00e7\u00e3o est\u00e1 suscet\u00edvel ao DENV-3.<\/p>\n<p><a href=\"https:\/\/agenciabrasil.ebc.com.br\/saude\/noticia\/2025-01\/entenda-o-que-sao-sorotipos-da-dengue-e-por-que-o-tipo-3-preocupa\" rel=\"noopener\"><strong>Entenda o que s\u00e3o sorotipos da dengue e por que o tipo 3 preocupa<\/strong><\/a><a href=\"http:\/\/(https:\/\/agenciabrasil.ebc.com.br\/saude\/noticia\/2025-01\/entenda-o-que-sao-sorotipos-da-dengue-e-por-que-o-tipo-3-preocupa\"> <\/a><\/p>\n<p>Procurado pela <strong>Ag\u00eancia Brasil<\/strong>, o Minist\u00e9rio da Sa\u00fade explicou que a lista dos 1.921 munic\u00edpios que receberam a Qdenga foi elaborada justamente com o Conselho Nacional de Secret\u00e1rios de Sa\u00fade (Conass) e o Conselho Nacional de Secretarias Municipais de Sa\u00fade (Conasems), ou seja, de acordo com estados e munic\u00edpios. \u00a0<\/p>\n<p>\u201cAs vacinas s\u00e3o destinadas a regi\u00f5es de sa\u00fade com munic\u00edpios de grande porte, com alta transmiss\u00e3o nos \u00faltimos dez anos e popula\u00e7\u00e3o residente igual ou maior a 100 mil habitantes, levando tamb\u00e9m em conta altas taxas nos \u00faltimos meses\u201d, apontou a pasta. Veja a lista de munic\u00edpios<strong> <\/strong><a href=\"https:\/\/www.gov.br\/saude\/pt-br\/assuntos\/saude-de-a-a-z\/d\/dengue\/vacinacao\" rel=\"noopener\">aqui<\/a><\/p>\n<p>O minist\u00e9rio afirma que a baixa disponibilidade para aquisi\u00e7\u00e3o do imunizante faz com que a vacina\u00e7\u00e3o n\u00e3o seja a principal estrat\u00e9gia do governo contra a dengue. Por isso, \u00e9 mantida \u00eanfase na preven\u00e7\u00e3o.<\/p>\n<p>O \u00f3rg\u00e3o destaca que lan\u00e7ou o Plano de A\u00e7\u00e3o para Redu\u00e7\u00e3o da Dengue e Outras Arboviroses (doen\u00e7as transmitidas por insetos, como mosquitos), em parceria com estados, munic\u00edpios e organiza\u00e7\u00f5es.<\/p>\n<p>A iniciativa prev\u00ea a intensifica\u00e7\u00e3o do controle vetorial do Aedes aegypti, o mosquito transmissor da doen\u00e7a, com tecnologias como o m\u00e9todo <a href=\"https:\/\/agenciabrasil.ebc.com.br\/saude\/noticia\/2024-04\/dengue-minas-inaugura-biofabrica-do-metodo-wolbachia\" rel=\"noopener\">Wolbachia<\/a>, Esta\u00e7\u00f5es Disseminadoras de Larvicidas (EDLs) em \u00e1reas de dif\u00edcil acesso e a T\u00e9cnica do Inseto Est\u00e9ril por Irradia\u00e7\u00e3o (TIE-Irradiado) em aldeias ind\u00edgenas, al\u00e9m da borrifa\u00e7\u00e3o residual em im\u00f3veis p\u00fablicos com grande circula\u00e7\u00e3o de pessoas.<\/p>\n<p>O minist\u00e9rio lembra ainda que instalou, no \u00faltimo dia 9, o Centro de Opera\u00e7\u00f5es de Emerg\u00eancia em Sa\u00fade (COE) para ampliar o <a href=\"https:\/\/agenciabrasil.ebc.com.br\/saude\/noticia\/2025-01\/governo-lanca-acoes-para-se-antecipar-periodo-de-alta-da-dengue\" rel=\"noopener\">monitoramento de arboviroses<\/a>.<\/p>\n<p>      <!-- Relacionada --><\/p>\n<p>            <!-- Relacionada -->\n    <\/div>\n<p><br \/>\n<br \/><a href=\"https:\/\/agenciabrasil.ebc.com.br\/saude\/noticia\/2025-01\/sociedade-medica-alerta-para-baixa-procura-da-vacina-contra-dengue\" rel=\"noopener\">Ag\u00eancia Brasil <\/a><\/p>\n","protected":false},"excerpt":{"rendered":"<p>A Sociedade Brasileira de Imuniza\u00e7\u00f5es (SBIm) emitiu um alerta nesta sexta-feira (24) sobre a baixa procura por vacina contra a dengue. O imunizante est\u00e1 dispon\u00edvel para um grupo restrito de pessoas em 1,9 mil cidades nas quais a doen\u00e7a \u00e9 mais frequente. Apenas metade das doses distribu\u00eddas pelo Minist\u00e9rio da Sa\u00fade para estados e munic\u00edpios [&hellip;]<\/p>\n","protected":false},"author":1,"featured_media":21629,"comment_status":"open","ping_status":"open","sticky":false,"template":"","format":"standard","meta":{"_jetpack_newsletter_access":"","_jetpack_dont_email_post_to_subs":false,"_jetpack_newsletter_tier_id":0,"_jetpack_memberships_contains_paywalled_content":false,"_mbp_banners":[],"_jetpack_feature_clip_id":0,"_jetpack_memberships_contains_paid_content":false,"footnotes":"","jetpack_publicize_message":"","jetpack_publicize_feature_enabled":true,"jetpack_social_post_already_shared":true,"jetpack_social_options":{"image_generator_settings":{"template":"highway","default_image_id":0,"font":"","enabled":false},"version":2},"jetpack_post_was_ever_published":false},"categories":[15],"tags":[],"class_list":["post-21628","post","type-post","status-publish","format-standard","has-post-thumbnail","category-saude"],"jetpack_publicize_connections":[],"jetpack-related-posts":[],"jetpack_shortlink":"https:\/\/wp.me\/p7Eq1F-5CQ","jetpack_sharing_enabled":true,"jetpack_featured_media_url":"https:\/\/i0.wp.com\/guialimeira.com.br\/news\/wp-content\/uploads\/2025\/01\/124a0020-3.jpg?fit=1600%2C800&ssl=1","_links":{"self":[{"href":"https:\/\/guialimeira.com.br\/news\/wp-json\/wp\/v2\/posts\/21628","targetHints":{"allow":["GET"]}}],"collection":[{"href":"https:\/\/guialimeira.com.br\/news\/wp-json\/wp\/v2\/posts"}],"about":[{"href":"https:\/\/guialimeira.com.br\/news\/wp-json\/wp\/v2\/types\/post"}],"author":[{"embeddable":true,"href":"https:\/\/guialimeira.com.br\/news\/wp-json\/wp\/v2\/users\/1"}],"replies":[{"embeddable":true,"href":"https:\/\/guialimeira.com.br\/news\/wp-json\/wp\/v2\/comments?post=21628"}],"version-history":[{"count":0,"href":"https:\/\/guialimeira.com.br\/news\/wp-json\/wp\/v2\/posts\/21628\/revisions"}],"wp:featuredmedia":[{"embeddable":true,"href":"https:\/\/guialimeira.com.br\/news\/wp-json\/wp\/v2\/media\/21629"}],"wp:attachment":[{"href":"https:\/\/guialimeira.com.br\/news\/wp-json\/wp\/v2\/media?parent=21628"}],"wp:term":[{"taxonomy":"category","embeddable":true,"href":"https:\/\/guialimeira.com.br\/news\/wp-json\/wp\/v2\/categories?post=21628"},{"taxonomy":"post_tag","embeddable":true,"href":"https:\/\/guialimeira.com.br\/news\/wp-json\/wp\/v2\/tags?post=21628"}],"curies":[{"name":"wp","href":"https:\/\/api.w.org\/{rel}","templated":true}]}}