{"id":21624,"date":"2025-01-24T16:07:47","date_gmt":"2025-01-24T19:07:47","guid":{"rendered":"https:\/\/guialimeira.com.br\/2025\/01\/24\/safra-recorde-deve-reduzir-preco-dos-alimentos-diz-alckmin\/"},"modified":"2025-01-24T16:07:47","modified_gmt":"2025-01-24T19:07:47","slug":"safra-recorde-deve-reduzir-preco-dos-alimentos-diz-alckmin","status":"publish","type":"post","link":"https:\/\/guialimeira.com.br\/news\/safra-recorde-deve-reduzir-preco-dos-alimentos-diz-alckmin\/","title":{"rendered":"Safra recorde deve reduzir pre\u00e7o dos alimentos, diz Alckmin"},"content":{"rendered":"<p> <br \/>\n<\/p>\n<div>\n<p>O vice-presidente da Rep\u00fablica e ministro do Desenvolvimento, Ind\u00fastria, Com\u00e9rcio e Servi\u00e7os, Geraldo Alckmin, disse nesta sexta-feira (24), em S\u00e3o Paulo, que a safra recorde prevista para este ano e a queda do d\u00f3lar dever\u00e3o provocar redu\u00e7\u00e3o nos pre\u00e7os dos alimentos.<img data-recalc-dims=\"1\" decoding=\"async\" src=\"https:\/\/i0.wp.com\/agenciabrasil.ebc.com.br\/ebc.png?w=696&#038;ssl=1\" style=\"width:1px; height:1px; display:inline;\"\/><img data-recalc-dims=\"1\" decoding=\"async\" src=\"https:\/\/i0.wp.com\/agenciabrasil.ebc.com.br\/ebc.gif?w=696&#038;ssl=1\" style=\"width:1px; height:1px; display:inline;\"\/><\/p>\n<p>A expectativa para este ano \u00e9 de que a <a href=\"https:\/\/agenciabrasil.ebc.com.br\/economia\/noticia\/2024-10\/crescimento-da-producao-de-graos-devera-ser-recorde-preve-conab\" target=\"_blank\" rel=\"noopener\">safra de gr\u00e3os cres\u00e7a em torno de 8,2%<\/a>, segundo proje\u00e7\u00f5es da Companhia Nacional de Abastecimento (Conab). Se confirmar, segundo a Conab, ser\u00e1 um recorde para a produ\u00e7\u00e3o na s\u00e9rie hist\u00f3rica.\u00a0<\/p>\n<p>J\u00e1 o d\u00f3lar caiu nos \u00faltimos dias, passando dos R$ 6,20 no in\u00edcio do ano para cerca de R$ 5,88.<\/p>\n<p>\u201cUma boa not\u00edcia \u00e9 a safra agr\u00edcola. Os estudos mostram que o clima este ano deve ser positivo. Ano passado, n\u00f3s tivemos uma seca muito intensa. Com um clima bom, h\u00e1 uma expectativa de que a safra agr\u00edcola deve crescer 8% a mais, uma safra recorde. Isso ajuda a reduzir o pre\u00e7o. A outra \u00e9 o d\u00f3lar, porque voc\u00ea tem fertilizante, combust\u00edvel, equipamento, muita coisa que \u00e9 contaminada pelo d\u00f3lar. Ent\u00e3o, com a redu\u00e7\u00e3o do d\u00f3lar, tamb\u00e9m vai ajudar\u201d, avalia.\u00a0<\/p>\n<p>Para Alckmin, outros fatores que devem ajudar na redu\u00e7\u00e3o dos pre\u00e7os dos alimentos s\u00e3o a reforma tribut\u00e1ria e o estoque regulador da Conab.\u00a0<\/p>\n<p>\u201cO estoque regulador \u00e9 quando eu tenho uma grande safra e se guarda um pouco, para quando faltar existir um estoque. Isso regula um pouco, evita grandes oscila\u00e7\u00f5es de pre\u00e7o. Tem outros estudos que o governo est\u00e1 fazendo, vamos aguardar, mas a iniciativa \u00e9 positiva. E a boa not\u00edcia \u00e9 a reforma tribut\u00e1ria, que vai desonerar a cesta b\u00e1sica, inclusive a prote\u00edna animal\u201d, explicou.\u00a0<\/p>\n<p>Alckmin participou de um encontro com sindicalistas na sede da Uni\u00e3o Geral dos Trabalhadores (UGT) para debater as estrat\u00e9gias do governo federal e as pol\u00edticas p\u00fablicas voltadas ao desenvolvimento econ\u00f4mico e \u00e0 gera\u00e7\u00e3o de empregos no pa\u00eds. O tema do encontro foi Perspectiva da Economia e do Emprego em 2025.\u00a0<\/p>\n<h2>Reuni\u00e3o<\/h2>\n<p>Enquanto o ministro se encontrava com sindicalistas em S\u00e3o Paulo,\u00a0 o presidente Luiz In\u00e1cio Lula da Silva se reuniu com alguns ministros, em Bras\u00edlia, para discutir estrat\u00e9gias que possam ajudar a baratear o pre\u00e7o dos alimentos.<\/p>\n<p>\u201cO presidente Lula, corretamente, est\u00e1 preocupado em reduzir o pre\u00e7o, evitar aumento de pre\u00e7o grande de alimentos\u201d, disse Alckmin.<\/p>\n<p>      <!-- Relacionada --><\/p>\n<p>            <!-- Relacionada -->\n    <\/div>\n<p><br \/>\n<br \/><a href=\"https:\/\/agenciabrasil.ebc.com.br\/economia\/noticia\/2025-01\/safra-recorde-deve-reduzir-preco-dos-alimentos-diz-alckmin\" rel=\"noopener\">Ag\u00eancia Brasil<\/a><\/p>\n","protected":false},"excerpt":{"rendered":"<p>O vice-presidente da Rep\u00fablica e ministro do Desenvolvimento, Ind\u00fastria, Com\u00e9rcio e Servi\u00e7os, Geraldo Alckmin, disse nesta sexta-feira (24), em S\u00e3o Paulo, que a safra recorde prevista para este ano e a queda do d\u00f3lar dever\u00e3o provocar redu\u00e7\u00e3o nos pre\u00e7os dos alimentos. A expectativa para este ano \u00e9 de que a safra de gr\u00e3os cres\u00e7a em [&hellip;]<\/p>\n","protected":false},"author":1,"featured_media":21625,"comment_status":"open","ping_status":"open","sticky":false,"template":"","format":"standard","meta":{"_jetpack_newsletter_access":"","_jetpack_dont_email_post_to_subs":false,"_jetpack_newsletter_tier_id":0,"_jetpack_memberships_contains_paywalled_content":false,"_mbp_banners":[],"_jetpack_feature_clip_id":0,"_jetpack_memberships_contains_paid_content":false,"footnotes":"","jetpack_publicize_message":"","jetpack_publicize_feature_enabled":true,"jetpack_social_post_already_shared":true,"jetpack_social_options":{"image_generator_settings":{"template":"highway","default_image_id":0,"font":"","enabled":false},"version":2},"jetpack_post_was_ever_published":false},"categories":[24],"tags":[],"class_list":["post-21624","post","type-post","status-publish","format-standard","has-post-thumbnail","category-economia"],"jetpack_publicize_connections":[],"jetpack-related-posts":[],"jetpack_shortlink":"https:\/\/wp.me\/p7Eq1F-5CM","jetpack_sharing_enabled":true,"jetpack_featured_media_url":"https:\/\/i0.wp.com\/guialimeira.com.br\/news\/wp-content\/uploads\/2025\/01\/54199866961_5af2b305f2_o.jpg?fit=1600%2C800&ssl=1","_links":{"self":[{"href":"https:\/\/guialimeira.com.br\/news\/wp-json\/wp\/v2\/posts\/21624","targetHints":{"allow":["GET"]}}],"collection":[{"href":"https:\/\/guialimeira.com.br\/news\/wp-json\/wp\/v2\/posts"}],"about":[{"href":"https:\/\/guialimeira.com.br\/news\/wp-json\/wp\/v2\/types\/post"}],"author":[{"embeddable":true,"href":"https:\/\/guialimeira.com.br\/news\/wp-json\/wp\/v2\/users\/1"}],"replies":[{"embeddable":true,"href":"https:\/\/guialimeira.com.br\/news\/wp-json\/wp\/v2\/comments?post=21624"}],"version-history":[{"count":0,"href":"https:\/\/guialimeira.com.br\/news\/wp-json\/wp\/v2\/posts\/21624\/revisions"}],"wp:featuredmedia":[{"embeddable":true,"href":"https:\/\/guialimeira.com.br\/news\/wp-json\/wp\/v2\/media\/21625"}],"wp:attachment":[{"href":"https:\/\/guialimeira.com.br\/news\/wp-json\/wp\/v2\/media?parent=21624"}],"wp:term":[{"taxonomy":"category","embeddable":true,"href":"https:\/\/guialimeira.com.br\/news\/wp-json\/wp\/v2\/categories?post=21624"},{"taxonomy":"post_tag","embeddable":true,"href":"https:\/\/guialimeira.com.br\/news\/wp-json\/wp\/v2\/tags?post=21624"}],"curies":[{"name":"wp","href":"https:\/\/api.w.org\/{rel}","templated":true}]}}