{"id":21592,"date":"2025-01-24T08:53:12","date_gmt":"2025-01-24T11:53:12","guid":{"rendered":"https:\/\/guialimeira.com.br\/2025\/01\/24\/trump-diz-que-nao-tem-certeza-se-os-eua-devem-gastar-com-a-otan\/"},"modified":"2025-01-24T08:53:12","modified_gmt":"2025-01-24T11:53:12","slug":"trump-diz-que-nao-tem-certeza-se-os-eua-devem-gastar-com-a-otan","status":"publish","type":"post","link":"https:\/\/guialimeira.com.br\/news\/trump-diz-que-nao-tem-certeza-se-os-eua-devem-gastar-com-a-otan\/","title":{"rendered":"Trump diz que n\u00e3o tem certeza se os EUA devem gastar com a Otan"},"content":{"rendered":"<p> <br \/>\n<\/p>\n<div>\n<p>O presidente dos Estados Unidos (EUA), Donald Trump, disse nessa quinta-feira (23) que n\u00e3o tem certeza se o pa\u00eds\u00a0deve\u00a0gastar algo com a Organiza\u00e7\u00e3o do Tratado do Atl\u00e2ntico Norte (Otan). Os norte-americanos protegiam os membros da Otan, mas eles &#8220;n\u00e3o estavam nos protegendo&#8221;, afirmou Trump.<img data-recalc-dims=\"1\" decoding=\"async\" src=\"https:\/\/i0.wp.com\/agenciabrasil.ebc.com.br\/ebc.png?w=696&#038;ssl=1\" style=\"width:1px; height:1px; display:inline;\"\/><img data-recalc-dims=\"1\" decoding=\"async\" src=\"https:\/\/i0.wp.com\/agenciabrasil.ebc.com.br\/ebc.gif?w=696&#038;ssl=1\" style=\"width:1px; height:1px; display:inline;\"\/><\/p>\n<p>Anteriormente, o presidente norte-americano\u00a0exigiu que outros membros da alian\u00e7a transatl\u00e2ntica gastassem 5% de seu Produto Interno Bruto (PIB) em defesa &#8212; um aumento expressivo em rela\u00e7\u00e3o \u00e0 meta atual de 2% e um n\u00edvel que nenhum pa\u00eds da Otan, incluindo os Estados Unidos, atinge atualmente.<\/p>\n<p>&#8220;N\u00e3o sei se dever\u00edamos estar gastando alguma coisa, mas certamente dever\u00edamos estar ajudando-os&#8221;, disse Trump a jornalistas ap\u00f3s assinar um decreto no Sal\u00e3o Oval. &#8220;Estamos protegendo-os. Eles n\u00e3o est\u00e3o nos protegendo.&#8221;<\/p>\n<p>&#8220;Eles deveriam aumentar seus 2% para 5%&#8221;, disse, repetindo suas observa\u00e7\u00f5es j\u00e1 feitas no F\u00f3rum Econ\u00f4mico Mundial em Davos, na Su\u00ed\u00e7a.<\/p>\n<p><em><strong>*\u00c9 proibida a reprodu\u00e7\u00e3o deste conte\u00fado.<\/strong><\/em><\/p>\n<p>      <!-- Relacionada --><\/p>\n<p>            <!-- Relacionada -->\n    <\/div>\n<p><br \/>\n<br \/><a href=\"https:\/\/agenciabrasil.ebc.com.br\/internacional\/noticia\/2025-01\/trump-diz-que-nao-tem-certeza-se-os-eua-devem-gastar-com-otan\" rel=\"noopener\">Ag\u00eancia Brasil <\/a><\/p>\n","protected":false},"excerpt":{"rendered":"<p>O presidente dos Estados Unidos (EUA), Donald Trump, disse nessa quinta-feira (23) que n\u00e3o tem certeza se o pa\u00eds\u00a0deve\u00a0gastar algo com a Organiza\u00e7\u00e3o do Tratado do Atl\u00e2ntico Norte (Otan). Os norte-americanos protegiam os membros da Otan, mas eles &#8220;n\u00e3o estavam nos protegendo&#8221;, afirmou Trump. Anteriormente, o presidente norte-americano\u00a0exigiu que outros membros da alian\u00e7a transatl\u00e2ntica gastassem [&hellip;]<\/p>\n","protected":false},"author":1,"featured_media":21593,"comment_status":"open","ping_status":"open","sticky":false,"template":"","format":"standard","meta":{"_jetpack_newsletter_access":"","_jetpack_dont_email_post_to_subs":false,"_jetpack_newsletter_tier_id":0,"_jetpack_memberships_contains_paywalled_content":false,"_mbp_banners":[],"_jetpack_feature_clip_id":0,"_jetpack_memberships_contains_paid_content":false,"footnotes":"","jetpack_publicize_message":"","jetpack_publicize_feature_enabled":true,"jetpack_social_post_already_shared":true,"jetpack_social_options":{"image_generator_settings":{"template":"highway","default_image_id":0,"font":"","enabled":false},"version":2},"jetpack_post_was_ever_published":false},"categories":[25],"tags":[],"class_list":["post-21592","post","type-post","status-publish","format-standard","has-post-thumbnail","category-internacional"],"jetpack_publicize_connections":[],"jetpack-related-posts":[],"jetpack_shortlink":"https:\/\/wp.me\/p7Eq1F-5Cg","jetpack_sharing_enabled":true,"jetpack_featured_media_url":"https:\/\/i0.wp.com\/guialimeira.com.br\/news\/wp-content\/uploads\/2025\/01\/2025-01-23t110027z_513292522_rc20ecavkuz4_rtrmadp_3_usa-trump-world-liberty.jpg?fit=1600%2C800&ssl=1","_links":{"self":[{"href":"https:\/\/guialimeira.com.br\/news\/wp-json\/wp\/v2\/posts\/21592","targetHints":{"allow":["GET"]}}],"collection":[{"href":"https:\/\/guialimeira.com.br\/news\/wp-json\/wp\/v2\/posts"}],"about":[{"href":"https:\/\/guialimeira.com.br\/news\/wp-json\/wp\/v2\/types\/post"}],"author":[{"embeddable":true,"href":"https:\/\/guialimeira.com.br\/news\/wp-json\/wp\/v2\/users\/1"}],"replies":[{"embeddable":true,"href":"https:\/\/guialimeira.com.br\/news\/wp-json\/wp\/v2\/comments?post=21592"}],"version-history":[{"count":0,"href":"https:\/\/guialimeira.com.br\/news\/wp-json\/wp\/v2\/posts\/21592\/revisions"}],"wp:featuredmedia":[{"embeddable":true,"href":"https:\/\/guialimeira.com.br\/news\/wp-json\/wp\/v2\/media\/21593"}],"wp:attachment":[{"href":"https:\/\/guialimeira.com.br\/news\/wp-json\/wp\/v2\/media?parent=21592"}],"wp:term":[{"taxonomy":"category","embeddable":true,"href":"https:\/\/guialimeira.com.br\/news\/wp-json\/wp\/v2\/categories?post=21592"},{"taxonomy":"post_tag","embeddable":true,"href":"https:\/\/guialimeira.com.br\/news\/wp-json\/wp\/v2\/tags?post=21592"}],"curies":[{"name":"wp","href":"https:\/\/api.w.org\/{rel}","templated":true}]}}