{"id":21578,"date":"2025-01-23T22:52:14","date_gmt":"2025-01-24T01:52:14","guid":{"rendered":"https:\/\/guialimeira.com.br\/2025\/01\/23\/haddad-defende-reducao-de-taxas-de-vale-refeicao-para-baratear-comida\/"},"modified":"2025-01-23T22:52:14","modified_gmt":"2025-01-24T01:52:14","slug":"haddad-defende-reducao-de-taxas-de-vale-refeicao-para-baratear-comida","status":"publish","type":"post","link":"https:\/\/guialimeira.com.br\/news\/haddad-defende-reducao-de-taxas-de-vale-refeicao-para-baratear-comida\/","title":{"rendered":"Haddad defende redu\u00e7\u00e3o de taxas de vale-refei\u00e7\u00e3o para baratear comida"},"content":{"rendered":"<p> <br \/>\n<\/p>\n<div>\n<p>A regulamenta\u00e7\u00e3o de uma lei de 2022 que permite a portabilidade dos vales-refei\u00e7\u00e3o e alimenta\u00e7\u00e3o ajudar\u00e1 a baratear o pre\u00e7o da comida, disse nesta quinta-feira (23) o ministro da Fazenda, Fernando Haddad. Ao retornar de reuni\u00e3o na Granja do Torto, ele negou que o governo pretenda usar recursos do Or\u00e7amento para baratear o pre\u00e7o dos alimentos.<img data-recalc-dims=\"1\" decoding=\"async\" src=\"https:\/\/i0.wp.com\/agenciabrasil.ebc.com.br\/ebc.png?w=696&#038;ssl=1\" style=\"width:1px; height:1px; display:inline;\"\/><img data-recalc-dims=\"1\" decoding=\"async\" src=\"https:\/\/i0.wp.com\/agenciabrasil.ebc.com.br\/ebc.gif?w=696&#038;ssl=1\" style=\"width:1px; height:1px; display:inline;\"\/><\/p>\n<p>Segundo Haddad, o governo deve avan\u00e7ar com a portabilidade dos t\u00edquetes refei\u00e7\u00e3o e alimenta\u00e7\u00e3o, o que poderia baratear a taxa de 1,5% a 3% cobrada pelas administradoras dos cart\u00f5es. O ministro informou que o governo federal estuda a regulamenta\u00e7\u00e3o da<a href=\"https:\/\/www.planalto.gov.br\/ccivil_03\/_ato2019-2022\/2022\/lei\/L14442.htm\" target=\"_blank\" rel=\"noopener\"> Lei 14.422<\/a>, sancionada h\u00e1 tr\u00eas anos, que mudou o Programa de Alimenta\u00e7\u00e3o do Trabalhador (PAT) e cria a portabilidade, por meio da qual o trabalhador poder\u00e1 escolher a empresa gestora dos t\u00edquetes, atualmente definida pelos recursos humanos de cada empresa.<\/p>\n<p>\u201cPenso que tem um espa\u00e7o ali, regulat\u00f3rio, que caberia ao Banco Central, j\u00e1 pela lei, mas que n\u00e3o foi feito at\u00e9 o t\u00e9rmino da gest\u00e3o anterior. Eu penso que h\u00e1 um espa\u00e7o regulat\u00f3rio que n\u00f3s pretendemos explorar no curto prazo\u201d, afirmou Haddad, ao retornar de encontro de cerca de nove horas com o presidente Luiz In\u00e1cio Lula da Silva, e os ministros da Casa Civil, Rui Costa, e da Secretaria de Comunica\u00e7\u00e3o Social da Presid\u00eancia da Rep\u00fablica, Sid\u00f4nio Palmeira.<\/p>\n<p>Para Haddad, a maior concorr\u00eancia entre as bandeiras de vale-alimenta\u00e7\u00e3o e refei\u00e7\u00e3o poder\u00e1 resultar na redu\u00e7\u00e3o das taxas de cart\u00f5es. De acordo com o ministro, isso, em tese, baratear\u00e1 o pre\u00e7o dos alimentos, tanto nos restaurantes quanto nos supermercados. A lei tamb\u00e9m prev\u00ea que as m\u00e1quinas ser\u00e3o obrigadas a aceitar todas as bandeiras de cart\u00f5es, em vez de serem atreladas apenas aos estabelecimentos credenciados.<\/p>\n<p>\u201cRegulando melhor a portabilidade, n\u00f3s entendemos que h\u00e1 espa\u00e7o para queda do pre\u00e7o da alimenta\u00e7\u00e3o. Tanto do vale-alimenta\u00e7\u00e3o quanto do vale-refei\u00e7\u00e3o. Porque a alimenta\u00e7\u00e3o fora de casa \u00e9 t\u00e3o importante quanto a compra de g\u00eaneros aliment\u00edcios no supermercado. Entendendo que, regulando bem a portabilidade, dando mais poder ao trabalhador, ele vai encontrar um caminho de fazer valer o seu recurso, daquele benef\u00edcio [a] que ele tem direito\u201d, declarou o ministro.<\/p>\n<p>A regulamenta\u00e7\u00e3o do tema depende do Banco Central, que seguir\u00e1 diretrizes estabelecidas pelo Conselho Monet\u00e1rio Nacional (CMN). Nesta quinta-feira, haveria a reuni\u00e3o de janeiro do \u00f3rg\u00e3o, mas o encontro foi cancelado por falta de temas a serem votados.<\/p>\n<h2>Sem recursos p\u00fablicos<\/h2>\n<p>Uma nova reuni\u00e3o de Haddad com o presidente Lula est\u00e1 prevista para as 9h desta sexta-feira (24), na resid\u00eancia oficial da Granja do Torto para estudar medidas de redu\u00e7\u00e3o no pre\u00e7o dos alimentos. Haddad negou que o governo pretenda recorrer a subs\u00eddios, que consomem recursos do Or\u00e7amento, para intervir no mercado de alimentos.<\/p>\n<p>\u201cNingu\u00e9m est\u00e1 pensando em utilizar espa\u00e7o fiscal para esse tipo de coisa. O que n\u00f3s sabemos \u00e9 que o que afetou o pre\u00e7o dos alimentos, especialmente leite, caf\u00e9, carne, frutas, \u00e9 porque s\u00e3o <em>commodities<\/em> [bens prim\u00e1rios com cota\u00e7\u00e3o internacional], s\u00e3o bens export\u00e1veis, fazem parte da nossa pauta de exporta\u00e7\u00f5es\u201d, explicou.<\/p>\n<p>Segundo o ministro, al\u00e9m da regulamenta\u00e7\u00e3o da portabilidade dos vales-refei\u00e7\u00e3o e alimenta\u00e7\u00e3o, a queda do d\u00f3lar e a previs\u00e3o de nova safra recorde para este ano ajudar\u00e3o a reduzir os pre\u00e7os dos alimentos. Ele atribuiu as not\u00edcias de uso de recursos p\u00fablicos para intervir no mercado a boatos espalhados por quem quer que o d\u00f3lar suba.<\/p>\n<p>\u201c\u00c9 uma boataria que interessa a algumas pessoas. Porque uma pessoa pode fazer o que ela quiser em uma reuni\u00e3o. Agora, transformar isso em pol\u00edtica p\u00fablica, tem que passar por ministro, pelo presidente, pelo Congresso, tem que passar por muita gente\u201d, afirmou Haddad.<\/p>\n<p>      <!-- Relacionada --><\/p>\n<p>            <!-- Relacionada -->\n    <\/div>\n<p><br \/>\n<br \/><a href=\"https:\/\/agenciabrasil.ebc.com.br\/economia\/noticia\/2025-01\/haddad-defende-reducao-de-taxas-de-vale-refeicao-para-baratear-comida\" rel=\"noopener\">Ag\u00eancia Brasil<\/a><\/p>\n","protected":false},"excerpt":{"rendered":"<p>A regulamenta\u00e7\u00e3o de uma lei de 2022 que permite a portabilidade dos vales-refei\u00e7\u00e3o e alimenta\u00e7\u00e3o ajudar\u00e1 a baratear o pre\u00e7o da comida, disse nesta quinta-feira (23) o ministro da Fazenda, Fernando Haddad. Ao retornar de reuni\u00e3o na Granja do Torto, ele negou que o governo pretenda usar recursos do Or\u00e7amento para baratear o pre\u00e7o dos [&hellip;]<\/p>\n","protected":false},"author":1,"featured_media":19378,"comment_status":"open","ping_status":"open","sticky":false,"template":"","format":"standard","meta":{"_jetpack_newsletter_access":"","_jetpack_dont_email_post_to_subs":false,"_jetpack_newsletter_tier_id":0,"_jetpack_memberships_contains_paywalled_content":false,"_mbp_banners":[],"_jetpack_feature_clip_id":0,"_jetpack_memberships_contains_paid_content":false,"footnotes":"","jetpack_publicize_message":"","jetpack_publicize_feature_enabled":true,"jetpack_social_post_already_shared":true,"jetpack_social_options":{"image_generator_settings":{"template":"highway","default_image_id":0,"font":"","enabled":false},"version":2},"jetpack_post_was_ever_published":false},"categories":[24],"tags":[],"class_list":["post-21578","post","type-post","status-publish","format-standard","has-post-thumbnail","category-economia"],"jetpack_publicize_connections":[],"jetpack-related-posts":[],"jetpack_shortlink":"https:\/\/wp.me\/p7Eq1F-5C2","jetpack_sharing_enabled":true,"jetpack_featured_media_url":"https:\/\/i0.wp.com\/guialimeira.com.br\/news\/wp-content\/uploads\/2024\/12\/pzzb6711.jpg?fit=1600%2C800&ssl=1","_links":{"self":[{"href":"https:\/\/guialimeira.com.br\/news\/wp-json\/wp\/v2\/posts\/21578","targetHints":{"allow":["GET"]}}],"collection":[{"href":"https:\/\/guialimeira.com.br\/news\/wp-json\/wp\/v2\/posts"}],"about":[{"href":"https:\/\/guialimeira.com.br\/news\/wp-json\/wp\/v2\/types\/post"}],"author":[{"embeddable":true,"href":"https:\/\/guialimeira.com.br\/news\/wp-json\/wp\/v2\/users\/1"}],"replies":[{"embeddable":true,"href":"https:\/\/guialimeira.com.br\/news\/wp-json\/wp\/v2\/comments?post=21578"}],"version-history":[{"count":0,"href":"https:\/\/guialimeira.com.br\/news\/wp-json\/wp\/v2\/posts\/21578\/revisions"}],"wp:featuredmedia":[{"embeddable":true,"href":"https:\/\/guialimeira.com.br\/news\/wp-json\/wp\/v2\/media\/19378"}],"wp:attachment":[{"href":"https:\/\/guialimeira.com.br\/news\/wp-json\/wp\/v2\/media?parent=21578"}],"wp:term":[{"taxonomy":"category","embeddable":true,"href":"https:\/\/guialimeira.com.br\/news\/wp-json\/wp\/v2\/categories?post=21578"},{"taxonomy":"post_tag","embeddable":true,"href":"https:\/\/guialimeira.com.br\/news\/wp-json\/wp\/v2\/tags?post=21578"}],"curies":[{"name":"wp","href":"https:\/\/api.w.org\/{rel}","templated":true}]}}