{"id":21574,"date":"2025-01-23T21:51:19","date_gmt":"2025-01-24T00:51:19","guid":{"rendered":"https:\/\/guialimeira.com.br\/2025\/01\/23\/pe-de-meia-nao-vai-ser-interrompido-diz-haddad\/"},"modified":"2025-01-23T21:51:19","modified_gmt":"2025-01-24T00:51:19","slug":"pe-de-meia-nao-vai-ser-interrompido-diz-haddad","status":"publish","type":"post","link":"https:\/\/guialimeira.com.br\/news\/pe-de-meia-nao-vai-ser-interrompido-diz-haddad\/","title":{"rendered":"P\u00e9-de-Meia n\u00e3o vai ser interrompido, diz Haddad"},"content":{"rendered":"<p> <br \/>\n<\/p>\n<div>\n<p>Apesar do <a href=\"https:\/\/agenciabrasil.ebc.com.br\/justica\/noticia\/2025-01\/tcu-suspende-r-6-bilhoes-do-pe-de-meia-mec-nega-irregularidades\" target=\"_blank\" rel=\"noopener\">bloqueio de R$ 6 bilh\u00f5es determinado pelo Tribunal de Contas da Uni\u00e3o (TCU)<\/a>, o ministro da Fazenda, Fernando Haddad, disse que o programa P\u00e9-de-Meia n\u00e3o ser\u00e1 interrompido. Segundo ele, o pacote de corte de gastos aprovado no fim do ano passado estabelece medidas que colocam o programa no Or\u00e7amento da Uni\u00e3o, apesar de a Advocacia-Geral da Uni\u00e3o (AGU) manifestar preocupa\u00e7\u00f5es.<img data-recalc-dims=\"1\" decoding=\"async\" src=\"https:\/\/i0.wp.com\/agenciabrasil.ebc.com.br\/ebc.png?w=696&#038;ssl=1\" style=\"width:1px; height:1px; display:inline;\"\/><img data-recalc-dims=\"1\" decoding=\"async\" src=\"https:\/\/i0.wp.com\/agenciabrasil.ebc.com.br\/ebc.gif?w=696&#038;ssl=1\" style=\"width:1px; height:1px; display:inline;\"\/><\/p>\n<p>\u201cN\u00e3o vai ter descontinuidade [no P\u00e9-de-Meia]. Isso, eu posso garantir. O que falei aos ministros \u00e9 que todos os encaminhamentos est\u00e3o sendo feitos para garantir a continuidade do programa\u201d, disse Haddad ap\u00f3s voltar de reuni\u00e3o com o presidente Luiz In\u00e1cio Lula da Silva; o ministro da Casa Civil, Rui Costa; e o ministro da Secretaria de Comunica\u00e7\u00e3o Social da Presid\u00eancia da Rep\u00fablica, Sid\u00f4nio Palmeira. O encontro durou cerca de nove horas, na resid\u00eancia oficial da Granja do Torto.<\/p>\n<p>Na noite de\u00a0quarta-feira (22), a AGU entrou com recurso no Tribunal de Contas da Uni\u00e3o (TCU) para pedir a revers\u00e3o do bloqueio de R$ 6 bilh\u00f5es do P\u00e9-de-Meia que viriam de fundos p\u00fablicos. Apesar disso, Haddad assegurou que o programa, que paga incentivos a estudantes do ensino m\u00e9dio p\u00fablico inscritos\u00a0no Cadastro \u00danico para Programas Sociais do Governo Governo Federal (Cad\u00danico), pode continuar.<\/p>\n<p>\u201cEnt\u00e3o voc\u00ea converse com o ministro da AGU [Jorge Messias]. O que eu penso \u00e9 que vamos encontrar uma sa\u00edda para fazer o pagamento\u201d, disse ao ser questionado sobre a previs\u00e3o da Advocacia-Geral da Uni\u00e3o.<\/p>\n<p>Sem a aprova\u00e7\u00e3o do Or\u00e7amento de 2025, advertiu a AGU, o P\u00e9-de-Meia pode ser paralisado ainda este m\u00eas. Segundo o \u00f3rg\u00e3o, o saldo atual do Fundo de Custeio da Poupan\u00e7a de Incentivo \u00e0 Perman\u00eancia e Conclus\u00e3o Escolar para Estudantes do Ensino M\u00e9dio (Fipem), administrado pela Caixa Econ\u00f4mica Federal e usado para custear o P\u00e9-de-Meia, cobrir\u00e1 apenas as despesas de dezembro.<\/p>\n<h2>Bloqueio do TCU<\/h2>\n<p>No \u00faltimo dia 17, o ministro do TCU Augusto Nardes assinou medida cautelar provis\u00f3ria que determinou o bloqueio de R$ 6 bilh\u00f5es do P\u00e9-de-Meia, ap\u00f3s representa\u00e7\u00e3o do Minist\u00e9rio P\u00fablico junto \u00e0 corte. Segundo a decis\u00e3o, o pagamento aos estudantes n\u00e3o pode ser feito diretamente pelo fundo, mas deve passar pelo Tesouro Nacional e estar previsto na lei or\u00e7ament\u00e1ria, ainda n\u00e3o aprovada pelo Congresso.<\/p>\n<p>Conforme a determina\u00e7\u00e3o do TCU, os recursos destinados ao programa devem ser bloqueados at\u00e9 que sejam regularizados no Or\u00e7amento Geral da Uni\u00e3o. O Minist\u00e9rio da Educa\u00e7\u00e3o negou irregularidades e afirmou ainda n\u00e3o ter sido formalmente notificado da decis\u00e3o. A pasta reiterou que todos os aportes ao fundo que custeia o programa foram aprovados pelo Congresso Nacional.<\/p>\n<p>      <!-- Relacionada --><\/p>\n<p>            <!-- Relacionada -->\n    <\/div>\n<p><br \/>\n<br \/><a href=\"https:\/\/agenciabrasil.ebc.com.br\/economia\/noticia\/2025-01\/pe-de-meia-nao-vai-ser-interrompido-diz-haddad\" rel=\"noopener\">Ag\u00eancia Brasil<\/a><\/p>\n","protected":false},"excerpt":{"rendered":"<p>Apesar do bloqueio de R$ 6 bilh\u00f5es determinado pelo Tribunal de Contas da Uni\u00e3o (TCU), o ministro da Fazenda, Fernando Haddad, disse que o programa P\u00e9-de-Meia n\u00e3o ser\u00e1 interrompido. Segundo ele, o pacote de corte de gastos aprovado no fim do ano passado estabelece medidas que colocam o programa no Or\u00e7amento da Uni\u00e3o, apesar de [&hellip;]<\/p>\n","protected":false},"author":1,"featured_media":14465,"comment_status":"open","ping_status":"open","sticky":false,"template":"","format":"standard","meta":{"_jetpack_newsletter_access":"","_jetpack_dont_email_post_to_subs":false,"_jetpack_newsletter_tier_id":0,"_jetpack_memberships_contains_paywalled_content":false,"_mbp_banners":[],"_jetpack_feature_clip_id":0,"_jetpack_memberships_contains_paid_content":false,"footnotes":"","jetpack_publicize_message":"","jetpack_publicize_feature_enabled":true,"jetpack_social_post_already_shared":true,"jetpack_social_options":{"image_generator_settings":{"template":"highway","default_image_id":0,"font":"","enabled":false},"version":2},"jetpack_post_was_ever_published":false},"categories":[24],"tags":[],"class_list":["post-21574","post","type-post","status-publish","format-standard","has-post-thumbnail","category-economia"],"jetpack_publicize_connections":[],"jetpack-related-posts":[],"jetpack_shortlink":"https:\/\/wp.me\/p7Eq1F-5BY","jetpack_sharing_enabled":true,"jetpack_featured_media_url":"https:\/\/i0.wp.com\/guialimeira.com.br\/news\/wp-content\/uploads\/2024\/09\/lula-apex-sebrael_mcamgo_abr_17092024-11.jpg?fit=1600%2C800&ssl=1","_links":{"self":[{"href":"https:\/\/guialimeira.com.br\/news\/wp-json\/wp\/v2\/posts\/21574","targetHints":{"allow":["GET"]}}],"collection":[{"href":"https:\/\/guialimeira.com.br\/news\/wp-json\/wp\/v2\/posts"}],"about":[{"href":"https:\/\/guialimeira.com.br\/news\/wp-json\/wp\/v2\/types\/post"}],"author":[{"embeddable":true,"href":"https:\/\/guialimeira.com.br\/news\/wp-json\/wp\/v2\/users\/1"}],"replies":[{"embeddable":true,"href":"https:\/\/guialimeira.com.br\/news\/wp-json\/wp\/v2\/comments?post=21574"}],"version-history":[{"count":0,"href":"https:\/\/guialimeira.com.br\/news\/wp-json\/wp\/v2\/posts\/21574\/revisions"}],"wp:featuredmedia":[{"embeddable":true,"href":"https:\/\/guialimeira.com.br\/news\/wp-json\/wp\/v2\/media\/14465"}],"wp:attachment":[{"href":"https:\/\/guialimeira.com.br\/news\/wp-json\/wp\/v2\/media?parent=21574"}],"wp:term":[{"taxonomy":"category","embeddable":true,"href":"https:\/\/guialimeira.com.br\/news\/wp-json\/wp\/v2\/categories?post=21574"},{"taxonomy":"post_tag","embeddable":true,"href":"https:\/\/guialimeira.com.br\/news\/wp-json\/wp\/v2\/tags?post=21574"}],"curies":[{"name":"wp","href":"https:\/\/api.w.org\/{rel}","templated":true}]}}