{"id":2157,"date":"2024-04-20T04:48:54","date_gmt":"2024-04-20T07:48:54","guid":{"rendered":"https:\/\/guialimeira.com.br\/2024\/04\/20\/mais-de-3-000-educadores-participam-das-acoes-formativas-para-a-5a-semana-municipal-do-brincar-portal-do-municipio-de-piracicaba\/"},"modified":"2024-04-20T04:48:54","modified_gmt":"2024-04-20T07:48:54","slug":"mais-de-3-000-educadores-participam-das-acoes-formativas-para-a-5a-semana-municipal-do-brincar-portal-do-municipio-de-piracicaba","status":"publish","type":"post","link":"https:\/\/guialimeira.com.br\/news\/mais-de-3-000-educadores-participam-das-acoes-formativas-para-a-5a-semana-municipal-do-brincar-portal-do-municipio-de-piracicaba\/","title":{"rendered":"Mais de 3.000\u00a0educadores participam das a\u00e7\u00f5es formativas para a 5\u00aa Semana Municipal do Brincar \u2013 Portal do Munic\u00edpio de Piracicaba"},"content":{"rendered":"<p> <br \/>\n<\/p>\n<div>\n<p>As atividades formativas da Roda de Saberes, realizada pela Secretaria de Educa\u00e7\u00e3o nos dias 16 e 17 de abril no gin\u00e1sio do Sesc Piracicaba, contaram com a participa\u00e7\u00e3o de mais de 3.000 educadores da Rede Municipal de Educa\u00e7\u00e3o, que puderam participar do evento de maneira presencial ou online pelos canais do YouTube da SME e do Sesc Piracicaba, parceiro do evento.<\/p>\n<figure class=\"wp-block-image size-large\"><img data-recalc-dims=\"1\" fetchpriority=\"high\" decoding=\"async\" width=\"696\" height=\"464\" src=\"https:\/\/i0.wp.com\/piracicaba.sp.gov.br\/wp-content\/uploads\/2024\/04\/As-atividades-formativas-da-Roda-de-Saberes-ocorreram-no-ginasio-do-Sesc-Piracicaba-e-contaram-com-a-participacao-de-mais-de-tres-mil-educadores-1024x682.jpg?resize=696%2C464&#038;ssl=1\" alt=\"\" class=\"wp-image-77337\" srcset=\"https:\/\/piracicaba.sp.gov.br\/wp-content\/uploads\/2024\/04\/As-atividades-formativas-da-Roda-de-Saberes-ocorreram-no-ginasio-do-Sesc-Piracicaba-e-contaram-com-a-participacao-de-mais-de-tres-mil-educadores-1024x682.jpg 1024w, https:\/\/piracicaba.sp.gov.br\/wp-content\/uploads\/2024\/04\/As-atividades-formativas-da-Roda-de-Saberes-ocorreram-no-ginasio-do-Sesc-Piracicaba-e-contaram-com-a-participacao-de-mais-de-tres-mil-educadores-300x200.jpg 300w, https:\/\/piracicaba.sp.gov.br\/wp-content\/uploads\/2024\/04\/As-atividades-formativas-da-Roda-de-Saberes-ocorreram-no-ginasio-do-Sesc-Piracicaba-e-contaram-com-a-participacao-de-mais-de-tres-mil-educadores-768x512.jpg 768w, https:\/\/piracicaba.sp.gov.br\/wp-content\/uploads\/2024\/04\/As-atividades-formativas-da-Roda-de-Saberes-ocorreram-no-ginasio-do-Sesc-Piracicaba-e-contaram-com-a-participacao-de-mais-de-tres-mil-educadores.jpg 1280w\" sizes=\"(max-width: 1024px) 100vw, 1024px\"\/><figcaption class=\"wp-element-caption\"><strong><em>As atividades formativas da Roda de Saberes ocorreram no gin\u00e1sio do Sesc Piracicaba e contaram com a participa\u00e7\u00e3o de mais de tr\u00eas mil educadores<\/em><\/strong><\/figcaption><\/figure>\n<p>O objetivo das rodas foi promover reflex\u00f5es e dar subs\u00eddios para os educadores trabalharem com os estudantes na 5\u00aa Semana Municipal do Brincar (SMB) e no 7\u00ba Jogos Internos das Escolas Municipais de Piracicaba, que ser\u00e3o realizados de 20 a 24 de maio de 2024. Durante o evento, foi apresentado o tema escolhido para esse ano na SMB: \u201cViva a diversidade! O brincar \u00e9 para todas as pessoas\u201d.<\/p>\n<p>As atividades formativas para a Semana j\u00e1 acontecem desde janeiro deste ano, com a realiza\u00e7\u00e3o de cursos com o Comit\u00ea Paral\u00edmpico Brasileiro para os professores de educa\u00e7\u00e3o f\u00edsica e aos educadores do N\u00facleo Municipal de Apoio Pedag\u00f3gico de Educa\u00e7\u00e3o Especial (Numape).<\/p>\n<figure class=\"wp-block-image size-large\"><img data-recalc-dims=\"1\" loading=\"lazy\" decoding=\"async\" width=\"696\" height=\"464\" src=\"https:\/\/i0.wp.com\/piracicaba.sp.gov.br\/wp-content\/uploads\/2024\/04\/O-objetivo-das-rodas-foi-promover-reflexoes-e-dar-subsidios-para-os-educadores-trabalharem-com-os-estudantes-na-Semana-Municipal-do-Brincar-que-acontece-em-maio-1024x682.jpg?resize=696%2C464&#038;ssl=1\" alt=\"\" class=\"wp-image-77338\" srcset=\"https:\/\/piracicaba.sp.gov.br\/wp-content\/uploads\/2024\/04\/O-objetivo-das-rodas-foi-promover-reflexoes-e-dar-subsidios-para-os-educadores-trabalharem-com-os-estudantes-na-Semana-Municipal-do-Brincar-que-acontece-em-maio-1024x682.jpg 1024w, https:\/\/piracicaba.sp.gov.br\/wp-content\/uploads\/2024\/04\/O-objetivo-das-rodas-foi-promover-reflexoes-e-dar-subsidios-para-os-educadores-trabalharem-com-os-estudantes-na-Semana-Municipal-do-Brincar-que-acontece-em-maio-300x200.jpg 300w, https:\/\/piracicaba.sp.gov.br\/wp-content\/uploads\/2024\/04\/O-objetivo-das-rodas-foi-promover-reflexoes-e-dar-subsidios-para-os-educadores-trabalharem-com-os-estudantes-na-Semana-Municipal-do-Brincar-que-acontece-em-maio-768x512.jpg 768w, https:\/\/piracicaba.sp.gov.br\/wp-content\/uploads\/2024\/04\/O-objetivo-das-rodas-foi-promover-reflexoes-e-dar-subsidios-para-os-educadores-trabalharem-com-os-estudantes-na-Semana-Municipal-do-Brincar-que-acontece-em-maio.jpg 1280w\" sizes=\"auto, (max-width: 1024px) 100vw, 1024px\"\/><figcaption class=\"wp-element-caption\"><strong><em>O objetivo das rodas foi promover reflex\u00f5es e dar subs\u00eddios para os educadores trabalharem com os estudantes na Semana Municipal do Brincar, que acontece em maio<\/em><\/strong><\/figcaption><\/figure>\n<p>A programa\u00e7\u00e3o do evento contou com discuss\u00f5es sobre Tecnologias ancestrais, Esportes para todas as pessoas, Espa\u00e7os que incluem e Di\u00e1sporas brincantes, em formato de rodas de conversas entre especialistas nas tem\u00e1ticas de cada discuss\u00e3o.<\/p>\n<p>Marcelo da Silva Franco, professor de Educa\u00e7\u00e3o F\u00edsica da Escola Municipal Prof. Irineu Umberto Packer, falou sobre a contribui\u00e7\u00e3o que a troca de experi\u00eancias do evento proporciona para a atua\u00e7\u00e3o dos professores com os alunos. \u201cEssas a\u00e7\u00f5es ajudam a expandir o nosso repert\u00f3rio, pois possibilita que a gente conhe\u00e7a as origens e tradi\u00e7\u00f5es das brincadeiras e dos esportes, e partir disso podemos adaptar nossas pr\u00e1ticas pedag\u00f3gicas de forma mais inclusiva e respeitosa, promovendo um ambiente de aprendizado enriquecedor e acolhedor para todos.\u201d<\/p>\n<figure class=\"wp-block-image size-large\"><img data-recalc-dims=\"1\" loading=\"lazy\" decoding=\"async\" width=\"696\" height=\"509\" src=\"https:\/\/i0.wp.com\/piracicaba.sp.gov.br\/wp-content\/uploads\/2024\/04\/O-segundo-dia-de-atividades-contou-com-intervencao-dos-indigenas-da-Reserva-Guarani-Rio-Silveiras-localizada-na-cidade-de-Bertioga-SP-1024x749.jpg?resize=696%2C509&#038;ssl=1\" alt=\"\" class=\"wp-image-77339\" srcset=\"https:\/\/piracicaba.sp.gov.br\/wp-content\/uploads\/2024\/04\/O-segundo-dia-de-atividades-contou-com-intervencao-dos-indigenas-da-Reserva-Guarani-Rio-Silveiras-localizada-na-cidade-de-Bertioga-SP-1024x749.jpg 1024w, https:\/\/piracicaba.sp.gov.br\/wp-content\/uploads\/2024\/04\/O-segundo-dia-de-atividades-contou-com-intervencao-dos-indigenas-da-Reserva-Guarani-Rio-Silveiras-localizada-na-cidade-de-Bertioga-SP-300x219.jpg 300w, https:\/\/piracicaba.sp.gov.br\/wp-content\/uploads\/2024\/04\/O-segundo-dia-de-atividades-contou-com-intervencao-dos-indigenas-da-Reserva-Guarani-Rio-Silveiras-localizada-na-cidade-de-Bertioga-SP-768x562.jpg 768w, https:\/\/piracicaba.sp.gov.br\/wp-content\/uploads\/2024\/04\/O-segundo-dia-de-atividades-contou-com-intervencao-dos-indigenas-da-Reserva-Guarani-Rio-Silveiras-localizada-na-cidade-de-Bertioga-SP.jpg 1280w\" sizes=\"auto, (max-width: 1024px) 100vw, 1024px\"\/><figcaption class=\"wp-element-caption\"><strong><em>O segundo dia de atividades contou com interven\u00e7\u00e3o dos ind\u00edgenas da Reserva Guarani Rio Silveiras, localizada na cidade de Bertioga, SP<\/em><\/strong><\/figcaption><\/figure>\n<p><strong>SMB \u2013<\/strong>\u00a0Pela lei municipal 8.903\/2018, a Semana do Brincar faz parte do Calend\u00e1rio Oficial de Eventos C\u00edvicos de Piracicaba. O objetivo \u00e9 desenvolver a\u00e7\u00f5es gratuitas, promovendo atividades sobre o tema para os alunos da Rede Municipal de Educa\u00e7\u00e3o.<\/p>\n<figure class=\"wp-block-image size-large\"><img data-recalc-dims=\"1\" loading=\"lazy\" decoding=\"async\" width=\"696\" height=\"464\" src=\"https:\/\/i0.wp.com\/piracicaba.sp.gov.br\/wp-content\/uploads\/2024\/04\/A-programacao-do-evento-contou-com-discussoes-entre-especialistas-em-formato-de-rodas-de-conversas-1024x682.jpg?resize=696%2C464&#038;ssl=1\" alt=\"\" class=\"wp-image-77340\" srcset=\"https:\/\/piracicaba.sp.gov.br\/wp-content\/uploads\/2024\/04\/A-programacao-do-evento-contou-com-discussoes-entre-especialistas-em-formato-de-rodas-de-conversas-1024x682.jpg 1024w, https:\/\/piracicaba.sp.gov.br\/wp-content\/uploads\/2024\/04\/A-programacao-do-evento-contou-com-discussoes-entre-especialistas-em-formato-de-rodas-de-conversas-300x200.jpg 300w, https:\/\/piracicaba.sp.gov.br\/wp-content\/uploads\/2024\/04\/A-programacao-do-evento-contou-com-discussoes-entre-especialistas-em-formato-de-rodas-de-conversas-768x512.jpg 768w, https:\/\/piracicaba.sp.gov.br\/wp-content\/uploads\/2024\/04\/A-programacao-do-evento-contou-com-discussoes-entre-especialistas-em-formato-de-rodas-de-conversas.jpg 1280w\" sizes=\"auto, (max-width: 1024px) 100vw, 1024px\"\/><figcaption class=\"wp-element-caption\"><strong><em>A programa\u00e7\u00e3o do evento contou com discuss\u00f5es entre especialistas em formato de rodas de conversas<\/em><\/strong><\/figcaption><\/figure>\n<p>O trabalho tem in\u00edcio com os Jogos Internos das Escolas do Ensino Fundamental, nos quais contemplam as diferentes pr\u00e1ticas, experi\u00eancias e interven\u00e7\u00f5es da cultura corporal de movimento como: a brincadeira, o jogo, o esporte, a dan\u00e7a, a gin\u00e1stica e a luta e, expande este di\u00e1logo com as equipes escolares da Educa\u00e7\u00e3o Infantil para o brincar.<\/p>\n<p>Let\u00edcia Zero, coordenadora da Secretaria Executiva da Alian\u00e7a pela Inf\u00e2ncia, compartilhou um breve panorama da Semana Mundial do Brincar, destacando que atualmente o evento \u00e9 celebrado em mais de 80 cidades, respaldado por legisla\u00e7\u00e3o espec\u00edfica, como o exemplo de Piracicaba. Ela tamb\u00e9m ressaltou que j\u00e1 s\u00e3o desenvolvidas a\u00e7\u00f5es correlatas em mais de 200 munic\u00edpios, com o objetivo de assegurar espa\u00e7os adequados para o livre brincar das crian\u00e7as.<\/p>\n<\/div>\n<p><br \/>\n<br \/><a href=\"https:\/\/piracicaba.sp.gov.br\/noticias\/mais-de-3-000-educadores-participam-das-acoes-formativas-para-a-5a-semana-municipal-do-brincar\/\" rel=\"noopener\">Informa\u00e7\u00f5es PMP <\/a><\/p>\n","protected":false},"excerpt":{"rendered":"<p>As atividades formativas da Roda de Saberes, realizada pela Secretaria de Educa\u00e7\u00e3o nos dias 16 e 17 de abril no gin\u00e1sio do Sesc Piracicaba, contaram com a participa\u00e7\u00e3o de mais de 3.000 educadores da Rede Municipal de Educa\u00e7\u00e3o, que puderam participar do evento de maneira presencial ou online pelos canais do YouTube da SME e [&hellip;]<\/p>\n","protected":false},"author":1,"featured_media":2158,"comment_status":"open","ping_status":"open","sticky":false,"template":"","format":"standard","meta":{"_jetpack_newsletter_access":"","_jetpack_dont_email_post_to_subs":false,"_jetpack_newsletter_tier_id":0,"_jetpack_memberships_contains_paywalled_content":false,"_mbp_banners":[],"_jetpack_feature_clip_id":0,"_jetpack_memberships_contains_paid_content":false,"footnotes":"","jetpack_publicize_message":"","jetpack_publicize_feature_enabled":true,"jetpack_social_post_already_shared":true,"jetpack_social_options":{"image_generator_settings":{"template":"highway","default_image_id":0,"font":"","enabled":false},"version":2},"jetpack_post_was_ever_published":false},"categories":[20],"tags":[],"class_list":["post-2157","post","type-post","status-publish","format-standard","has-post-thumbnail","category-regiao"],"jetpack_publicize_connections":[],"jetpack-related-posts":[],"jetpack_shortlink":"https:\/\/wp.me\/p7Eq1F-yN","jetpack_sharing_enabled":true,"jetpack_featured_media_url":"https:\/\/i0.wp.com\/guialimeira.com.br\/news\/wp-content\/uploads\/2024\/04\/As-atividades-formativas-da-Roda-de-Saberes-ocorreram-no-ginasio-do-Sesc-Piracicaba-e-contaram-com-a-participacao-de-mais-de-tres-mil-educadores-1024x682.jpg?fit=1024%2C682&ssl=1","_links":{"self":[{"href":"https:\/\/guialimeira.com.br\/news\/wp-json\/wp\/v2\/posts\/2157","targetHints":{"allow":["GET"]}}],"collection":[{"href":"https:\/\/guialimeira.com.br\/news\/wp-json\/wp\/v2\/posts"}],"about":[{"href":"https:\/\/guialimeira.com.br\/news\/wp-json\/wp\/v2\/types\/post"}],"author":[{"embeddable":true,"href":"https:\/\/guialimeira.com.br\/news\/wp-json\/wp\/v2\/users\/1"}],"replies":[{"embeddable":true,"href":"https:\/\/guialimeira.com.br\/news\/wp-json\/wp\/v2\/comments?post=2157"}],"version-history":[{"count":0,"href":"https:\/\/guialimeira.com.br\/news\/wp-json\/wp\/v2\/posts\/2157\/revisions"}],"wp:featuredmedia":[{"embeddable":true,"href":"https:\/\/guialimeira.com.br\/news\/wp-json\/wp\/v2\/media\/2158"}],"wp:attachment":[{"href":"https:\/\/guialimeira.com.br\/news\/wp-json\/wp\/v2\/media?parent=2157"}],"wp:term":[{"taxonomy":"category","embeddable":true,"href":"https:\/\/guialimeira.com.br\/news\/wp-json\/wp\/v2\/categories?post=2157"},{"taxonomy":"post_tag","embeddable":true,"href":"https:\/\/guialimeira.com.br\/news\/wp-json\/wp\/v2\/tags?post=2157"}],"curies":[{"name":"wp","href":"https:\/\/api.w.org\/{rel}","templated":true}]}}