{"id":21568,"date":"2025-01-23T20:50:14","date_gmt":"2025-01-23T23:50:14","guid":{"rendered":"https:\/\/guialimeira.com.br\/2025\/01\/23\/bndes-libera-mais-r-48-bilhoes-para-programas-agopecuarios\/"},"modified":"2025-01-23T20:50:14","modified_gmt":"2025-01-23T23:50:14","slug":"bndes-libera-mais-r-48-bilhoes-para-programas-agopecuarios","status":"publish","type":"post","link":"https:\/\/guialimeira.com.br\/news\/bndes-libera-mais-r-48-bilhoes-para-programas-agopecuarios\/","title":{"rendered":"BNDES libera mais R$ 4,8 bilh\u00f5es para programas agopecu\u00e1rios"},"content":{"rendered":"<p> <br \/>\n<\/p>\n<div>\n<p>O Banco Nacional de Desenvolvimento Econ\u00f4mico e Social (BNDES) disponibilizou, nesta quinta-feira (23), mais R$ 4,8 bilh\u00f5es em recursos para opera\u00e7\u00f5es de cr\u00e9dito rural no \u00e2mbito de programas do Plano Safra 2024-2025. Deste montante, R$ 2,7 bilh\u00f5es ser\u00e3o destinados \u00e0s linhas voltadas para agricultura empresarial e R$ 2,1 bilh\u00e3o para agricultura familiar.<img data-recalc-dims=\"1\" decoding=\"async\" src=\"https:\/\/i0.wp.com\/agenciabrasil.ebc.com.br\/ebc.png?w=696&#038;ssl=1\" style=\"width:1px; height:1px; display:inline;\"\/><img data-recalc-dims=\"1\" decoding=\"async\" src=\"https:\/\/i0.wp.com\/agenciabrasil.ebc.com.br\/ebc.gif?w=696&#038;ssl=1\" style=\"width:1px; height:1px; display:inline;\"\/><\/p>\n<p>Desta forma, o total de recursos ainda dispon\u00edvel nos diferentes programas agropecu\u00e1rios do governo federal (PAGF) a serem repassados pelo banco \u00e9 de R$ 11 bilh\u00f5es, com prazo de utiliza\u00e7\u00e3o at\u00e9 junho deste ano.<\/p>\n<p>A verba poder\u00e1 ser usada por produtores rurais, cooperativas e agricultores familiares para custeio e investimento em diversas finalidades, incluindo amplia\u00e7\u00e3o da produ\u00e7\u00e3o, aquisi\u00e7\u00e3o de m\u00e1quinas e equipamentos, armazenagem e inova\u00e7\u00e3o.<\/p>\n<p>Essa nova libera\u00e7\u00e3o de recursos demonstra o papel estrat\u00e9gico do BNDES no apoio ao agro brasileiro, promovendo tanto o crescimento da agricultura familiar quanto o desenvolvimento da agricultura empresarial, disse o presidente do BNDES, Aloizio Mercadante. &#8220;Nosso objetivo \u00e9 garantir que pequenos e m\u00e9dios produtores tenham acesso ao cr\u00e9dito necess\u00e1rio para investir em inova\u00e7\u00e3o, moderniza\u00e7\u00e3o e pr\u00e1ticas sustent\u00e1veis, fortalecendo a cadeia produtiva e contribuindo para a transi\u00e7\u00e3o a uma economia mais verde\u201d, acrescentou.<\/p>\n<h2>Agroneg\u00f3cio<\/h2>\n<p>O BNDES \u00e9 um dos principais apoiadores do setor agropecu\u00e1rio. No Plano Safra 2024-2025, o banco j\u00e1 aprovou R$ 27,9 bilh\u00f5es e atendeu a solicita\u00e7\u00f5es de mais de 126 mil opera\u00e7\u00f5es indiretas, realizadas pela rede de agentes financeiros credenciados. Al\u00e9m desses programas, a institui\u00e7\u00e3o oferece solu\u00e7\u00f5es pr\u00f3prias para garantir a oferta de cr\u00e9dito ao setor agropecu\u00e1rio durante todo o ano, como o BNDES Cr\u00e9dito Rural. Na atual safra, o produto j\u00e1 soma R$\u00a03,7 bilh\u00f5es em opera\u00e7\u00f5es aprovadas.<\/p>\n<p>      <!-- Relacionada --><\/p>\n<p>            <!-- Relacionada -->\n    <\/div>\n<p><br \/>\n<br \/><a href=\"https:\/\/agenciabrasil.ebc.com.br\/economia\/noticia\/2025-01\/bndes-libera-mais-r-48-bilhoes-para-programas-agopecuarios\" rel=\"noopener\">Ag\u00eancia Brasil<\/a><\/p>\n","protected":false},"excerpt":{"rendered":"<p>O Banco Nacional de Desenvolvimento Econ\u00f4mico e Social (BNDES) disponibilizou, nesta quinta-feira (23), mais R$ 4,8 bilh\u00f5es em recursos para opera\u00e7\u00f5es de cr\u00e9dito rural no \u00e2mbito de programas do Plano Safra 2024-2025. Deste montante, R$ 2,7 bilh\u00f5es ser\u00e3o destinados \u00e0s linhas voltadas para agricultura empresarial e R$ 2,1 bilh\u00e3o para agricultura familiar. Desta forma, o [&hellip;]<\/p>\n","protected":false},"author":1,"featured_media":14396,"comment_status":"open","ping_status":"open","sticky":false,"template":"","format":"standard","meta":{"_jetpack_newsletter_access":"","_jetpack_dont_email_post_to_subs":false,"_jetpack_newsletter_tier_id":0,"_jetpack_memberships_contains_paywalled_content":false,"_mbp_banners":[],"_jetpack_feature_clip_id":0,"_jetpack_memberships_contains_paid_content":false,"footnotes":"","jetpack_publicize_message":"","jetpack_publicize_feature_enabled":true,"jetpack_social_post_already_shared":true,"jetpack_social_options":{"image_generator_settings":{"template":"highway","default_image_id":0,"font":"","enabled":false},"version":2},"jetpack_post_was_ever_published":false},"categories":[24],"tags":[],"class_list":["post-21568","post","type-post","status-publish","format-standard","has-post-thumbnail","category-economia"],"jetpack_publicize_connections":[],"jetpack-related-posts":[],"jetpack_shortlink":"https:\/\/wp.me\/p7Eq1F-5BS","jetpack_sharing_enabled":true,"jetpack_featured_media_url":"https:\/\/i0.wp.com\/guialimeira.com.br\/news\/wp-content\/uploads\/2024\/09\/edificio_sede_do_bndes250620211186.jpg?fit=1600%2C800&ssl=1","_links":{"self":[{"href":"https:\/\/guialimeira.com.br\/news\/wp-json\/wp\/v2\/posts\/21568","targetHints":{"allow":["GET"]}}],"collection":[{"href":"https:\/\/guialimeira.com.br\/news\/wp-json\/wp\/v2\/posts"}],"about":[{"href":"https:\/\/guialimeira.com.br\/news\/wp-json\/wp\/v2\/types\/post"}],"author":[{"embeddable":true,"href":"https:\/\/guialimeira.com.br\/news\/wp-json\/wp\/v2\/users\/1"}],"replies":[{"embeddable":true,"href":"https:\/\/guialimeira.com.br\/news\/wp-json\/wp\/v2\/comments?post=21568"}],"version-history":[{"count":0,"href":"https:\/\/guialimeira.com.br\/news\/wp-json\/wp\/v2\/posts\/21568\/revisions"}],"wp:featuredmedia":[{"embeddable":true,"href":"https:\/\/guialimeira.com.br\/news\/wp-json\/wp\/v2\/media\/14396"}],"wp:attachment":[{"href":"https:\/\/guialimeira.com.br\/news\/wp-json\/wp\/v2\/media?parent=21568"}],"wp:term":[{"taxonomy":"category","embeddable":true,"href":"https:\/\/guialimeira.com.br\/news\/wp-json\/wp\/v2\/categories?post=21568"},{"taxonomy":"post_tag","embeddable":true,"href":"https:\/\/guialimeira.com.br\/news\/wp-json\/wp\/v2\/tags?post=21568"}],"curies":[{"name":"wp","href":"https:\/\/api.w.org\/{rel}","templated":true}]}}