{"id":21554,"date":"2025-01-23T19:33:35","date_gmt":"2025-01-23T22:33:35","guid":{"rendered":"https:\/\/guialimeira.com.br\/2025\/01\/23\/sindrome-respiratoria-grave-segue-em-queda-nas-ultimas-seis-semanas\/"},"modified":"2025-01-23T19:33:35","modified_gmt":"2025-01-23T22:33:35","slug":"sindrome-respiratoria-grave-segue-em-queda-nas-ultimas-seis-semanas","status":"publish","type":"post","link":"https:\/\/guialimeira.com.br\/news\/sindrome-respiratoria-grave-segue-em-queda-nas-ultimas-seis-semanas\/","title":{"rendered":"S\u00edndrome respirat\u00f3ria grave segue em queda nas \u00faltimas seis semanas"},"content":{"rendered":"<p> <br \/>\n<\/p>\n<div>\n<p>O boletim InfoGripe, divulgado nesta quinta-feira (23) pela Funda\u00e7\u00e3o Oswaldo Cruz (Fiocruz) confirma queda do n\u00famero de casos de s\u00edndrome respirat\u00f3ria aguda grave (SRAG) no pa\u00eds. No entanto, a atualiza\u00e7\u00e3o dos dados relativos \u00e0 semana epidemiol\u00f3gica entre 12 e 18 de janeiro indica crescimento da doen\u00e7a em 9 estados: Alagoas, Para\u00edba, Pernambuco, Piau\u00ed, Maranh\u00e3o, Amazonas, Par\u00e1, Rond\u00f4nia e Tocantins.<img data-recalc-dims=\"1\" decoding=\"async\" src=\"https:\/\/i0.wp.com\/agenciabrasil.ebc.com.br\/ebc.png?w=696&#038;ssl=1\" style=\"width:1px; height:1px; display:inline;\"\/><img data-recalc-dims=\"1\" decoding=\"async\" src=\"https:\/\/i0.wp.com\/agenciabrasil.ebc.com.br\/ebc.gif?w=696&#038;ssl=1\" style=\"width:1px; height:1px; display:inline;\"\/><\/p>\n<p>De acordo com o boletim, a incid\u00eancia semanal m\u00e9dia de SRAG por covid-19 tem apresentado mais impacto entre crian\u00e7as pequenas e idosos, com maiores \u00edndices de mortalidade na popula\u00e7\u00e3o acima de 65 anos.<\/p>\n<p>Segundo a pesquisadora do InfoGripe Tatiana Portella, al\u00e9m do aumento de casos de covid-19 nos idosos, a doen\u00e7a tamb\u00e9m est\u00e1 atingindo jovens e adultos em estados do Norte e Nordeste, como Amazonas, Par\u00e1, Para\u00edba, Rio Grande do Norte e Sergipe.<\/p>\n<p>O boletim InfoGripe registra aumento de casos de SRAG compat\u00edveis com covid-19 no Maranh\u00e3o, em Rond\u00f4nia e no Tocantins, embora ainda n\u00e3o haja dados laboratoriais suficientes nesses estados para confirmar tal associa\u00e7\u00e3o. No Cear\u00e1, os casos de SRAG associados \u00e0 covid-19 est\u00e3o em queda. No Acre, em Alagoas, Pernambuco, no Piau\u00ed e em Roraima, o cen\u00e1rio \u00e9 oscilante, mas recomenda-se aten\u00e7\u00e3o por causa do aumento de casos nas regi\u00f5es Norte e Nordeste. Quatro capitais t\u00eam indicadores de crescimento: Jo\u00e3o Pessoa, Teresina, Manaus e Porto Velho.<\/p>\n<p>Tatiana Portella refor\u00e7ou a recomenda\u00e7\u00e3o do uso de m\u00e1scaras faciais em localidades que registram aumento de casos, sobretudo em ambientes fechados, com maior aglomera\u00e7\u00e3o de pessoas e nos postos de sa\u00fade. A pesquisadora lembrou ainda a necessidade de manter a vacina\u00e7\u00e3o em dia e recomendou que, diante do aparecimento de sintomas de s\u00edndrome gripal, as pessoas fiquem em casa, em isolamento.<\/p>\n<p>      <!-- Relacionada --><\/p>\n<p>            <!-- Relacionada -->\n    <\/div>\n<p><br \/>\n<br \/><a href=\"https:\/\/agenciabrasil.ebc.com.br\/saude\/noticia\/2025-01\/sindrome-respiratoria-grave-segue-em-queda-nas-ultimas-seis-semanas\" rel=\"noopener\">Ag\u00eancia Brasil <\/a><\/p>\n","protected":false},"excerpt":{"rendered":"<p>O boletim InfoGripe, divulgado nesta quinta-feira (23) pela Funda\u00e7\u00e3o Oswaldo Cruz (Fiocruz) confirma queda do n\u00famero de casos de s\u00edndrome respirat\u00f3ria aguda grave (SRAG) no pa\u00eds. No entanto, a atualiza\u00e7\u00e3o dos dados relativos \u00e0 semana epidemiol\u00f3gica entre 12 e 18 de janeiro indica crescimento da doen\u00e7a em 9 estados: Alagoas, Para\u00edba, Pernambuco, Piau\u00ed, Maranh\u00e3o, Amazonas, [&hellip;]<\/p>\n","protected":false},"author":1,"featured_media":21555,"comment_status":"open","ping_status":"open","sticky":false,"template":"","format":"standard","meta":{"_jetpack_newsletter_access":"","_jetpack_dont_email_post_to_subs":false,"_jetpack_newsletter_tier_id":0,"_jetpack_memberships_contains_paywalled_content":false,"_mbp_banners":[],"_jetpack_feature_clip_id":0,"_jetpack_memberships_contains_paid_content":false,"footnotes":"","jetpack_publicize_message":"","jetpack_publicize_feature_enabled":true,"jetpack_social_post_already_shared":true,"jetpack_social_options":{"image_generator_settings":{"template":"highway","default_image_id":0,"font":"","enabled":false},"version":2},"jetpack_post_was_ever_published":false},"categories":[15],"tags":[],"class_list":["post-21554","post","type-post","status-publish","format-standard","has-post-thumbnail","category-saude"],"jetpack_publicize_connections":[],"jetpack-related-posts":[],"jetpack_shortlink":"https:\/\/wp.me\/p7Eq1F-5BE","jetpack_sharing_enabled":true,"jetpack_featured_media_url":"https:\/\/i0.wp.com\/guialimeira.com.br\/news\/wp-content\/uploads\/2025\/01\/41610170502_a63f103d7f_o.jpg?fit=1600%2C800&ssl=1","_links":{"self":[{"href":"https:\/\/guialimeira.com.br\/news\/wp-json\/wp\/v2\/posts\/21554","targetHints":{"allow":["GET"]}}],"collection":[{"href":"https:\/\/guialimeira.com.br\/news\/wp-json\/wp\/v2\/posts"}],"about":[{"href":"https:\/\/guialimeira.com.br\/news\/wp-json\/wp\/v2\/types\/post"}],"author":[{"embeddable":true,"href":"https:\/\/guialimeira.com.br\/news\/wp-json\/wp\/v2\/users\/1"}],"replies":[{"embeddable":true,"href":"https:\/\/guialimeira.com.br\/news\/wp-json\/wp\/v2\/comments?post=21554"}],"version-history":[{"count":0,"href":"https:\/\/guialimeira.com.br\/news\/wp-json\/wp\/v2\/posts\/21554\/revisions"}],"wp:featuredmedia":[{"embeddable":true,"href":"https:\/\/guialimeira.com.br\/news\/wp-json\/wp\/v2\/media\/21555"}],"wp:attachment":[{"href":"https:\/\/guialimeira.com.br\/news\/wp-json\/wp\/v2\/media?parent=21554"}],"wp:term":[{"taxonomy":"category","embeddable":true,"href":"https:\/\/guialimeira.com.br\/news\/wp-json\/wp\/v2\/categories?post=21554"},{"taxonomy":"post_tag","embeddable":true,"href":"https:\/\/guialimeira.com.br\/news\/wp-json\/wp\/v2\/tags?post=21554"}],"curies":[{"name":"wp","href":"https:\/\/api.w.org\/{rel}","templated":true}]}}