{"id":21541,"date":"2025-01-23T17:47:27","date_gmt":"2025-01-23T20:47:27","guid":{"rendered":"https:\/\/guialimeira.com.br\/2025\/01\/23\/rede-hoteleira-do-rio-espera-ocupacao-alta-com-temporada-de-shows\/"},"modified":"2025-01-23T17:47:27","modified_gmt":"2025-01-23T20:47:27","slug":"rede-hoteleira-do-rio-espera-ocupacao-alta-com-temporada-de-shows","status":"publish","type":"post","link":"https:\/\/guialimeira.com.br\/news\/rede-hoteleira-do-rio-espera-ocupacao-alta-com-temporada-de-shows\/","title":{"rendered":"Rede hoteleira do Rio espera ocupa\u00e7\u00e3o alta com temporada de shows"},"content":{"rendered":"<p> <br \/>\n<\/p>\n<div>\n<p>A rede hoteleira da cidade do Rio de Janeiro divulgou hoje (23) a primeira pr\u00e9via de 2025 da ocupa\u00e7\u00e3o dos hot\u00e9is do Rio com o <em>show<\/em> marcado para o dia 6 de fevereiro da cantora norte-americana Christina Aguilera e do carnaval carioca, que este ano acontecer\u00e1, entre os dias 1\u00ba e 5 de mar\u00e7o.<img data-recalc-dims=\"1\" decoding=\"async\" src=\"https:\/\/i0.wp.com\/agenciabrasil.ebc.com.br\/ebc.png?w=696&#038;ssl=1\" style=\"width:1px; height:1px; display:inline;\"\/><img data-recalc-dims=\"1\" decoding=\"async\" src=\"https:\/\/i0.wp.com\/agenciabrasil.ebc.com.br\/ebc.gif?w=696&#038;ssl=1\" style=\"width:1px; height:1px; display:inline;\"\/><\/p>\n<p>De acordo com a pesquisa realizada pelo HoteisRIO, as m\u00e9dias de ocupa\u00e7\u00e3o hoteleira est\u00e3o em 57,13% e 68,41%, respectivamente.<\/p>\n<p>A procura por hospedagens pela presen\u00e7a da artista norte-americana, que se apresentar\u00e1 no Farmasi Arena, na Barra da Tijuca, est\u00e1 em alta. Entre as regi\u00f5es mais procuradas est\u00e3o os hot\u00e9is das regi\u00f5es do Leme\/Copacabana, com 78,70%, Ipanema\/Leblon (59,24%), Barra\/Recreio\/S\u00e3o Conrado (55,97%), Flamengo\/Botafogo (49,99%) e Centro, com 29,63%.<\/p>\n<p>A pr\u00e9via da rede hoteleira para o carnaval 2025 registra no Leme e Copacabana, na zona sul do Rio \u00edndice de 83,74%, seguida pelo centro da cidade, com 79,22%, Flamengo\/Botafogo, com 74,20%, Ipanema\/Leblon (65,73%) e Barra\/Recreio\/S\u00e3o Conrado (55,02%).<\/p>\n<p>O presidente do Hot\u00e9isRIO, Alfredo Lopes, disse que o ano de 2025 come\u00e7ou bem, com <em>shows<\/em> e a expectativa de bons resultados no carnaval. \u201cO fato de o carnaval acontecer em mar\u00e7o faz com que turistas nacionais tenham tempo de se organizar financeiramente e abre a possibilidade de que quem veio participar da festa da virada queira voltar\u201d.<\/p>\n<p>Segundo Lopes, o <em>R\u00e9veillon<\/em> funciona como um cart\u00e3o de boas-vindas para que os visitantes conhe\u00e7am melhor a cidade e se interessem em participar de outra grande festa. \u201cO carnaval em mar\u00e7o estica a alta temporada no Rio, com uma procura maior da rede hoteleira, aquecida com o ver\u00e3o carioca\u201d, avaliou.<\/p>\n<p>      <!-- Relacionada --><\/p>\n<p>            <!-- Relacionada -->\n    <\/div>\n<p><br \/>\n<br \/><a href=\"https:\/\/agenciabrasil.ebc.com.br\/economia\/noticia\/2025-01\/rede-hoteleira-do-rio-espera-ocupacao-alta-com-temporada-de-shows\" rel=\"noopener\">Ag\u00eancia Brasil<\/a><\/p>\n","protected":false},"excerpt":{"rendered":"<p>A rede hoteleira da cidade do Rio de Janeiro divulgou hoje (23) a primeira pr\u00e9via de 2025 da ocupa\u00e7\u00e3o dos hot\u00e9is do Rio com o show marcado para o dia 6 de fevereiro da cantora norte-americana Christina Aguilera e do carnaval carioca, que este ano acontecer\u00e1, entre os dias 1\u00ba e 5 de mar\u00e7o. De [&hellip;]<\/p>\n","protected":false},"author":1,"featured_media":17934,"comment_status":"open","ping_status":"open","sticky":false,"template":"","format":"standard","meta":{"_jetpack_newsletter_access":"","_jetpack_dont_email_post_to_subs":false,"_jetpack_newsletter_tier_id":0,"_jetpack_memberships_contains_paywalled_content":false,"_mbp_banners":[],"_jetpack_feature_clip_id":0,"_jetpack_memberships_contains_paid_content":false,"footnotes":"","jetpack_publicize_message":"","jetpack_publicize_feature_enabled":true,"jetpack_social_post_already_shared":true,"jetpack_social_options":{"image_generator_settings":{"template":"highway","default_image_id":0,"font":"","enabled":false},"version":2},"jetpack_post_was_ever_published":false},"categories":[24],"tags":[],"class_list":["post-21541","post","type-post","status-publish","format-standard","has-post-thumbnail","category-economia"],"jetpack_publicize_connections":[],"jetpack-related-posts":[],"jetpack_shortlink":"https:\/\/wp.me\/p7Eq1F-5Br","jetpack_sharing_enabled":true,"jetpack_featured_media_url":"https:\/\/i0.wp.com\/guialimeira.com.br\/news\/wp-content\/uploads\/2024\/11\/51412011552_58e63a9da5_o.jpg?fit=1600%2C800&ssl=1","_links":{"self":[{"href":"https:\/\/guialimeira.com.br\/news\/wp-json\/wp\/v2\/posts\/21541","targetHints":{"allow":["GET"]}}],"collection":[{"href":"https:\/\/guialimeira.com.br\/news\/wp-json\/wp\/v2\/posts"}],"about":[{"href":"https:\/\/guialimeira.com.br\/news\/wp-json\/wp\/v2\/types\/post"}],"author":[{"embeddable":true,"href":"https:\/\/guialimeira.com.br\/news\/wp-json\/wp\/v2\/users\/1"}],"replies":[{"embeddable":true,"href":"https:\/\/guialimeira.com.br\/news\/wp-json\/wp\/v2\/comments?post=21541"}],"version-history":[{"count":0,"href":"https:\/\/guialimeira.com.br\/news\/wp-json\/wp\/v2\/posts\/21541\/revisions"}],"wp:featuredmedia":[{"embeddable":true,"href":"https:\/\/guialimeira.com.br\/news\/wp-json\/wp\/v2\/media\/17934"}],"wp:attachment":[{"href":"https:\/\/guialimeira.com.br\/news\/wp-json\/wp\/v2\/media?parent=21541"}],"wp:term":[{"taxonomy":"category","embeddable":true,"href":"https:\/\/guialimeira.com.br\/news\/wp-json\/wp\/v2\/categories?post=21541"},{"taxonomy":"post_tag","embeddable":true,"href":"https:\/\/guialimeira.com.br\/news\/wp-json\/wp\/v2\/tags?post=21541"}],"curies":[{"name":"wp","href":"https:\/\/api.w.org\/{rel}","templated":true}]}}