{"id":2152,"date":"2024-04-20T03:47:49","date_gmt":"2024-04-20T06:47:49","guid":{"rendered":"https:\/\/guialimeira.com.br\/2024\/04\/20\/engenho-central-ganha-centro-de-informacoes-turisticas-portal-do-municipio-de-piracicaba\/"},"modified":"2024-04-20T03:47:49","modified_gmt":"2024-04-20T06:47:49","slug":"engenho-central-ganha-centro-de-informacoes-turisticas-portal-do-municipio-de-piracicaba","status":"publish","type":"post","link":"https:\/\/guialimeira.com.br\/news\/engenho-central-ganha-centro-de-informacoes-turisticas-portal-do-municipio-de-piracicaba\/","title":{"rendered":"Engenho Central ganha Centro de Informa\u00e7\u00f5es Tur\u00edsticas \u2013 Portal do Munic\u00edpio de Piracicaba"},"content":{"rendered":"<p> <br \/>\n<\/p>\n<div itemprop=\"articleBody\">\n<div class=\"m-auto col-lg-8\">\n<figure class=\"text-center\">\n          <img data-recalc-dims=\"1\" width=\"696\" height=\"522\" src=\"https:\/\/i0.wp.com\/piracicaba.sp.gov.br\/wp-content\/uploads\/2024\/04\/O-equipamento-funciona-apenas-aos-sabados-e-domingo-das-8h-as-18h-1024x768.jpeg?resize=696%2C522&#038;ssl=1\" class=\"img-fluid img-thumbnail border-1 wp-post-image\" alt=\"O equipamento funciona apenas aos s\u00e1bados e domingo, das 8h \u00e0s 18h\" itemprop=\"image\" decoding=\"async\" fetchpriority=\"high\" srcset=\"https:\/\/piracicaba.sp.gov.br\/wp-content\/uploads\/2024\/04\/O-equipamento-funciona-apenas-aos-sabados-e-domingo-das-8h-as-18h-1024x768.jpeg 1024w, https:\/\/piracicaba.sp.gov.br\/wp-content\/uploads\/2024\/04\/O-equipamento-funciona-apenas-aos-sabados-e-domingo-das-8h-as-18h-300x225.jpeg 300w, https:\/\/piracicaba.sp.gov.br\/wp-content\/uploads\/2024\/04\/O-equipamento-funciona-apenas-aos-sabados-e-domingo-das-8h-as-18h-768x576.jpeg 768w, https:\/\/piracicaba.sp.gov.br\/wp-content\/uploads\/2024\/04\/O-equipamento-funciona-apenas-aos-sabados-e-domingo-das-8h-as-18h-1536x1152.jpeg 1536w, https:\/\/piracicaba.sp.gov.br\/wp-content\/uploads\/2024\/04\/O-equipamento-funciona-apenas-aos-sabados-e-domingo-das-8h-as-18h.jpeg 2048w\" sizes=\"(max-width: 1024px) 100vw, 1024px\"\/><figcaption class=\"text-center small fw-bold fst-italic mt-1\">O equipamento funciona apenas aos s\u00e1bados e domingo, das 8h \u00e0s 18h<\/figcaption><\/figure>\n<p>O Parque do Engenho Central acaba de ganhar um Centro de Informa\u00e7\u00f5es Tur\u00edsticas, localizado no Armaz\u00e9m 8, rec\u00e9m-denominado Cl\u00e1udia Zambello Woltzenlogel Paleo. O equipamento, inicialmente, funciona apenas aos s\u00e1bados e domingos, das 8h \u00e0s 18h.<\/p>\n<p>Aos fins de semana, o Centro de Informa\u00e7\u00f5es Tur\u00edsticas contar\u00e1 com um funcion\u00e1rio da Semac (Secretaria Municipal da A\u00e7\u00e3o Cultural), que\u00a0pode\u00a0falar sobre a programa\u00e7\u00e3o semanal da pasta e sobre espa\u00e7os do Engenho Central. Tamb\u00e9m conta com folhetos\u00a0sobre\u00a0equipamentos da Prefeitura de Piracicaba, fornecidos pela\u00a0Semdettur\u00a0(Secretaria de Desenvolvimento Econ\u00f4mico, Trabalho e Turismo).<\/p>\n<figure class=\"wp-block-image size-large\"><img data-recalc-dims=\"1\" loading=\"lazy\" decoding=\"async\" width=\"696\" height=\"522\" src=\"https:\/\/i0.wp.com\/piracicaba.sp.gov.br\/wp-content\/uploads\/2024\/04\/Um-funcionario-municipal-estara-sempre-no-local-1024x768.jpeg?resize=696%2C522&#038;ssl=1\" alt=\"Um funcion\u00e1rio municipal estar\u00e1 sempre no local\" class=\"wp-image-77413\" srcset=\"https:\/\/piracicaba.sp.gov.br\/wp-content\/uploads\/2024\/04\/Um-funcionario-municipal-estara-sempre-no-local-1024x768.jpeg 1024w, https:\/\/piracicaba.sp.gov.br\/wp-content\/uploads\/2024\/04\/Um-funcionario-municipal-estara-sempre-no-local-300x225.jpeg 300w, https:\/\/piracicaba.sp.gov.br\/wp-content\/uploads\/2024\/04\/Um-funcionario-municipal-estara-sempre-no-local-768x576.jpeg 768w, https:\/\/piracicaba.sp.gov.br\/wp-content\/uploads\/2024\/04\/Um-funcionario-municipal-estara-sempre-no-local-1536x1152.jpeg 1536w, https:\/\/piracicaba.sp.gov.br\/wp-content\/uploads\/2024\/04\/Um-funcionario-municipal-estara-sempre-no-local.jpeg 2048w\" sizes=\"auto, (max-width: 1024px) 100vw, 1024px\"\/><figcaption class=\"wp-element-caption\"><strong><em>Um funcion\u00e1rio municipal estar\u00e1 sempre no local<\/em><\/strong><\/figcaption><\/figure>\n<p>O Centro de Informa\u00e7\u00f5es Tur\u00edsticas ainda conta com um espa\u00e7o multiuso, que atualmente \u00e9 ocupado pela exposi\u00e7\u00e3o Fran Pelo Mundo, com registros fotogr\u00e1ficos in\u00e9ditos de Fran Camargo, um dos pioneiros do fotojornalismo piracicabano que faleceu em agosto de 2023, aos 66 anos.<\/p>\n<p>A passeio pelo Engenho Central, Graciele Moretti, de 46 anos, de Indaiatuba, trouxe os pais para conhecer Piracicaba e utilizou o Centro de Informa\u00e7\u00f5es Tur\u00edsticas para saber mais sobre o complexo e outros pontos da cidade.<\/p>\n<p>\u201c\u00c9 a nossa primeira vez no Engenho Central. \u00c9\u00a0superimportante\u00a0ter um espa\u00e7o assim num complexo tur\u00edstico. Como n\u00f3s, pessoas chegam de outras cidades, n\u00e3o conhecem\u00a0nada e com um centro de informa\u00e7\u00f5es assim fica mais f\u00e1cil saber o que visitar, onde ir e os hor\u00e1rios corretos\u201d, ela destaca.<\/p>\n<figure class=\"wp-block-image size-large\"><img data-recalc-dims=\"1\" loading=\"lazy\" decoding=\"async\" width=\"696\" height=\"522\" src=\"https:\/\/i0.wp.com\/piracicaba.sp.gov.br\/wp-content\/uploads\/2024\/04\/Centro-funciona-no-Armazem-8-do-Engenho-Central-1024x768.jpeg?resize=696%2C522&#038;ssl=1\" alt=\"Centro funciona no Armaz\u00e9m 8 do Engenho Central\" class=\"wp-image-77412\" srcset=\"https:\/\/piracicaba.sp.gov.br\/wp-content\/uploads\/2024\/04\/Centro-funciona-no-Armazem-8-do-Engenho-Central-1024x768.jpeg 1024w, https:\/\/piracicaba.sp.gov.br\/wp-content\/uploads\/2024\/04\/Centro-funciona-no-Armazem-8-do-Engenho-Central-300x225.jpeg 300w, https:\/\/piracicaba.sp.gov.br\/wp-content\/uploads\/2024\/04\/Centro-funciona-no-Armazem-8-do-Engenho-Central-768x576.jpeg 768w, https:\/\/piracicaba.sp.gov.br\/wp-content\/uploads\/2024\/04\/Centro-funciona-no-Armazem-8-do-Engenho-Central-1536x1152.jpeg 1536w, https:\/\/piracicaba.sp.gov.br\/wp-content\/uploads\/2024\/04\/Centro-funciona-no-Armazem-8-do-Engenho-Central.jpeg 2048w\" sizes=\"auto, (max-width: 1024px) 100vw, 1024px\"\/><figcaption class=\"wp-element-caption\"><strong><em>Centro funciona no Armaz\u00e9m 8 do Engenho Central<\/em><\/strong><\/figcaption><\/figure>\n<\/p><\/div>\n<\/p><\/div>\n<p><br \/>\n<br \/><a href=\"https:\/\/piracicaba.sp.gov.br\/noticias\/engenho-central-ganha-centro-de-informacoes-turisticas\/\" rel=\"noopener\">Informa\u00e7\u00f5es PMP <\/a><\/p>\n","protected":false},"excerpt":{"rendered":"<p>O equipamento funciona apenas aos s\u00e1bados e domingo, das 8h \u00e0s 18h O Parque do Engenho Central acaba de ganhar um Centro de Informa\u00e7\u00f5es Tur\u00edsticas, localizado no Armaz\u00e9m 8, rec\u00e9m-denominado Cl\u00e1udia Zambello Woltzenlogel Paleo. O equipamento, inicialmente, funciona apenas aos s\u00e1bados e domingos, das 8h \u00e0s 18h. Aos fins de semana, o Centro de Informa\u00e7\u00f5es [&hellip;]<\/p>\n","protected":false},"author":1,"featured_media":2153,"comment_status":"open","ping_status":"open","sticky":false,"template":"","format":"standard","meta":{"_jetpack_newsletter_access":"","_jetpack_dont_email_post_to_subs":false,"_jetpack_newsletter_tier_id":0,"_jetpack_memberships_contains_paywalled_content":false,"_mbp_banners":[],"_jetpack_feature_clip_id":0,"_jetpack_memberships_contains_paid_content":false,"footnotes":"","jetpack_publicize_message":"","jetpack_publicize_feature_enabled":true,"jetpack_social_post_already_shared":true,"jetpack_social_options":{"image_generator_settings":{"template":"highway","default_image_id":0,"font":"","enabled":false},"version":2},"jetpack_post_was_ever_published":false},"categories":[20],"tags":[],"class_list":["post-2152","post","type-post","status-publish","format-standard","has-post-thumbnail","category-regiao"],"jetpack_publicize_connections":[],"jetpack-related-posts":[],"jetpack_shortlink":"https:\/\/wp.me\/p7Eq1F-yI","jetpack_sharing_enabled":true,"jetpack_featured_media_url":"https:\/\/i0.wp.com\/guialimeira.com.br\/news\/wp-content\/uploads\/2024\/04\/O-equipamento-funciona-apenas-aos-sabados-e-domingo-das-8h-as-18h.jpeg?fit=2048%2C1536&ssl=1","_links":{"self":[{"href":"https:\/\/guialimeira.com.br\/news\/wp-json\/wp\/v2\/posts\/2152","targetHints":{"allow":["GET"]}}],"collection":[{"href":"https:\/\/guialimeira.com.br\/news\/wp-json\/wp\/v2\/posts"}],"about":[{"href":"https:\/\/guialimeira.com.br\/news\/wp-json\/wp\/v2\/types\/post"}],"author":[{"embeddable":true,"href":"https:\/\/guialimeira.com.br\/news\/wp-json\/wp\/v2\/users\/1"}],"replies":[{"embeddable":true,"href":"https:\/\/guialimeira.com.br\/news\/wp-json\/wp\/v2\/comments?post=2152"}],"version-history":[{"count":0,"href":"https:\/\/guialimeira.com.br\/news\/wp-json\/wp\/v2\/posts\/2152\/revisions"}],"wp:featuredmedia":[{"embeddable":true,"href":"https:\/\/guialimeira.com.br\/news\/wp-json\/wp\/v2\/media\/2153"}],"wp:attachment":[{"href":"https:\/\/guialimeira.com.br\/news\/wp-json\/wp\/v2\/media?parent=2152"}],"wp:term":[{"taxonomy":"category","embeddable":true,"href":"https:\/\/guialimeira.com.br\/news\/wp-json\/wp\/v2\/categories?post=2152"},{"taxonomy":"post_tag","embeddable":true,"href":"https:\/\/guialimeira.com.br\/news\/wp-json\/wp\/v2\/tags?post=2152"}],"curies":[{"name":"wp","href":"https:\/\/api.w.org\/{rel}","templated":true}]}}