{"id":21513,"date":"2025-01-23T13:43:14","date_gmt":"2025-01-23T16:43:14","guid":{"rendered":"https:\/\/guialimeira.com.br\/2025\/01\/23\/conab-aponta-queda-de-preco-da-batata-e-alta-da-cebola-e-tomate\/"},"modified":"2025-01-23T13:43:14","modified_gmt":"2025-01-23T16:43:14","slug":"conab-aponta-queda-de-preco-da-batata-e-alta-da-cebola-e-tomate","status":"publish","type":"post","link":"https:\/\/guialimeira.com.br\/news\/conab-aponta-queda-de-preco-da-batata-e-alta-da-cebola-e-tomate\/","title":{"rendered":"Conab aponta queda de pre\u00e7o da batata e alta da cebola e tomate"},"content":{"rendered":"<p> <br \/>\n<\/p>\n<div>\n<p>O Boletim do Programa Brasileiro de Moderniza\u00e7\u00e3o do Mercado Hortigranjeiro (Prohort), divulgado nesta quinta-feira (23) pela Companhia Nacional de Abastecimento (Conab), mostra que, em dezembro, houve alta de pre\u00e7os da cebola, cenoura e tomate e baixa da batata.\u00a0<img data-recalc-dims=\"1\" decoding=\"async\" src=\"https:\/\/i0.wp.com\/agenciabrasil.ebc.com.br\/ebc.png?w=696&#038;ssl=1\" style=\"width:1px; height:1px; display:inline;\"\/><img data-recalc-dims=\"1\" decoding=\"async\" src=\"https:\/\/i0.wp.com\/agenciabrasil.ebc.com.br\/ebc.gif?w=696&#038;ssl=1\" style=\"width:1px; height:1px; display:inline;\"\/><\/p>\n<p>Ao monitorar os itens de consumo das fam\u00edlias, a exemplo do que faz quando forma estoques de gr\u00e3os, a Conab cumpre uma de suas fun\u00e7\u00f5es b\u00e1sicas, que \u00e9 a de garantir pre\u00e7os que, ao mesmo tempo, garantam a lucratividade dos produtores e sejam acess\u00edveis aos consumidores.<\/p>\n<p>De acordo com o boletim, a batata vinha apresentando redu\u00e7\u00f5es constantes de pre\u00e7o desde julho de 2024. Em novembro, chegou a reagir, apresentando aumento devido \u00e0 menor oferta, mas em dezembro os pre\u00e7os praticados voltaram a cair \u201cde maneira significativa\u201d.<\/p>\n<p>\u201cA m\u00e9dia ponderada de pre\u00e7o dentre as Ceasas caiu 27,33% em rela\u00e7\u00e3o \u00e0 m\u00e9dia de novembro. A maior oferta paranaense em dezembro foi a raz\u00e3o da baixa nos pre\u00e7os\u201d, justificou a companhia.<\/p>\n<p>No caso da cebola, a transi\u00e7\u00e3o da safra no mercado fez com que o produto voltasse a subir ap\u00f3s longo per\u00edodo de queda. \u201cEm dezembro, configurou-se a nova distribui\u00e7\u00e3o da produ\u00e7\u00e3o de cebola no pa\u00eds. A partir de ent\u00e3o, a Regi\u00e3o Sul passou a ser o principal ofertante dos mercados\u201d, explica a Conab.<\/p>\n<p>Pelo segundo m\u00eas consecutivo, a cenoura apresentou alta de pre\u00e7os na maioria das Ceasas. Essa alta se deve, segundo a Conab, a \u201ccerta concentra\u00e7\u00e3o de oferta em Minas Gerais, pois Bahia e Goi\u00e1s enviaram menores quantidades ao mercado\u201d.<\/p>\n<p>J\u00e1 o tomate registrou aumento ligeiramente acima de 18% em dezembro, na compara\u00e7\u00e3o com novembro, na m\u00e9dia ponderada. Segundo a Conab, isso se deve \u00e0 \u201coferta abundante\u201d registrada no segundo semestre do ano passado, o que provocou redu\u00e7\u00e3o de pre\u00e7os, o que, mais recentemente, acabou sendo revertido.<\/p>\n<h2>Frutas<\/h2>\n<p>Entre as frutas, a Conab observou alta nos pre\u00e7os da banana, da ma\u00e7\u00e3 e da melancia e queda na laranja e mam\u00e3o.<\/p>\n<p>A banana apresentou cota\u00e7\u00f5es elevadas pela queda da oferta, enquanto a ma\u00e7\u00e3 apresentou alta de pre\u00e7os e queda de comercializa\u00e7\u00e3o. Os estoques est\u00e3o praticamente finalizados, e as cota\u00e7\u00f5es acabaram por pressionar alta, apesar da demanda est\u00e1vel e da concorr\u00eancia com as frutas de fim de ano.<\/p>\n<p>No caso da melancia, foram observadas oscila\u00e7\u00f5es das cota\u00e7\u00f5es e queda da comercializa\u00e7\u00e3o, \u201cem parte por causa da demanda estagnada em alguns centros consumidores devido \u00e0 presen\u00e7a de chuvas e queda das temperaturas\u201d.<\/p>\n<p>O pre\u00e7o cobrado pela laranja apresentou queda, mas ainda encontra-se elevado. No caso do mam\u00e3o, foi verificada queda da comercializa\u00e7\u00e3o nas Ceasas e eleva\u00e7\u00e3o das cota\u00e7\u00f5es. O resultado decorre, segundo a Conab, de uma queda na colheita das variedades papaia e formosa.<\/p>\n<p>      <!-- Relacionada --><\/p>\n<p>            <!-- Relacionada -->\n    <\/div>\n<p><br \/>\n<br \/><a href=\"https:\/\/agenciabrasil.ebc.com.br\/economia\/noticia\/2025-01\/conab-aponta-queda-de-preco-da-batata-e-alta-da-cebola-e-tomate\" rel=\"noopener\">Ag\u00eancia Brasil<\/a><\/p>\n","protected":false},"excerpt":{"rendered":"<p>O Boletim do Programa Brasileiro de Moderniza\u00e7\u00e3o do Mercado Hortigranjeiro (Prohort), divulgado nesta quinta-feira (23) pela Companhia Nacional de Abastecimento (Conab), mostra que, em dezembro, houve alta de pre\u00e7os da cebola, cenoura e tomate e baixa da batata.\u00a0 Ao monitorar os itens de consumo das fam\u00edlias, a exemplo do que faz quando forma estoques de [&hellip;]<\/p>\n","protected":false},"author":1,"featured_media":21514,"comment_status":"open","ping_status":"open","sticky":false,"template":"","format":"standard","meta":{"_jetpack_newsletter_access":"","_jetpack_dont_email_post_to_subs":false,"_jetpack_newsletter_tier_id":0,"_jetpack_memberships_contains_paywalled_content":false,"_mbp_banners":[],"_jetpack_feature_clip_id":0,"_jetpack_memberships_contains_paid_content":false,"footnotes":"","jetpack_publicize_message":"","jetpack_publicize_feature_enabled":true,"jetpack_social_post_already_shared":true,"jetpack_social_options":{"image_generator_settings":{"template":"highway","default_image_id":0,"font":"","enabled":false},"version":2},"jetpack_post_was_ever_published":false},"categories":[24],"tags":[],"class_list":["post-21513","post","type-post","status-publish","format-standard","has-post-thumbnail","category-economia"],"jetpack_publicize_connections":[],"jetpack-related-posts":[],"jetpack_shortlink":"https:\/\/wp.me\/p7Eq1F-5AZ","jetpack_sharing_enabled":true,"jetpack_featured_media_url":"https:\/\/i0.wp.com\/guialimeira.com.br\/news\/wp-content\/uploads\/2025\/01\/raf07535.jpg?fit=1600%2C800&ssl=1","_links":{"self":[{"href":"https:\/\/guialimeira.com.br\/news\/wp-json\/wp\/v2\/posts\/21513","targetHints":{"allow":["GET"]}}],"collection":[{"href":"https:\/\/guialimeira.com.br\/news\/wp-json\/wp\/v2\/posts"}],"about":[{"href":"https:\/\/guialimeira.com.br\/news\/wp-json\/wp\/v2\/types\/post"}],"author":[{"embeddable":true,"href":"https:\/\/guialimeira.com.br\/news\/wp-json\/wp\/v2\/users\/1"}],"replies":[{"embeddable":true,"href":"https:\/\/guialimeira.com.br\/news\/wp-json\/wp\/v2\/comments?post=21513"}],"version-history":[{"count":0,"href":"https:\/\/guialimeira.com.br\/news\/wp-json\/wp\/v2\/posts\/21513\/revisions"}],"wp:featuredmedia":[{"embeddable":true,"href":"https:\/\/guialimeira.com.br\/news\/wp-json\/wp\/v2\/media\/21514"}],"wp:attachment":[{"href":"https:\/\/guialimeira.com.br\/news\/wp-json\/wp\/v2\/media?parent=21513"}],"wp:term":[{"taxonomy":"category","embeddable":true,"href":"https:\/\/guialimeira.com.br\/news\/wp-json\/wp\/v2\/categories?post=21513"},{"taxonomy":"post_tag","embeddable":true,"href":"https:\/\/guialimeira.com.br\/news\/wp-json\/wp\/v2\/tags?post=21513"}],"curies":[{"name":"wp","href":"https:\/\/api.w.org\/{rel}","templated":true}]}}