{"id":21504,"date":"2025-01-23T12:42:14","date_gmt":"2025-01-23T15:42:14","guid":{"rendered":"https:\/\/guialimeira.com.br\/2025\/01\/23\/setor-de-maquinas-de-construcao-tem-alta-de-222-nas-vendas-em-2024\/"},"modified":"2025-01-23T12:42:14","modified_gmt":"2025-01-23T15:42:14","slug":"setor-de-maquinas-de-construcao-tem-alta-de-222-nas-vendas-em-2024","status":"publish","type":"post","link":"https:\/\/guialimeira.com.br\/news\/setor-de-maquinas-de-construcao-tem-alta-de-222-nas-vendas-em-2024\/","title":{"rendered":"Setor de m\u00e1quinas de constru\u00e7\u00e3o tem alta de 22,2% nas vendas em 2024"},"content":{"rendered":"<p> <br \/>\n<\/p>\n<div>\n<p>As vendas no atacado do setor de m\u00e1quinas de constru\u00e7\u00e3o cresceram 22,4% em 2024 ao fechar o ano com 37.148 unidades comercializadas. Esse foi o segundo melhor per\u00edodo do segmento, segundo a Associa\u00e7\u00e3o Nacional dos Fabricantes de Ve\u00edculos Automotores (Anfavea), que projeta alta de 3% nas vendas para o ano de 2025. \u00c1rea engloba tratores de esteira, retroescavadeiras, p\u00e1s carregadeiras, escavadeiras hidr\u00e1ulicas, motoniveladoras, rolos compactadores, mini carregadeiras e manipuladores telesc\u00f3picos.<img data-recalc-dims=\"1\" decoding=\"async\" src=\"https:\/\/i0.wp.com\/agenciabrasil.ebc.com.br\/ebc.png?w=696&#038;ssl=1\" style=\"width:1px; height:1px; display:inline;\"\/><img data-recalc-dims=\"1\" decoding=\"async\" src=\"https:\/\/i0.wp.com\/agenciabrasil.ebc.com.br\/ebc.gif?w=696&#038;ssl=1\" style=\"width:1px; height:1px; display:inline;\"\/><\/p>\n<p>De acordo com o balan\u00e7o da entidade, o crescimento de vendas de m\u00e1quinas, teve participa\u00e7\u00e3o nas vendas, com aumento de 37% para 42%, puxado pela constru\u00e7\u00e3o civil. As exporta\u00e7\u00f5es ca\u00edram 12,5%, com 4.538 unidades. A expectativa para 2025 \u00e9 que se mantenha o volume.<\/p>\n<p>O setor de m\u00e1quinas agr\u00edcolas teve queda de 20% nas vendas com rela\u00e7\u00e3o a 2023, ao chegar nas 48,9 mil unidades comercializadas no atacado. A queda foi puxada principalmente pelas colheitadeiras. As exporta\u00e7\u00f5es de m\u00e1quinas agr\u00edcolas tiveram queda de 31%, com envios de 6 mil unidades, e dever\u00e3o crescer apenas 1% pelas proje\u00e7\u00f5es da entidade.<\/p>\n<h2>Importa\u00e7\u00f5es<\/h2>\n<p>Segundo a Anfavea, aten\u00e7\u00e3o no momento est\u00e1 voltada para as importa\u00e7\u00f5es, j\u00e1 que se crescimento acentuado dobrou o d\u00e9ficit na balan\u00e7a comercial em 2024, com mais de 55% das m\u00e1quinas importadas vindo da China e 26% da \u00cdndia. A participa\u00e7\u00e3o da China na importa\u00e7\u00e3o de m\u00e1quinas nas Am\u00e9ricas dobrou em 2024 de 20,7% para 43% em de constru\u00e7\u00e3o e de 7,7% para 12,7% em agr\u00edcolas.<\/p>\n<p>\u201cNos causa grande preocupa\u00e7\u00e3o o aumento da participa\u00e7\u00e3o das m\u00e1quinas importadas nas compras p\u00fablicas, com destaque para as empresas com menos de 20 empregados. Estamos levando ao poder p\u00fablico essa quest\u00e3o que prejudica o n\u00edvel de emprego no Brasil, a competitividade das nossas empresas, a inova\u00e7\u00e3o e at\u00e9 o atendimento dos clientes, que no final do processo sofrem com falta de uma rede confi\u00e1vel para assist\u00eancia t\u00e9cnica. O resumo \u00e9 que todos no pa\u00eds saem perdendo\u201d, avaliou o presidente da Anfavea, M\u00e1rcio de Lima Leite.<\/p>\n<p>      <!-- Relacionada --><\/p>\n<p>            <!-- Relacionada -->\n    <\/div>\n<p><br \/>\n<br \/><a href=\"https:\/\/agenciabrasil.ebc.com.br\/economia\/noticia\/2025-01\/setor-de-maquinas-de-construcao-tem-alta-de-222-nas-vendas-em-2024\" rel=\"noopener\">Ag\u00eancia Brasil<\/a><\/p>\n","protected":false},"excerpt":{"rendered":"<p>As vendas no atacado do setor de m\u00e1quinas de constru\u00e7\u00e3o cresceram 22,4% em 2024 ao fechar o ano com 37.148 unidades comercializadas. Esse foi o segundo melhor per\u00edodo do segmento, segundo a Associa\u00e7\u00e3o Nacional dos Fabricantes de Ve\u00edculos Automotores (Anfavea), que projeta alta de 3% nas vendas para o ano de 2025. \u00c1rea engloba tratores [&hellip;]<\/p>\n","protected":false},"author":1,"featured_media":21505,"comment_status":"open","ping_status":"open","sticky":false,"template":"","format":"standard","meta":{"_jetpack_newsletter_access":"","_jetpack_dont_email_post_to_subs":false,"_jetpack_newsletter_tier_id":0,"_jetpack_memberships_contains_paywalled_content":false,"_mbp_banners":[],"_jetpack_feature_clip_id":0,"_jetpack_memberships_contains_paid_content":false,"footnotes":"","jetpack_publicize_message":"","jetpack_publicize_feature_enabled":true,"jetpack_social_post_already_shared":true,"jetpack_social_options":{"image_generator_settings":{"template":"highway","default_image_id":0,"font":"","enabled":false},"version":2},"jetpack_post_was_ever_published":false},"categories":[24],"tags":[],"class_list":["post-21504","post","type-post","status-publish","format-standard","has-post-thumbnail","category-economia"],"jetpack_publicize_connections":[],"jetpack-related-posts":[],"jetpack_shortlink":"https:\/\/wp.me\/p7Eq1F-5AQ","jetpack_sharing_enabled":true,"jetpack_featured_media_url":"https:\/\/i0.wp.com\/guialimeira.com.br\/news\/wp-content\/uploads\/2025\/01\/17530596475_1135cb62d3_o.jpg?fit=1600%2C800&ssl=1","_links":{"self":[{"href":"https:\/\/guialimeira.com.br\/news\/wp-json\/wp\/v2\/posts\/21504","targetHints":{"allow":["GET"]}}],"collection":[{"href":"https:\/\/guialimeira.com.br\/news\/wp-json\/wp\/v2\/posts"}],"about":[{"href":"https:\/\/guialimeira.com.br\/news\/wp-json\/wp\/v2\/types\/post"}],"author":[{"embeddable":true,"href":"https:\/\/guialimeira.com.br\/news\/wp-json\/wp\/v2\/users\/1"}],"replies":[{"embeddable":true,"href":"https:\/\/guialimeira.com.br\/news\/wp-json\/wp\/v2\/comments?post=21504"}],"version-history":[{"count":0,"href":"https:\/\/guialimeira.com.br\/news\/wp-json\/wp\/v2\/posts\/21504\/revisions"}],"wp:featuredmedia":[{"embeddable":true,"href":"https:\/\/guialimeira.com.br\/news\/wp-json\/wp\/v2\/media\/21505"}],"wp:attachment":[{"href":"https:\/\/guialimeira.com.br\/news\/wp-json\/wp\/v2\/media?parent=21504"}],"wp:term":[{"taxonomy":"category","embeddable":true,"href":"https:\/\/guialimeira.com.br\/news\/wp-json\/wp\/v2\/categories?post=21504"},{"taxonomy":"post_tag","embeddable":true,"href":"https:\/\/guialimeira.com.br\/news\/wp-json\/wp\/v2\/tags?post=21504"}],"curies":[{"name":"wp","href":"https:\/\/api.w.org\/{rel}","templated":true}]}}